{"id":740582,"date":"2026-08-31T16:52:17","date_gmt":"2026-08-31T16:52:17","guid":{"rendered":"https:\/\/www.europesays.com\/es\/740582\/"},"modified":"2026-08-31T16:52:17","modified_gmt":"2026-08-31T16:52:17","slug":"el-valencia-cf-avanza-en-el-fichaje-de-harvey-elliot","status":"publish","type":"post","link":"https:\/\/www.europesays.com\/es\/740582\/","title":{"rendered":"El Valencia CF avanza en el fichaje de Harvey Elliot"},"content":{"rendered":"<p class=\"ft-text\">El <strong>mercado de fichajes entra en su fase decisiva<\/strong> a casi 24 horas de que termine el plazo. El <strong>Valencia CF contin\u00faa movi\u00e9ndose para apuntalar una plantilla a la que le faltan refuerzos<\/strong> m\u00e1s a\u00fan despu\u00e9s de la <a class=\"ft-link ft-link--decoration\" href=\"https:\/\/www.superdeporte.es\/valencia-cf\/2026\/08\/30\/analisis-corberan-derrota-depor-valencia-133787749.html\" target=\"_blank\" rel=\"nofollow noopener\">sonrojante derrota sufrida frente al RC Deportivo de A Coru\u00f1a en Riazor.<\/a> Si el equipo que dirige Carlos Corber\u00e1n ya quer\u00eda fichajes que elevaran en el nivel del grupo, l<strong>as tres jornadas sin ganar con las que ha iniciado el Valencia CF el curso <\/strong>han <a class=\"ft-link ft-link--decoration\" href=\"https:\/\/www.superdeporte.es\/valencia-cf\/2026\/08\/30\/valencia-cf-deportivo-a-coruna-opinion-peter-lim-verguenza-133788726.html\" rel=\"nofollow noopener\" target=\"_blank\">subido el nivel de alarma y de obligaci\u00f3n del club con este l\u00edmite de la ventana de traspasos.<\/a><\/p>\n<p class=\"ft-text\">Una de las mayores necesidades de la plantilla es en la parcela ofensiva, donde tan solo han anotado un gol en tres partidos. En estos \u00faltimos d\u00edas <a class=\"ft-link ft-link--decoration\" href=\"https:\/\/www.superdeporte.es\/valencia-cf\/2026\/08\/28\/valencia-cf-negocia-fichaje-harvey-elliot-133742271.html\" rel=\"nofollow noopener\" target=\"_blank\">se puso encima de la mesa el nombre de Harvey Elliot. <\/a>Durante el verano <strong>el Valencia CF hab\u00eda estado esperando por un regreso de Largie Ramazani.<\/strong> Sin embargo como adelant\u00f3 SUPER, <a class=\"ft-link ft-link--decoration\" href=\"https:\/\/www.superdeporte.es\/valencia-cf\/2026\/08\/31\/fichaje-ramazani-valencia-ofertas-premier-133801975.html\" rel=\"nofollow noopener\" target=\"_blank\">la opci\u00f3n del belga se estaba complicando<\/a>. En esas ha aparecido <strong>Elliot<\/strong>, que es la opci\u00f3n B a Ramazani por el que <strong>el Leeds United est\u00e1 pidiendo un traspaso para dejarle salir.<\/strong><\/p>\n<p><img decoding=\"async\" src=\"https:\/\/www.europesays.com\/es\/wp-content\/uploads\/2026\/08\/00657509-1417-436b-b10e-9a8a3cbb94dc_alta-libre-aspect-ratio_default_0.jpg\" width=\"1200\" height=\"676\" alt=\"Harvey Elliot - Inglaterra\" class=\"ft-helper-img-rd\" loading=\"lazy\" fetchpriority=\"auto\"\/><\/p>\n<p class=\"ft-helper-fontColor-quaternary ft-helper-fontSize-body-S ft-helper-spacer-t-xxs\">Harvey Elliot &#8211; Inglaterra  \/ SD<\/p>\n<p class=\"ft-text\">Respecto a la operaci\u00f3n por Elliot,<strong> el Valencia CF contaba con el benepl\u00e1cito del jugador<\/strong> con Carlos Corber\u00e1n como figura clave para convencer al del Liverpool de su papel en el proyecto en Mestalla. Una operaci\u00f3n complicada ya que <strong>el salario del jugador estaba lejos de los par\u00e1metros econ\u00f3micos <\/strong>que manejaba el Valencia CF. En las \u00faltimas horas <strong>el Liverpool y el club valencianista han avanzado<\/strong> y est\u00e1n intentando cerrar un acuerdo para la llegada de Elliot a LaLiga. A priori hay <strong>optimismo en que las negociaciones puedan llegar a buen puerto <\/strong>si se logra cuadrar el reparto salarial del jugador.<\/p>\n<p class=\"ft-text\">Elliot de 23 a\u00f1os, <strong>milita en el Liverpool FC<\/strong>, aunque la temporada pasada estuv<strong>o cedido en el Aston Villa de Unai Emery<\/strong>, donde solo disput\u00f3 <strong>ocho partidos.<\/strong><\/p>\n","protected":false},"excerpt":{"rendered":"El mercado de fichajes entra en su fase decisiva a casi 24 horas de que termine el plazo.&hellip;\n","protected":false},"author":2,"featured_media":740583,"comment_status":"","ping_status":"","sticky":false,"template":"","format":"standard","meta":{"footnotes":""},"categories":[268],"tags":[5843,8866,13103,168,13463,25,24,557,280,282,70202,1964,281,23,167,235,5419],"class_list":["post-740582","post","type-post","status-publish","format-standard","has-post-thumbnail","category-futbol","tag-a-coruna","tag-avanza","tag-cf","tag-deportes","tag-el-valencia","tag-es","tag-espana","tag-fichaje","tag-football","tag-futbol","tag-harvey","tag-mercado-de-fichajes","tag-soccer","tag-spain","tag-sports","tag-valencia","tag-valencia-cf"],"share_on_mastodon":{"url":"https:\/\/pubeurope.com\/@es\/117191164358196174","error":""},"_links":{"self":[{"href":"https:\/\/www.europesays.com\/es\/wp-json\/wp\/v2\/posts\/740582","targetHints":{"allow":["GET"]}}],"collection":[{"href":"https:\/\/www.europesays.com\/es\/wp-json\/wp\/v2\/posts"}],"about":[{"href":"https:\/\/www.europesays.com\/es\/wp-json\/wp\/v2\/types\/post"}],"author":[{"embeddable":true,"href":"https:\/\/www.europesays.com\/es\/wp-json\/wp\/v2\/users\/2"}],"replies":[{"embeddable":true,"href":"https:\/\/www.europesays.com\/es\/wp-json\/wp\/v2\/comments?post=740582"}],"version-history":[{"count":0,"href":"https:\/\/www.europesays.com\/es\/wp-json\/wp\/v2\/posts\/740582\/revisions"}],"wp:featuredmedia":[{"embeddable":true,"href":"https:\/\/www.europesays.com\/es\/wp-json\/wp\/v2\/media\/740583"}],"wp:attachment":[{"href":"https:\/\/www.europesays.com\/es\/wp-json\/wp\/v2\/media?parent=740582"}],"wp:term":[{"taxonomy":"category","embeddable":true,"href":"https:\/\/www.europesays.com\/es\/wp-json\/wp\/v2\/categories?post=740582"},{"taxonomy":"post_tag","embeddable":true,"href":"https:\/\/www.europesays.com\/es\/wp-json\/wp\/v2\/tags?post=740582"}],"curies":[{"name":"wp","href":"https:\/\/api.w.org\/{rel}","templated":true}]}}