{"id":740588,"date":"2026-08-31T16:57:17","date_gmt":"2026-08-31T16:57:17","guid":{"rendered":"https:\/\/www.europesays.com\/es\/740588\/"},"modified":"2026-08-31T16:57:17","modified_gmt":"2026-08-31T16:57:17","slug":"anders-colsefni-cantante-original-de-slipknot-esta-bien-con-no-haber-sido-el-vocalista-con-el-que-la-banda-se-hizo-famosa-trajeron-a-corey-taylor-mientras-yo-estaba-fuera-un-fin-de-semana","status":"publish","type":"post","link":"https:\/\/www.europesays.com\/es\/740588\/","title":{"rendered":"Anders Colsefni, cantante original de Slipknot, est\u00e1 \u00abbien\u00bb con no haber sido el vocalista con el que la banda se hizo famosa: \u00abTrajeron a Corey Taylor mientras yo estaba fuera un fin de semana\u00bb"},"content":{"rendered":"<p>La contundencia vocal de <strong>Anders Colsefni<\/strong>, cantante original de <a target=\"_blank\" href=\"https:\/\/slipknot1.com\/\" rel=\"nofollow noopener\"><strong>Slipknot<\/strong><\/a>, qued\u00f3 inmortalizada en <strong>\u2018Mate. Feed. Kill. Repeat.\u2019<\/strong> (1996), el primer lanzamiento de la formaci\u00f3n estadounidense. A pesar de este trabajo, su debut se considera el disco hom\u00f3nimo de 1999, con el que irrumpieron en la escena del g\u00e9nero y consolidaron su \u00e9xito con <strong>\u2018Iowa\u2019<\/strong> (2001), su segundo \u00e1lbum. Sin duda, <strong>Corey Taylor<\/strong> es el cantante con el que <strong>Slipknot<\/strong> despunt\u00f3 en la industria musical, algo con lo que Colsefni est\u00e1 \u201cbien\u201d. El m\u00fasico ha recordado que trajeron al m\u00edtico cantante mientras \u201cestaba fuera un fin de semana\u201d.<\/p>\n<p><strong>Anders Colsefni y su paso por Slipknot<\/strong><\/p>\n<p>El cantante ha hablado sobre este asunto durante una entrevista con <a target=\"_blank\" href=\"https:\/\/www.youtube.com\/watch?v=9hYLgJRurHY\" rel=\"nofollow noopener\"><strong>The Phase Remains The Same<\/strong>,<\/a> en la que puso sobre la mesa su recorrido en la banda, adem\u00e1s de abordar la situaci\u00f3n actual de la agrupaci\u00f3n. \u201cSoy un cantante de death metal de coraz\u00f3n, y ellos tuvieron la oportunidad de seguir adelante y hacer lo que est\u00e1n haciendo ahora porque pudieron hacer algunas canciones de radio que nada de lo que yo hiciera iba a sonar en la radio\u201d, declar\u00f3.<\/p>\n<p style=\"text-align: center;\">\n<p>\u201cYa lo sab\u00eda. Pero eso no era lo que yo pretend\u00eda. Pero el hecho de que eso terminara sucediendo, aunque termin\u00f3 aplastando mi esp\u00edritu por un tiempo, me hizo darme cuenta de que solo soy uno de una larga lista de cantantes originales que no fueron los que realmente hicieron famosa a la banda. Puedes empezar con Korn, por ejemplo\u201d.<\/p>\n<p>Tras esto, incidi\u00f3 en que se ha reconciliado con todo lo sucedido: \u201cMe tom\u00f3 un tiempo, pero lo acept\u00e9. Y ciertamente estoy bien ahora. No me arrepiento de nada. Solo hice lo que pude hacer bas\u00e1ndome en lo que estaba sucediendo en ese momento. Y si fue necesario traer a un cantante diferente para que una banda local de la que yo era parte saliera y tuviera tal impacto en la historia, estoy totalmente de acuerdo con eso\u201d.<\/p>\n<p>Aunque desvincularse de Slipknot ha desembocado en que no lleve una vida desahogada: \u201cNo estoy viviendo el estilo de vida del rock and roll como todos ellos. Todav\u00eda tengo que trabajar de 40 a 60 horas a la semana, hago todo lo normal y trato de encontrar tiempo para mi m\u00fasica despu\u00e9s, pero eso es lo que hace la mayor\u00eda. La mayor\u00eda de los m\u00fasicos hacen lo mismo. Solo unos pocos elegidos consiguen alzarse con el \u00e9xito\u201d.<\/p>\n<p style=\"text-align: center;\">\n<p>Durante\u00a0se le pregunt\u00f3 c\u00f3mo se termin\u00f3 grabando la compilaci\u00f3n<strong> \u2018Crowz\u2019<\/strong> con <strong>Anders Colsefni<\/strong> y Corey Taylor compartiendo las voces principales, explic\u00f3: \u201cNo fue una grabaci\u00f3n conjunta de Corey y yo. Fue justo despu\u00e9s de que le enviamos \u2018Mate. Feed. Kill. Repeat.\u2019 a Roadrunner, quer\u00edan saber hacia d\u00f3nde \u00edbamos. Nos dijeron: \u00abVale, este es un grupo de canciones muy inconexas que no tienen ning\u00fan sentido tangible juntas. Veamos qu\u00e9 direcci\u00f3n toman\u00bb. As\u00ed que las canciones de \u2018Crowz\u2019 eran nuestro material siguiente\u201d.<\/p>\n<p>Y explic\u00f3 por qu\u00e9 particip\u00f3 el actual cantante de Slipknot: \u201cLa \u00fanica raz\u00f3n por la que la voz de Corey est\u00e1 en alguna de ellas es porque lo trajeron mientras yo estaba fuera un fin de semana con mi familia para visitar a mi familia en Minnesota, y le pidieron que viniera a grabar voces sobre la m\u00eda o con la m\u00eda. Y cuando regres\u00e9, me lo vendieron como: \u00abOye, esto es lo que va a funcionar mejor. T\u00fa har\u00e1s los coros, y \u00e9l har\u00e1 la voz principal, porque necesitamos un l\u00edder\u00bb\u201d.<\/p>\n<p>Colsefni apoy\u00f3 esta decisi\u00f3n: \u201cEstuve de acuerdo. Necesitaban a alguien al frente con un micr\u00f3fono que no estuviera golpeando contra otra cosa. As\u00ed que, en realidad, las canciones de \u2018Crowz\u2019 fueron m\u00edas primero, luego trajeron a Corey para que las regrabara y despu\u00e9s se las vendieron a Roadrunner para que pudieran conseguir su contrato discogr\u00e1fico. Y no me arrepiento de nada\u201d.<\/p>\n<p style=\"text-align: center;\">\n<p>El que fuera cantante de Slipknot <a target=\"_blank\" href=\"https:\/\/mariskalrock.com\/actualidad\/asi-canta-hoy-el-primer-vocalista-de-slipknot-anders-colsefni-videos-de-su-concierto-celebrando-la-epoca-de-mate-feed-kill-repeat\/\" rel=\"nofollow noopener\"><strong>ofreci\u00f3 un espect\u00e1culo<\/strong><\/a> para celebrar el 30\u00ba aniversario de \u2018Mate. Feed. Kill. Repeat.\u2019 en un concierto especial en <strong>Wooly&#8217;s,<\/strong> en <strong>Des Moines, Iowa<\/strong> (Estados Unidos). <strong>The Crowz<\/strong>, nombre asociado a los primeros fans del grupo y a la etapa de transici\u00f3n entre el primer y el segundo disco, ya con Taylor\u00a0al frente de lo que podr\u00eda conocerse como la formaci\u00f3n cl\u00e1sica de la banda, fueron los m\u00fasicos que acompa\u00f1aron a Colsefni en esta actuaci\u00f3n de la que podemos ver varios v\u00eddeos.<\/p>\n<p style=\"text-align: center;\">\n<p>                         <a target=\"_blank\" href=\"http:\/\/www.mariskalrock.com\" class=\"url\" title=\"Alfonso Herreros\" rel=\"nofollow noopener\"> <img decoding=\"async\" src=\"https:\/\/www.europesays.com\/es\/wp-content\/uploads\/2026\/08\/1788195437_618_alfonso-herreros-foto-web.jpg\" class=\"photo\" width=\"250\" alt=\"Alfonso Herreros\"\/><\/a> <\/p>\n<p>Respiro a trav\u00e9s de un binomio que tiene al periodismo como vocaci\u00f3n y a la m\u00fasica como pasi\u00f3n. Cada d\u00eda soy obrero de lo que me gusta definir como literatura r\u00e1pida, desde el prisma del rock. Soy graduado en periodismo y comenc\u00e9 a desarrollar mi carrera en Radio Nacional de Espa\u00f1a y Radio 3.<\/p>\n<p> <a href=\"http:\/\/www.mariskalrock.com\" class=\"url\" target=\"_blank\" title=\"Alfonso Herreros\" rel=\"nofollow noopener\"><img decoding=\"async\" src=\"https:\/\/www.europesays.com\/es\/wp-content\/uploads\/2026\/08\/1788195437_618_alfonso-herreros-foto-web.jpg\" class=\"photo\" width=\"250\" alt=\"Alfonso Herreros\"\/><\/a>\u00daltimas entradas de Alfonso Herreros (<a target=\"_blank\" href=\"https:\/\/mariskalrock.com\/author\/alfonso-herreros\/\" rel=\"nofollow noopener\">ver todo<\/a>)  <\/p>\n","protected":false},"excerpt":{"rendered":"La contundencia vocal de Anders Colsefni, cantante original de Slipknot, qued\u00f3 inmortalizada en \u2018Mate. Feed. Kill. Repeat.\u2019 (1996),&hellip;\n","protected":false},"author":2,"featured_media":740589,"comment_status":"","ping_status":"","sticky":false,"template":"","format":"standard","meta":{"footnotes":""},"categories":[170],"tags":[131437,96492,146,147,25,24,131438,4622,184,185,3208,23],"class_list":["post-740588","post","type-post","status-publish","format-standard","has-post-thumbnail","category-musica","tag-anders-colsefni","tag-corey-taylor","tag-entertainment","tag-entretenimiento","tag-es","tag-espana","tag-mate-feed-kill-repeat","tag-mr2022","tag-music","tag-musica","tag-slipknot","tag-spain"],"share_on_mastodon":{"url":"https:\/\/pubeurope.com\/@es\/117191184386800891","error":""},"_links":{"self":[{"href":"https:\/\/www.europesays.com\/es\/wp-json\/wp\/v2\/posts\/740588","targetHints":{"allow":["GET"]}}],"collection":[{"href":"https:\/\/www.europesays.com\/es\/wp-json\/wp\/v2\/posts"}],"about":[{"href":"https:\/\/www.europesays.com\/es\/wp-json\/wp\/v2\/types\/post"}],"author":[{"embeddable":true,"href":"https:\/\/www.europesays.com\/es\/wp-json\/wp\/v2\/users\/2"}],"replies":[{"embeddable":true,"href":"https:\/\/www.europesays.com\/es\/wp-json\/wp\/v2\/comments?post=740588"}],"version-history":[{"count":0,"href":"https:\/\/www.europesays.com\/es\/wp-json\/wp\/v2\/posts\/740588\/revisions"}],"wp:featuredmedia":[{"embeddable":true,"href":"https:\/\/www.europesays.com\/es\/wp-json\/wp\/v2\/media\/740589"}],"wp:attachment":[{"href":"https:\/\/www.europesays.com\/es\/wp-json\/wp\/v2\/media?parent=740588"}],"wp:term":[{"taxonomy":"category","embeddable":true,"href":"https:\/\/www.europesays.com\/es\/wp-json\/wp\/v2\/categories?post=740588"},{"taxonomy":"post_tag","embeddable":true,"href":"https:\/\/www.europesays.com\/es\/wp-json\/wp\/v2\/tags?post=740588"}],"curies":[{"name":"wp","href":"https:\/\/api.w.org\/{rel}","templated":true}]}}