{"id":740590,"date":"2026-08-31T16:58:19","date_gmt":"2026-08-31T16:58:19","guid":{"rendered":"https:\/\/www.europesays.com\/es\/740590\/"},"modified":"2026-08-31T16:58:19","modified_gmt":"2026-08-31T16:58:19","slug":"un-documental-sigue-durante-cinco-anos-a-los-lobos-de-la-peninsula-donde-hay-lobos-y-ganado-habra-conflicto-hay-que-aprender-a-convivir","status":"publish","type":"post","link":"https:\/\/www.europesays.com\/es\/740590\/","title":{"rendered":"Un documental sigue durante cinco a\u00f1os a los lobos de la Pen\u00ednsula: \u00abDonde hay lobos y ganado habr\u00e1 conflicto, hay que aprender a convivir\u00bb"},"content":{"rendered":"<p class=\"ft-text ft-helper-closenews\">Despu\u00e9s de las tres primeras grandes <strong>expediciones por los Pirineos<\/strong>, el fot\u00f3grafo y documentalista <a class=\"ft-link ft-link--decoration\" href=\"https:\/\/www.elperiodico.com\/es\/sociedad\/20241215\/andoni-canela-lobos-cataluna-espana-entrevista-112587756\" rel=\"nofollow noopener\" target=\"_blank\">Andoni Canela<\/a> y su hija Amaia no hab\u00edan logrado avistar a ning\u00fan<strong> lobo<\/strong>. S\u00ed hab\u00edan tenido que afrontar largas caminatas, superar noches ventosas y lidiar con la escasez de comida en el monte. Pero los lobos, como era de esperar en <a class=\"ft-link ft-link--decoration\" href=\"https:\/\/www.elperiodico.com\/es\/sociedad\/20251110\/tres-lobeznos-juguetones-nuevas-manadas-123463254\" rel=\"nofollow noopener\" target=\"_blank\">un territorio de reciente colonizaci\u00f3n<\/a> y con todav\u00eda pocos ejemplares, segu\u00edan sin hacer acto de presencia.<\/p>\n<p class=\"ft-text\">Finalmente, durante la cuarta salida, el gran carn\u00edvoro apareci\u00f3. \u00abHab\u00edamos tenido momentos duros y esperas tediosas, y encontrar al lobo, que representa un esp\u00edritu salvaje e ind\u00f3mito que ha resistido los repetidos intentos de eliminaci\u00f3n, fue muy emocionante\u00bb, rememora<strong> Canela<\/strong> en conversaci\u00f3n con EL PERI\u00d3DICO. <\/p>\n<p>Reproductor de Vimeo<\/p>\n<p class=\"ft-text\">Esta an\u00e9cdota es solo uno de los instantes que forman parte del relato de paciencia y amor recogido en<strong> &#8216;Durmiendo con lobos&#8217;<\/strong>. La \u00faltima pel\u00edcula del naturalista, que se preestrena <a class=\"ft-link ft-link--decoration\" href=\"https:\/\/phenomena-experience.com\/index?pag=ficha&amp;evento=2993\" target=\"_blank\" rel=\"nofollow noopener\">el jueves 3 de septiembre en la sala Phenomena<\/a> de Barcelona, resume <strong>cinco a\u00f1os de rodaje <\/strong>detr\u00e1s del rastro de un animal esquivo, que, pese a <a class=\"ft-link ft-link--decoration\" href=\"https:\/\/www.elperiodico.com\/es\/sociedad\/20250307\/entra-vigor-rebaja-proteccion-lobo-115046886\" rel=\"nofollow noopener\" target=\"_blank\">dejar de estar protegido por Europa<\/a>, en los \u00faltimos a\u00f1os ha recuperado territorios de los que hab\u00eda desaparecido.<\/p>\n<p class=\"ft-text\">El proyecto arranc\u00f3 en plena pandemia, cuando <strong>Canela<\/strong> se pregunt\u00f3 cu\u00e1l deb\u00eda ser su siguiente trabajo en profundidad. Despu\u00e9s de encontrar a los grandes felinos del mundo acompa\u00f1ado por <a class=\"ft-link ft-link--decoration\" href=\"https:\/\/www.elperiodico.com\/es\/sociedad\/20250713\/pelicula-solo-groenlandia-unai-canela-oso-polar-buey-almizclero-119595696\" rel=\"nofollow noopener\" target=\"_blank\">su hijo Unai<\/a>, fue el turno de su hija Amaia, con quien Canela quiso regresar a los lobos, una especie emblem\u00e1tica de la Pen\u00ednsula que ya hab\u00eda fotografiado para un libro tambi\u00e9n llamado &#8216;Durmiendo con lobos&#8217;.<\/p>\n<p>Nueva distribuci\u00f3n<\/p>\n<p class=\"ft-text\">Sin embargo, desde las primeras im\u00e1genes obtenidas a las \u00faltimas, la situaci\u00f3n de este c\u00e1nido ha cambiado mucho. \u00abSu distribuci\u00f3n actual es incomparable con la de hace d\u00e9cadas: ahora tenemos siete manadas en la <strong>Comunidad de Madrid<\/strong>, ejemplares que han alcanzado<strong> Extremadura<\/strong> y una<strong> primera manada que ha criado en Catalunya<\/strong>\u00ab, explica. Esta manada, que a la espera de confirmaci\u00f3n oficial, parece ser que se ha reproducido de nuevo este verano, <a class=\"ft-link ft-link--decoration\" href=\"https:\/\/www.elperiodico.com\/es\/sociedad\/20251105\/nacen-crias-lobo-cataluna-reproduccion-alt-emporda-123386282\" rel=\"nofollow noopener\" target=\"_blank\">est\u00e1 ubicada entre la Alta Garrotxa y el Alt Empord\u00e0<\/a>. Pero cuando Canela y su hija empezaron a prospectar el terreno, se centraron en un punto m\u00e1s occidental de los<strong> Pirineos<\/strong>.<\/p>\n<p>&#8216;Durmiendo con lobos&#8217;<\/p>\n<p class=\"ft-text\">Direcci\u00f3n: Andoni Canela<\/p>\n<p class=\"ft-text\">Duraci\u00f3n: 93 minutos<\/p>\n<p class=\"ft-text\">Formato: 16:9 Digital 4K Sonido 5.1<\/p>\n<p class=\"ft-text\">Producci\u00f3n: Wanda Films<\/p>\n<p class=\"ft-text\">Amaia ten\u00eda solo diez a\u00f1os y su padre la avis\u00f3 de que habr\u00eda que caminar mucho. Recorrieron <strong>el Ripoll\u00e8s y el Bergued\u00e0<\/strong> y, despu\u00e9s, Canela dibuj\u00f3 mentalmente un <strong>gran tri\u00e1ngulo<\/strong>: <strong>desde Madrid hasta Galicia<\/strong> y, de all\u00ed, al extremo m\u00e1s oriental de la <strong>cordillera pirenaica<\/strong>. La intenci\u00f3n era buscar al animal tanto en sus bastiones hist\u00f3ricos como en los lugares de recolonizaci\u00f3n, como es el caso de los <strong>Monegros y Catalunya<\/strong>, dos puntos en los que padre e hija obtuvieron im\u00e1genes espectaculares.<\/p>\n<p><img decoding=\"async\" src=\"https:\/\/www.europesays.com\/es\/wp-content\/uploads\/2026\/08\/2cf27520-6a8c-4ada-afc3-361eb8d2c3e7_alta-libre-aspect-ratio_default_0_x750y281.jpg\" width=\"1200\" height=\"675\" alt=\"Un fotograma de la pel\u00edcula 'Durmiendo con lobos'.\" class=\"ft-helper-img-rd\" loading=\"lazy\" fetchpriority=\"auto\"\/><\/p>\n<p class=\"ft-helper-fontColor-quaternary ft-helper-fontSize-body-S ft-helper-spacer-t-xxs\">Un fotograma de la pel\u00edcula &#8216;Durmiendo con lobos&#8217;.  \/ Wanda Films (cedida)<\/p>\n<p class=\"ft-text\">\u00abHay muchos reportajes del lobo, pero tambi\u00e9n muchos <strong>t\u00f3picos, desconocimiento y bulos<\/strong> que hay que desmontar\u00bb, reivindica <strong>Canela <\/strong>que espera \u00abdespertar un af\u00e1n de protecci\u00f3n de la naturaleza\u00bb en los espectadores (tambi\u00e9n entre \u00ablos m\u00e1s j\u00f3venes\u00bb). <\/p>\n<p>Conflicto y pol\u00e9mica<\/p>\n<p class=\"ft-text\">Canela reconoce que con la vuelta del lobo tambi\u00e9n se reabre el debate sobre la <strong>dif\u00edcil coexistencia <\/strong>de la especie con la <strong>ganader\u00eda <\/strong>extensiva: \u00abDurante el rodaje hemos pasado tiempo con ganaderos, algunos convertidos en amigos, y he escuchado posiciones muy distintas\u00bb. \u00abS\u00e9 que donde hay <strong>lobos y ganado<\/strong> es imposible que no ocurran cosas, negarlo es falsear el problema porque los lobos son listos y buscan su oportunidad, pero debemos<strong> aprender a convivir c<\/strong>on ellos\u00bb, defiende. <\/p>\n<p class=\"ft-text\">Para remediarlo, propone reforzar al m\u00e1ximo las <strong>medidas de protecci\u00f3n <\/strong>y apostar por <strong>compensaciones \u00ab\u00e1giles y generosas\u00bb<\/strong>. La clave, para \u00e9l, es asumir que el problema existe y gestionarlo: \u00abDonde hay lobos y ganado, siempre va a haber conflicto\u00bb. Adem\u00e1s, como los lobos habitan ecosistemas muy diferentes, hay casos en los que su dieta depende de ungulados salvajes, principalmente, como sucede en el punto en el que se ha formado una manada en Catalunya. Pero al mismo tiempo, hay zonas en las que su alimentaci\u00f3n se basa en buena medida en animales dom\u00e9sticos. <\/p>\n<p><img decoding=\"async\" src=\"https:\/\/www.europesays.com\/es\/wp-content\/uploads\/2026\/08\/aafd670b-99a7-41de-80c0-f7d77b273e25_alta-libre-aspect-ratio_default_0_x1181y443.jpg\" width=\"1200\" height=\"675\" alt=\"Imagen de un lobo del largometraje dirigido por Andoni Canela.\" class=\"ft-helper-img-rd\" loading=\"lazy\" fetchpriority=\"auto\"\/><\/p>\n<p class=\"ft-helper-fontColor-quaternary ft-helper-fontSize-body-S ft-helper-spacer-t-xxs\">Imagen de un lobo del largometraje dirigido por Andoni Canela.  \/ Wanda Films (cedida)<\/p>\n<p class=\"ft-text\">A pesar de los costes pendientes de gestionar, el documental se centra en la observaci\u00f3n del lobo, una especie paraguas, y todo lo que sucede a su alrededor. <strong>Canela <\/strong>subraya el <strong>\u00abpapel ecol\u00f3gico\u00bb <\/strong>de la especie y se acerca a ella a trav\u00e9s de im\u00e1genes impresionantes, incluidos los paisajes.<strong> Ciervos, marmotas, conejos, ganado <\/strong>y decenas de otras especies se van sucediendo para aportar una mirada profunda sobre los ecosistemas que todav\u00eda conservan \u00abcierta vida salvaje\u00bb. Para Canela, esta es una de las funciones del largometraje: \u00abEs importante detenerse, descubrir relaciones que a menudo pasan desapercibidas y mostrar que la conservaci\u00f3n de una especie no puede desligarse de la del territorio\u00bb. <\/p>\n<p><img decoding=\"async\" src=\"https:\/\/www.europesays.com\/es\/wp-content\/uploads\/2026\/08\/e44e6fed-159a-49dd-84e1-e3a0380461de_alta-libre-aspect-ratio_default_0_x1081y405.jpg\" width=\"1200\" height=\"675\" alt=\"Uno de los ejemplares de lobo que aparece en la pel\u00edcula 'Durmiendo con lobos'.\" class=\"ft-helper-img-rd\" loading=\"lazy\" fetchpriority=\"auto\"\/><\/p>\n<p class=\"ft-helper-fontColor-quaternary ft-helper-fontSize-body-S ft-helper-spacer-t-xxs\">Uno de los ejemplares de lobo que aparece en la pel\u00edcula &#8216;Durmiendo con lobos&#8217;.  \/ Wanda Films (cedida)<\/p>\n<p class=\"ft-text\">\u00abLa pel\u00edcula es una <strong>ventana a la naturaleza<\/strong> y al respeto que debemos tener por el patrimonio natural\u00bb, afirma. Despu\u00e9s de siglos de persecuci\u00f3n, el lobo ha regresado a lugares de los que parec\u00eda haber desaparecido. \u00abEmocionarse ante su presencia tambi\u00e9n es una forma de empezar a protegerlo\u00bb, considera el fot\u00f3grafo.<\/p>\n<p data-close=\"closedContent\" class=\"subscribeHideForDisplay\">Suscr\u00edbete para seguir leyendo<\/p>\n","protected":false},"excerpt":{"rendered":"Despu\u00e9s de las tres primeras grandes expediciones por los Pirineos, el fot\u00f3grafo y documentalista Andoni Canela y su&hellip;\n","protected":false},"author":2,"featured_media":740591,"comment_status":"","ping_status":"","sticky":false,"template":"","format":"standard","meta":{"footnotes":""},"categories":[169],"tags":[131440,3685,210,177,131439,1800,146,147,25,24,131441,32510,176,1949,6688,175,131442,23],"class_list":["post-740590","post","type-post","status-publish","format-standard","has-post-thumbnail","category-cine","tag-andoni-canela","tag-animales","tag-barcelona","tag-cine","tag-durmiendo-con-lobos-documental-retrata-lobos-peninsula-iberica","tag-ecologia","tag-entertainment","tag-entretenimiento","tag-es","tag-espana","tag-especie-en-peligro-de-extincion","tag-especies","tag-film","tag-ganaderia","tag-medio-ambiente","tag-movies","tag-phenomena-sala","tag-spain"],"share_on_mastodon":{"url":"https:\/\/pubeurope.com\/@es\/117191187134947792","error":""},"_links":{"self":[{"href":"https:\/\/www.europesays.com\/es\/wp-json\/wp\/v2\/posts\/740590","targetHints":{"allow":["GET"]}}],"collection":[{"href":"https:\/\/www.europesays.com\/es\/wp-json\/wp\/v2\/posts"}],"about":[{"href":"https:\/\/www.europesays.com\/es\/wp-json\/wp\/v2\/types\/post"}],"author":[{"embeddable":true,"href":"https:\/\/www.europesays.com\/es\/wp-json\/wp\/v2\/users\/2"}],"replies":[{"embeddable":true,"href":"https:\/\/www.europesays.com\/es\/wp-json\/wp\/v2\/comments?post=740590"}],"version-history":[{"count":0,"href":"https:\/\/www.europesays.com\/es\/wp-json\/wp\/v2\/posts\/740590\/revisions"}],"wp:featuredmedia":[{"embeddable":true,"href":"https:\/\/www.europesays.com\/es\/wp-json\/wp\/v2\/media\/740591"}],"wp:attachment":[{"href":"https:\/\/www.europesays.com\/es\/wp-json\/wp\/v2\/media?parent=740590"}],"wp:term":[{"taxonomy":"category","embeddable":true,"href":"https:\/\/www.europesays.com\/es\/wp-json\/wp\/v2\/categories?post=740590"},{"taxonomy":"post_tag","embeddable":true,"href":"https:\/\/www.europesays.com\/es\/wp-json\/wp\/v2\/tags?post=740590"}],"curies":[{"name":"wp","href":"https:\/\/api.w.org\/{rel}","templated":true}]}}