{"id":74060,"date":"2025-08-26T18:49:12","date_gmt":"2025-08-26T18:49:12","guid":{"rendered":"https:\/\/www.europesays.com\/es\/74060\/"},"modified":"2025-08-26T18:49:12","modified_gmt":"2025-08-26T18:49:12","slug":"una-infeccion-obliga-a-mumbru-a-ser-hospitalizadoa-un-dia-de-empezar-el-eurobasket-con-alemania","status":"publish","type":"post","link":"https:\/\/www.europesays.com\/es\/74060\/","title":{"rendered":"Una infecci\u00f3n obliga a Mumbr\u00fa a ser hospitalizadoa un d\u00eda de empezar el Eurobasket con Alemania"},"content":{"rendered":"<p class=\"ft-text\">Alemania llega al Eurobasket como una de las claras favoritas a ganar el t\u00edtulo en su condici\u00f3n de vigente campeona del mundo, pero las cosas no empiezan bien para los germanos, ya que <a class=\"ft-link ft-link--decoration\" href=\"https:\/\/www.superdeporte.es\/valencia-basket\/2024\/08\/15\/mumbru-ambicion-valentia-tercer-salto-107028877.html\" rel=\"nofollow noopener\" target=\"_blank\"><strong>\u00c1lex Mumbr\u00fa no podr\u00e1 estar en el banquillo<\/strong><\/a><strong> al haber sido hospitalizado en Tampere (Finlandia)<\/strong>.<\/p>\n<p class=\"ft-text\">El exentrenador taronja sufre una infecci\u00f3n aguda y aunque la Federaci\u00f3n Alemana destaca que \u00abya se encuentra notablemente mejor\u00bb, se desconoce a\u00fan cu\u00e1ndo podr\u00e1 reincorporarse al equipo, aunque <strong>es segura su ausencia el debut de Alemania contra Montenegro este mi\u00e9rcoles a partir de las 15:30<\/strong>.<\/p>\n<p><img decoding=\"async\" src=\"https:\/\/www.europesays.com\/es\/wp-content\/uploads\/2025\/08\/fe5fed28-0a20-491e-9a28-92e6d4f3a204_alta-libre-aspect-ratio_default_0.jpg\" width=\"1200\" height=\"1773\" alt=\"\u00c1lberto Mumbr\u00fa, en el \u00faltimo amistoso ante Espa\u00f1a\" class=\"ft-helper-img-rd\" loading=\"lazy\" hasdataaida=\"true\"\/><\/p>\n<p class=\"ft-helper-fontColor-quaternary ft-helper-fontSize-body-S ft-helper-spacer-t-xxs\">\u00c1lberto Mumbr\u00fa, en el \u00faltimo amistoso ante Espa\u00f1a  \/ Alberto Nevado \/ FEB<\/p>\n<p class=\"ft-text\">En ausencia de <a class=\"ft-link ft-link--decoration\" href=\"https:\/\/www.acb.com\/jugador\/temporada-a-temporada\/id\/20200447\" rel=\"nofollow noopener\" target=\"_blank\">Mumbr\u00fa<\/a>, <strong>ser\u00e1 su ayudante Alan Ibrahimagic quien asumir\u00e1 sus funciones como seleccionador de Alemania<\/strong>, en una primera fase en la que, adem\u00e1s de a Montenegro, deber\u00e1n enfrentarse a Suecia, Lituania, Gran Breta\u00f1a y Finlandia, todas ellas en el Grupo B.<\/p>\n<p>Victorias recientes contra Espa\u00f1a<\/p>\n<p class=\"ft-text\">Cabe recordar que, en su camino hacia el Eurobasket, <a class=\"ft-link ft-link--decoration\" href=\"https:\/\/www.superdeporte.es\/valencia-basket\/2025\/08\/21\/buen-debut-alvaro-cardenas-derrota-120830900.html\" rel=\"nofollow noopener\" target=\"_blank\"><strong>Alemania se midi\u00f3 en dos amistosos a Espa\u00f1a<\/strong><\/a><strong>, con victorias en ambos casos<\/strong> para los de Mumbr\u00fa.<\/p>\n","protected":false},"excerpt":{"rendered":"Alemania llega al Eurobasket como una de las claras favoritas a ganar el t\u00edtulo en su condici\u00f3n de&hellip;\n","protected":false},"author":2,"featured_media":74061,"comment_status":"","ping_status":"","sticky":false,"template":"","format":"standard","meta":{"footnotes":""},"categories":[269],"tags":[1660,25677,299,298,5437,168,25,24,11969,301,8934,1373,7219,25164,689,23,167],"class_list":{"0":"post-74060","1":"post","2":"type-post","3":"status-publish","4":"format-standard","5":"has-post-thumbnail","7":"category-baloncesto","8":"tag-alemania","9":"tag-alex-mumbru","10":"tag-baloncesto","11":"tag-basketball","12":"tag-debut","13":"tag-deportes","14":"tag-es","15":"tag-espana","16":"tag-estara","17":"tag-eurobasket","18":"tag-hospitalizado","19":"tag-infeccion","20":"tag-montenegro","21":"tag-mumbru","22":"tag-no","23":"tag-spain","24":"tag-sports"},"share_on_mastodon":{"url":"","error":""},"_links":{"self":[{"href":"https:\/\/www.europesays.com\/es\/wp-json\/wp\/v2\/posts\/74060","targetHints":{"allow":["GET"]}}],"collection":[{"href":"https:\/\/www.europesays.com\/es\/wp-json\/wp\/v2\/posts"}],"about":[{"href":"https:\/\/www.europesays.com\/es\/wp-json\/wp\/v2\/types\/post"}],"author":[{"embeddable":true,"href":"https:\/\/www.europesays.com\/es\/wp-json\/wp\/v2\/users\/2"}],"replies":[{"embeddable":true,"href":"https:\/\/www.europesays.com\/es\/wp-json\/wp\/v2\/comments?post=74060"}],"version-history":[{"count":0,"href":"https:\/\/www.europesays.com\/es\/wp-json\/wp\/v2\/posts\/74060\/revisions"}],"wp:featuredmedia":[{"embeddable":true,"href":"https:\/\/www.europesays.com\/es\/wp-json\/wp\/v2\/media\/74061"}],"wp:attachment":[{"href":"https:\/\/www.europesays.com\/es\/wp-json\/wp\/v2\/media?parent=74060"}],"wp:term":[{"taxonomy":"category","embeddable":true,"href":"https:\/\/www.europesays.com\/es\/wp-json\/wp\/v2\/categories?post=74060"},{"taxonomy":"post_tag","embeddable":true,"href":"https:\/\/www.europesays.com\/es\/wp-json\/wp\/v2\/tags?post=74060"}],"curies":[{"name":"wp","href":"https:\/\/api.w.org\/{rel}","templated":true}]}}