{"id":740602,"date":"2026-08-31T17:04:18","date_gmt":"2026-08-31T17:04:18","guid":{"rendered":"https:\/\/www.europesays.com\/es\/740602\/"},"modified":"2026-08-31T17:04:18","modified_gmt":"2026-08-31T17:04:18","slug":"el-papa-recibe-a-la-comision-supervisora-del-hospital-fundado-por-padre-pio","status":"publish","type":"post","link":"https:\/\/www.europesays.com\/es\/740602\/","title":{"rendered":"El Papa recibe a la Comisi\u00f3n supervisora \u200b\u200bdel hospital fundado por Padre Pio"},"content":{"rendered":"<p>En la reuni\u00f3n celebrada esta ma\u00f1ana, 31 de agosto, en Castel Gandolfo, se examin\u00f3 la labor de la Comisi\u00f3n Supervisora \u200b\u200bde la Fundaci\u00f3n \u00abCasa Sollievo della Sofferenza\u00bb, establecida mediante decreto papal el pasado mes de mayo y que Le\u00f3n XIV sigue de cerca. Esta labor pretende continuar en la l\u00ednea de intervenci\u00f3n prevista para asegurar la continuidad y el futuro de la obra de San P\u00edo de Pietrelcina.<\/p>\n<p>Vatican News<\/p>\n<p>Esta ma\u00f1ana, 31 de agosto, el Papa Le\u00f3n XIV recibi\u00f3 en audiencia, en el Palacio Apost\u00f3lico de Castel Gandolfo, a la Comisi\u00f3n para la direcci\u00f3n y supervisi\u00f3n de la Fundaci\u00f3n \u201cCasa Sollievo della Sofferenza \u2013 Opera di San Pio da Pietrelcina, OFM Cap.\u201d, establecida mediante <a href=\"https:\/\/press.vatican.va\/content\/salastampa\/it\/bollettino\/pubblico\/2026\/05\/27\/0446\/00878.html\" target=\"_blank\" rel=\"external nofollow noopener\">decreto quirogr\u00e1fico de fecha 27 de mayo de 2026<\/a> .<\/p>\n<p>Al encuentro asistieron el presidente Maximino Caballero Ledo; el coordinador Fabio Gasperini; monse\u00f1or Paolo Rudelli, subsecretario de Estado; Monse\u00f1or Giordano Piccinotti, Presidente de APSA; y monse\u00f1or Giorgio Ferretti, arzobispo de Foggia-Bovino. Tambi\u00e9n asisti\u00f3 el secretario de la Comisi\u00f3n, Fabrizio Colaci.<\/p>\n<p>Durante la reuni\u00f3n, el Papa pudo repasar el progreso de la labor de la Comisi\u00f3n, prestando especial atenci\u00f3n al an\u00e1lisis de la situaci\u00f3n econ\u00f3mica y financiera de la Fundaci\u00f3n y a la identificaci\u00f3n de las soluciones m\u00e1s adecuadas para garantizar la sostenibilidad a largo plazo de la labor, con vistas a la revitalizaci\u00f3n del Hospital \u00abCasa Sollievo della Sofferenza\u00bb (Casa Alivio del Sufrimiento) en San Giovanni Rotondo.<\/p>\n<p>La Comisi\u00f3n deline\u00f3 las principales prioridades en las que se centra actualmente su labor: estabilizar las relaciones entre el personal; fortalecer la colaboraci\u00f3n con las instituciones p\u00fablicas italianas; garantizar los recursos necesarios; y reducir progresivamente los pasivos importantes. Estas actividades forman parte del mandato encomendado a la Comisi\u00f3n por el acuerdo fundacional, cuyo objetivo es restablecer la sostenibilidad e implementar el plan de recuperaci\u00f3n, preservando al mismo tiempo la continuidad de las operaciones del hospital y el carisma del fundador.<\/p>\n<p>El Papa Le\u00f3n XIV ha tomado nota con atenci\u00f3n del trabajo realizado por la Comisi\u00f3n hasta la fecha, confirmando su voluntad de supervisar de cerca los avances logrados. Por lo tanto, la Comisi\u00f3n continuar\u00e1 sus actividades conforme a su mandato, profundizando e implementando progresivamente las l\u00edneas de acci\u00f3n identificadas, con el fin de garantizar la continuidad y el futuro del Hospital y del Instituto fundado por San P\u00edo de Pietrelcina, al servicio de los enfermos y sus familias.<\/p>\n<p>    <img decoding=\"async\" src=\"data:image\/gif;base64,R0lGODlhAQABAIAAAAAAAP\/\/\/yH5BAEAAAAALAAAAAABAAEAAAIBRAA7\" data-original=\"https:\/\/www.vaticannews.va\/content\/dam\/vaticannews\/multimedia\/2026\/agosto\/31\/tom2780.jpg\/_jcr_content\/renditions\/cq5dam.thumbnail.cropped.750.422.jpeg\" alt=\"Audiencia del Papa con la Comisi\u00f3n Directiva y de Supervisi\u00f3n de la Fundaci\u00f3n &quot;Casa Sollievo della Sofferenza.&quot;\" title=\"Audiencia del Papa con la Comisi\u00f3n Directiva y de Supervisi\u00f3n de la Fundaci\u00f3n &quot;Casa Sollievo della Sofferenza.&quot;\"\/><\/p>\n<p>\n   Audiencia del Papa con la Comisi\u00f3n Directiva y de Supervisi\u00f3n de la Fundaci\u00f3n \u00abCasa Sollievo della Sofferenza.\u00bb\n  <\/p>\n","protected":false},"excerpt":{"rendered":"En la reuni\u00f3n celebrada esta ma\u00f1ana, 31 de agosto, en Castel Gandolfo, se examin\u00f3 la labor de la&hellip;\n","protected":false},"author":2,"featured_media":740603,"comment_status":"","ping_status":"","sticky":false,"template":"","format":"standard","meta":{"footnotes":""},"categories":[42],"tags":[2509,17,18,13,14,11,61,62,63,64,628,19,20,46183,9,10,15,16,400,12,21,22,65,66,67],"class_list":["post-740602","post","type-post","status-publish","format-standard","has-post-thumbnail","category-internacional","tag-audiencias","tag-breaking-news","tag-breakingnews","tag-featured-news","tag-featurednews","tag-headlines","tag-internacional","tag-international","tag-international-news","tag-internationalnews","tag-italia","tag-latest-news","tag-latestnews","tag-medicina-y-salud","tag-news","tag-noticias","tag-noticias-destacadas","tag-noticiasdestacadas","tag-papa-leon-xiv","tag-titulares","tag-ultimas-noticias","tag-ultimasnoticias","tag-world","tag-world-news","tag-worldnews"],"share_on_mastodon":{"url":"https:\/\/pubeurope.com\/@es\/117191210837051015","error":""},"_links":{"self":[{"href":"https:\/\/www.europesays.com\/es\/wp-json\/wp\/v2\/posts\/740602","targetHints":{"allow":["GET"]}}],"collection":[{"href":"https:\/\/www.europesays.com\/es\/wp-json\/wp\/v2\/posts"}],"about":[{"href":"https:\/\/www.europesays.com\/es\/wp-json\/wp\/v2\/types\/post"}],"author":[{"embeddable":true,"href":"https:\/\/www.europesays.com\/es\/wp-json\/wp\/v2\/users\/2"}],"replies":[{"embeddable":true,"href":"https:\/\/www.europesays.com\/es\/wp-json\/wp\/v2\/comments?post=740602"}],"version-history":[{"count":0,"href":"https:\/\/www.europesays.com\/es\/wp-json\/wp\/v2\/posts\/740602\/revisions"}],"wp:featuredmedia":[{"embeddable":true,"href":"https:\/\/www.europesays.com\/es\/wp-json\/wp\/v2\/media\/740603"}],"wp:attachment":[{"href":"https:\/\/www.europesays.com\/es\/wp-json\/wp\/v2\/media?parent=740602"}],"wp:term":[{"taxonomy":"category","embeddable":true,"href":"https:\/\/www.europesays.com\/es\/wp-json\/wp\/v2\/categories?post=740602"},{"taxonomy":"post_tag","embeddable":true,"href":"https:\/\/www.europesays.com\/es\/wp-json\/wp\/v2\/tags?post=740602"}],"curies":[{"name":"wp","href":"https:\/\/api.w.org\/{rel}","templated":true}]}}