{"id":740606,"date":"2026-08-31T17:06:10","date_gmt":"2026-08-31T17:06:10","guid":{"rendered":"https:\/\/www.europesays.com\/es\/740606\/"},"modified":"2026-08-31T17:06:10","modified_gmt":"2026-08-31T17:06:10","slug":"1-de-septiembre-apertura-de-plazo-para-solicitar-la-inactivacion-voluntaria-en-sipri","status":"publish","type":"post","link":"https:\/\/www.europesays.com\/es\/740606\/","title":{"rendered":"1 de septiembre: apertura de plazo para solicitar la inactivaci\u00f3n voluntaria en SIPRI"},"content":{"rendered":"<p>&#13;<br \/>\n&#13;<\/p>\n<p>De conformidad con el apartado 2.b. del art\u00edculo 48 de la <a href=\"https:\/\/www.juntadeandalucia.es\/boja\/2020\/116\/BOJA20-116-00229-6088-01_00173482.pdf\" rel=\"nofollow noopener\" target=\"_blank\">Orden de 10 de junio de 2020<\/a>, el personal integrante de las bolsas de trabajo podr\u00e1 solicitar, de forma voluntaria, pasar a la situaci\u00f3n de inactivo en la bolsa o bolsas que determine durante el primer trimestre. <strong>El plazo para la presentaci\u00f3n de solicitudes comienza a las cero horas del d\u00eda 1 de septiembre de 2026.<\/strong><\/p>\n<p>&#13;<br \/>\n&#13;<\/p>\n<p>Para acceder a la solicitud habr\u00e1 que autenticarse mediante certificado digital, usuario IdEA o a trav\u00e9s de localizador en la pesta\u00f1a \u00abAcceso\u00bb del <a href=\"https:\/\/www.juntadeandalucia.es\/educacion\/sipri\/inicio\/\" rel=\"nofollow noopener\" target=\"_blank\">portal del Sistema de Provisi\u00f3n de Interinidades (SIPRI)<\/a> de la Consejer\u00eda de Educaci\u00f3n, y en la pesta\u00f1a \u00abProcedimientos\u00bb elegir \u00abDeclararse inactivo\u00bb.<\/p>\n<p>&#13;<br \/>\n&#13;<\/p>\n<p>Una vez cumplimentada la solicitud, se ha de pulsar \u00abIr a firma\u00bb, elegir la opci\u00f3n de firma (Tarjeta DIPA, certificado digital o SMS) y pulsar \u00abFirmar y presentar\u00bb. Ello genera el documento como firmado y presentado, obteni\u00e9ndose una copia registrada y sellada que sirve como justificante de finalizaci\u00f3n correcta del proceso, la cual se recomienda guardar o imprimir.<\/p>\n<p>&#13;<br \/>\n&#13;<\/p>\n<p>Tanto el personal que tenga una sustituci\u00f3n vigente como aquel que est\u00e9 participando en una convocatoria abierta de SIPRI y resulte adjudicatario de un puesto pasar\u00e1n al estado de \u00abInactivo voluntario\u00bb solicitado cuando finalice la correspondiente sustituci\u00f3n.<\/p>\n<p>&#13;<br \/>\n&#13;<\/p>\n<p style=\"text-align:justify\">Sevilla, 31 de agosto de 2026.<\/p>\n<p>&#13;<br \/>\n&#13;<\/p>\n<p style=\"text-align:justify\"><strong>ANPE ANDALUC\u00cdA<\/strong><\/p>\n<p>&#13;<br \/>\n&#13;<\/p>\n<p style=\"text-align:justify\">\u00a0<\/p>\n<p>&#13;<br \/>\n&#13;<\/p>\n<p>\u00a0<\/p>\n<p>&#13;<br \/>\n&#13;<\/p>\n<p>\u00a0<\/p>\n<p>&#13;<br \/>\n&#13;<\/p>\n","protected":false},"excerpt":{"rendered":"&#13; &#13; De conformidad con el apartado 2.b. del art\u00edculo 48 de la Orden de 10 de junio&hellip;\n","protected":false},"author":2,"featured_media":740607,"comment_status":"","ping_status":"","sticky":false,"template":"","format":"standard","meta":{"footnotes":""},"categories":[5],"tags":[131443,17,18,25,24,13,14,11,19,20,9,10,15,16,23,12,21,22],"class_list":["post-740606","post","type-post","status-publish","format-standard","has-post-thumbnail","category-titulares","tag-1-de-septiembre-apertura-de-plazo-para-solicitar-la-inactivacion-voluntaria-en-sipri","tag-breaking-news","tag-breakingnews","tag-es","tag-espana","tag-featured-news","tag-featurednews","tag-headlines","tag-latest-news","tag-latestnews","tag-news","tag-noticias","tag-noticias-destacadas","tag-noticiasdestacadas","tag-spain","tag-titulares","tag-ultimas-noticias","tag-ultimasnoticias"],"share_on_mastodon":{"url":"https:\/\/pubeurope.com\/@es\/117191218611730231","error":""},"_links":{"self":[{"href":"https:\/\/www.europesays.com\/es\/wp-json\/wp\/v2\/posts\/740606","targetHints":{"allow":["GET"]}}],"collection":[{"href":"https:\/\/www.europesays.com\/es\/wp-json\/wp\/v2\/posts"}],"about":[{"href":"https:\/\/www.europesays.com\/es\/wp-json\/wp\/v2\/types\/post"}],"author":[{"embeddable":true,"href":"https:\/\/www.europesays.com\/es\/wp-json\/wp\/v2\/users\/2"}],"replies":[{"embeddable":true,"href":"https:\/\/www.europesays.com\/es\/wp-json\/wp\/v2\/comments?post=740606"}],"version-history":[{"count":0,"href":"https:\/\/www.europesays.com\/es\/wp-json\/wp\/v2\/posts\/740606\/revisions"}],"wp:featuredmedia":[{"embeddable":true,"href":"https:\/\/www.europesays.com\/es\/wp-json\/wp\/v2\/media\/740607"}],"wp:attachment":[{"href":"https:\/\/www.europesays.com\/es\/wp-json\/wp\/v2\/media?parent=740606"}],"wp:term":[{"taxonomy":"category","embeddable":true,"href":"https:\/\/www.europesays.com\/es\/wp-json\/wp\/v2\/categories?post=740606"},{"taxonomy":"post_tag","embeddable":true,"href":"https:\/\/www.europesays.com\/es\/wp-json\/wp\/v2\/tags?post=740606"}],"curies":[{"name":"wp","href":"https:\/\/api.w.org\/{rel}","templated":true}]}}