{"id":740630,"date":"2026-08-31T17:26:16","date_gmt":"2026-08-31T17:26:16","guid":{"rendered":"https:\/\/www.europesays.com\/es\/740630\/"},"modified":"2026-08-31T17:26:16","modified_gmt":"2026-08-31T17:26:16","slug":"la-historica-marca-riojana-de-vinos-paternina-ya-tiene-nuevo-dueno-por-mas-de-600-000-euros","status":"publish","type":"post","link":"https:\/\/www.europesays.com\/es\/740630\/","title":{"rendered":"La hist\u00f3rica marca riojana de vinos Paternina ya tiene nuevo due\u00f1o por m\u00e1s de 600.000 euros"},"content":{"rendered":"<p class=\"v-d-p\" style=\"\">La hist\u00f3rica firma riojana de vinos Federico Paternina tiene nuevo propietario. El proceso de liquidaci\u00f3n en el que se encontraba la bodega Marqu\u00e9s de la Concordia, propietaria de la ense\u00f1a riojana, ha finalizado en subasta y sus marcas m\u00e1s valoradas han sido adquiridas por potentes empresas del sector. Concretamente ha sido F\u00e9lix Solis la que se ha hecho con la marca Paternina, adem\u00e1s de Lagunilla y Rioja Santiago, ya que las tres formaban parte del mismo paquete de liquidaci\u00f3n.<\/p>\n<p class=\"v-d-p\" style=\"\">Federico Paternina, bodega fundada en 1896 en Ollauri y que en 1922 construy\u00f3 una gran instalaci\u00f3n en Haro, sufri\u00f3 una severa crisis en la segunda d\u00e9cada de este milenio. Cotiz\u00f3 en bolsa hasta 2009 y en 2013 fue adquirida por United Wineries, que posteriormente cambi\u00f3 su denominaci\u00f3n a Marqu\u00e9s de la Concordia. La compa\u00f1\u00eda entr\u00f3 recientemente en liquidaci\u00f3n y sus activos han salido a subasta, entre ellos sus importantes marcas.<\/p>\n<p class=\"v-d-p\" style=\"\">As\u00ed las cosas, F\u00e9lix Solis se ha hecho con el paquete formado por las marcas Federico Paternina, adem\u00e1s de Lagunilla y Rioja Santiago. La propia bodega manchega lo ha confirmado mediante un comunicado, aunque no ha revelado la cuant\u00eda que ha invertido en esa adquisici\u00f3n. Federico Paternina part\u00eda con el precio de salida m\u00e1s elevado, 600.000 euros, mientras que Lagunilla estaba valorada inicialmente en 300.000 euros y Rioja Santiago en 40.000.<\/p>\n<p class=\"v-d-p\" style=\"\">F\u00e9lix Sol\u00eds ha se\u00f1alado que esta operaci\u00f3n supone un \u00abnuevo paso\u00bb en la trayectoria de la compa\u00f1\u00eda y refuerza su apuesta por una de las principales regiones vitivin\u00edcolas espa\u00f1olas. La incorporaci\u00f3n de Paternina, Lagunilla y Rioja Santiago refuerza adem\u00e1s la posici\u00f3n de F\u00e9lix Sol\u00eds como uno de los principales grupos vitivin\u00edcolas espa\u00f1oles, con una presencia destacada en las principales zonas productoras del pa\u00eds y posiciones de liderazgo en Toro, Valdepe\u00f1as y Rueda.<\/p>\n<p class=\"v-d-p\" style=\"\">\u00abPara nosotros, incorporar Paternina, Lagunilla y Rioja Santiago supone mucho m\u00e1s que ampliar nuestro portfolio. Son tres nombres que forman parte de la historia del vino de La Rioja y que merecen seguir teniendo un papel relevante en el futuro de esta regi\u00f3n. Queremos aportar nuestra experiencia, nuestra capacidad comercial y visi\u00f3n internacional para poner en valor todo ese legado y ayudar a que estas marcas sigan creciendo y llegando a nuevos consumidores y mercados\u00bb, ha explicado el presidente y consejero delegado de la bodega, F\u00e9lix Sol\u00eds Y\u00e1\u00f1ez.<\/p>\n<p>\nMarqu\u00e9s de Concordia para Muriel Wines\n<\/p>\n<p class=\"v-d-p\" style=\"\">De esta forma, esta operaci\u00f3n se ha llevado a cabo en el procedimiento concursal de las sociedades United Wineries Estates, S.A., United Wineries, S.A. y Marqu\u00e9s de la Concordia Family of Wines, S.L., seg\u00fan explicaba IAG Auction, designada por la administraci\u00f3n concursal como firma especializada responsable de la gesti\u00f3n del proceso de venta, que se celebr\u00f3 de forma &#8216;online&#8217; a finales de julio.<\/p>\n<p class=\"v-d-p\" style=\"\">As\u00ed, la bodega Muriel Wines, que cuenta con marcas como Vi\u00f1a Muriel, Conde de los Andes o Valdecuriel, adquiri\u00f3 la marca Marqu\u00e9s de la Concordia y el conjunto de registros marcarios asociados. La bodega se\u00f1al\u00f3 que esta compra supone un \u00abnuevo paso\u00bb en la estrategia de crecimiento y diversificaci\u00f3n que vienen desarrollando durante los \u00faltimos a\u00f1os y abre una \u00abnueva etapa\u00bb para una marca con una trayectoria y un reconocimiento importantes.<\/p>\n","protected":false},"excerpt":{"rendered":"La hist\u00f3rica firma riojana de vinos Federico Paternina tiene nuevo propietario. El proceso de liquidaci\u00f3n en el que&hellip;\n","protected":false},"author":2,"featured_media":740631,"comment_status":"","ping_status":"","sticky":false,"template":"","format":"standard","meta":{"footnotes":""},"categories":[80],"tags":[11172,82,4393,95,94,25,24,1557,5229,3841,524,131448,23,2739],"class_list":["post-740630","post","type-post","status-publish","format-standard","has-post-thumbnail","category-economia","tag-11172","tag-business","tag-dueno","tag-economia","tag-economy","tag-es","tag-espana","tag-euros","tag-historica","tag-marca","tag-nuevo","tag-paternina","tag-spain","tag-vinos"],"share_on_mastodon":{"url":"https:\/\/pubeurope.com\/@es\/117191297635437034","error":""},"_links":{"self":[{"href":"https:\/\/www.europesays.com\/es\/wp-json\/wp\/v2\/posts\/740630","targetHints":{"allow":["GET"]}}],"collection":[{"href":"https:\/\/www.europesays.com\/es\/wp-json\/wp\/v2\/posts"}],"about":[{"href":"https:\/\/www.europesays.com\/es\/wp-json\/wp\/v2\/types\/post"}],"author":[{"embeddable":true,"href":"https:\/\/www.europesays.com\/es\/wp-json\/wp\/v2\/users\/2"}],"replies":[{"embeddable":true,"href":"https:\/\/www.europesays.com\/es\/wp-json\/wp\/v2\/comments?post=740630"}],"version-history":[{"count":0,"href":"https:\/\/www.europesays.com\/es\/wp-json\/wp\/v2\/posts\/740630\/revisions"}],"wp:featuredmedia":[{"embeddable":true,"href":"https:\/\/www.europesays.com\/es\/wp-json\/wp\/v2\/media\/740631"}],"wp:attachment":[{"href":"https:\/\/www.europesays.com\/es\/wp-json\/wp\/v2\/media?parent=740630"}],"wp:term":[{"taxonomy":"category","embeddable":true,"href":"https:\/\/www.europesays.com\/es\/wp-json\/wp\/v2\/categories?post=740630"},{"taxonomy":"post_tag","embeddable":true,"href":"https:\/\/www.europesays.com\/es\/wp-json\/wp\/v2\/tags?post=740630"}],"curies":[{"name":"wp","href":"https:\/\/api.w.org\/{rel}","templated":true}]}}