{"id":740634,"date":"2026-08-31T17:28:12","date_gmt":"2026-08-31T17:28:12","guid":{"rendered":"https:\/\/www.europesays.com\/es\/740634\/"},"modified":"2026-08-31T17:28:12","modified_gmt":"2026-08-31T17:28:12","slug":"mercadona-no-ha-denunciado-compras-para-explosivos-en-ceuta","status":"publish","type":"post","link":"https:\/\/www.europesays.com\/es\/740634\/","title":{"rendered":"Mercadona no ha denunciado compras para explosivos en Ceuta"},"content":{"rendered":"<p>Mensajes en redes sociales difunden que Mercadona ha denunciado la compra en su centro comercial de Ceuta \u00abde un gran volumen de sustancias base, para fabricar explosivos\u00bb por parte de personas migrantes acompa\u00f1adas por miembros de la ONG No Name Kitchen. La empresa y la organizaci\u00f3n se\u00f1alada lo niegan a VerificaRTVE y el Ministerio del Interior asegura que, a fecha de publicaci\u00f3n de este art\u00edculo, no se investiga a ninguna ONG por facilitar elementos para explosivos a migrantes. <\/p>\n<p>Un mensaje en X <strong>compartido 9.000 veces desde el 28 de agosto<\/strong>: \u00abAlerta m\u00e1xima en Ceuta: La polic\u00eda investiga la compra masiva de precursores de explosivos realizada por inmigrantes ilegales\u00bb. La publicaci\u00f3n a\u00f1ade que \u00abla cadena de supermercados Mercadona habr\u00eda dado la alarma a la Polic\u00eda Nacional este viernes tras detectar la adquisici\u00f3n inusual de botellas de aguafuerte (\u00e1cido clorh\u00eddrico) y rollos de papel de aluminio por parte de grupos de inmigrantes acompa\u00f1ados por miembros de la ONG No Name Kitchen, financiada por George Soros\u00bb.<\/p>\n<p>Mercadona niega la denuncia por \u00abcompra at\u00edpica\u00bb<\/p>\n<p><strong>La empresa de distribuci\u00f3n Mercadona niega a VerificaRTVE haber dado aviso a la Polic\u00eda Nacional.<\/strong> \u00abNo hemos denunciado ninguna compra at\u00edpica en Ceuta\u00bb, ha respondido la firma por correo electr\u00f3nico. Mercadona cuenta con dos supermercados en la ciudad aut\u00f3noma, uno en el centro, en la <a href=\"https:\/\/www.google.com\/maps\/place\/Mercadona\/@35.8910243,-5.3369696,15.75z\/data=!4m6!3m5!1s0xd0ca3d0ceb23431:0x143b3a8f86bc4c37!8m2!3d35.8917807!4d-5.3244461!16s%2Fg%2F11f8jl7zd7?entry=ttu&amp;g_ep=EgoyMDI2MDgyNi4wIKXMDSoASAFQAw%3D%3D\" target=\"_blank\" rel=\"nofollow noopener\">avenida de Espa\u00f1a<\/a>, y otro en <a href=\"https:\/\/www.google.com\/maps\/place\/Mercadona\/@35.880868,-5.3362732,19z\/data=!4m10!1m2!2m1!1smercadona+ceuta!3m6!1s0xd0ca1088cdb661f:0x4c34fce946a55714!8m2!3d35.8808681!4d-5.3354783!15sCg9tZXJjYWRvbmEgY2V1dGEiA4gBAVoRIg9tZXJjYWRvbmEgY2V1dGGSAQtzdXBlcm1hcmtldJoBI0NoWkRTVWhOTUc5blMwVkpRMEZuU1VOZmFYRnRkRlYzRUFF4AEA-gEECAAQOg!16s%2Fg%2F11gl1q_qf5?entry=ttu&amp;g_ep=EgoyMDI2MDgyNi4wIKXMDSoASAFQAw%3D%3D\" target=\"_blank\" rel=\"nofollow noopener\">Cabrerizas Bajas<\/a>.<\/p>\n<p>La organizaci\u00f3n no gubernamental se\u00f1alada, <strong>No Name Kitchen, niega a VerificaRTVE la participaci\u00f3n de miembros de su organizaci\u00f3n<\/strong> en esa compra que difunden en redes sociales. Ric Fern\u00e1ndez, coordinador de la ONG, explica que compran papel de plata para su uso en las comidas que reparte la organizaci\u00f3n y para \u00abforrar parte de la cocina\u00bb, y que adquieren tambi\u00e9n \u00abproductos disolventes\u00bb para la limpieza, \u00abno cantidades ingentes para explosivos\u00bb. <\/p>\n<p>Por otro lado, desde el Ministerio del Interior se niega a RTVE que Guardia Civil o Polic\u00eda Nacional est\u00e9n investigando a \u00abninguna ONG\u00bb por facilitar a personas migrantes elementos para elaborar explosivos.<\/p>\n<p><strong>Dos voluntarios de esta organizaci\u00f3n fueron detenidos el 23 de agosto en Ceuta.<\/strong> El Ministro del Interior, Fernando Grande-Marlaska, explic\u00f3 en rueda de prensa que se debi\u00f3 a que <a href=\"https:\/\/youtu.be\/BVvQnRka40M?t=3423\" target=\"_blank\" rel=\"nofollow noopener\">\u00absupuestamente estaban alentando a grupos violentos<\/a> a que respondieran violentamente a los agentes de la autoridad y han desobedecido y se han resistido a las indicaciones de los agentes de la autoridad en el ejercicio de sus funciones\u00bb. A\u00f1adi\u00f3 que \u00abser\u00e1 la autoridad judicial la que pueda determinar el alcance de esos hechos\u00bb. La organizaci\u00f3n lo neg\u00f3 y  asegur\u00f3 en un <a href=\"https:\/\/x.com\/alemvelasco_\/status\/2092188742798725599\/photo\/1\" target=\"_blank\" rel=\"nofollow\">comunicado<\/a> que ambas personas fueron detenidas por grabar a polic\u00edas golpeando a inmigrantes.<\/p>\n<p><strong>Fuentes:<\/strong><\/p>\n<ul>\n<li>Mercadona <\/li>\n<li>No Name Kitchen <\/li>\n<li>Ministerio del Interior<\/li>\n<li>Polic\u00eda Nacional (a la espera de respuesta)<\/li>\n<\/ul>\n","protected":false},"excerpt":{"rendered":"Mensajes en redes sociales difunden que Mercadona ha denunciado la compra en su centro comercial de Ceuta \u00abde&hellip;\n","protected":false},"author":2,"featured_media":740635,"comment_status":"","ping_status":"","sticky":false,"template":"","format":"standard","meta":{"footnotes":""},"categories":[8],"tags":[17,18,25,24,13,14,11,19,20,9,10,15,16,23,12,21,22],"class_list":["post-740634","post","type-post","status-publish","format-standard","has-post-thumbnail","category-espana","tag-breaking-news","tag-breakingnews","tag-es","tag-espana","tag-featured-news","tag-featurednews","tag-headlines","tag-latest-news","tag-latestnews","tag-news","tag-noticias","tag-noticias-destacadas","tag-noticiasdestacadas","tag-spain","tag-titulares","tag-ultimas-noticias","tag-ultimasnoticias"],"share_on_mastodon":{"url":"https:\/\/pubeurope.com\/@es\/117191305377610179","error":""},"_links":{"self":[{"href":"https:\/\/www.europesays.com\/es\/wp-json\/wp\/v2\/posts\/740634","targetHints":{"allow":["GET"]}}],"collection":[{"href":"https:\/\/www.europesays.com\/es\/wp-json\/wp\/v2\/posts"}],"about":[{"href":"https:\/\/www.europesays.com\/es\/wp-json\/wp\/v2\/types\/post"}],"author":[{"embeddable":true,"href":"https:\/\/www.europesays.com\/es\/wp-json\/wp\/v2\/users\/2"}],"replies":[{"embeddable":true,"href":"https:\/\/www.europesays.com\/es\/wp-json\/wp\/v2\/comments?post=740634"}],"version-history":[{"count":0,"href":"https:\/\/www.europesays.com\/es\/wp-json\/wp\/v2\/posts\/740634\/revisions"}],"wp:featuredmedia":[{"embeddable":true,"href":"https:\/\/www.europesays.com\/es\/wp-json\/wp\/v2\/media\/740635"}],"wp:attachment":[{"href":"https:\/\/www.europesays.com\/es\/wp-json\/wp\/v2\/media?parent=740634"}],"wp:term":[{"taxonomy":"category","embeddable":true,"href":"https:\/\/www.europesays.com\/es\/wp-json\/wp\/v2\/categories?post=740634"},{"taxonomy":"post_tag","embeddable":true,"href":"https:\/\/www.europesays.com\/es\/wp-json\/wp\/v2\/tags?post=740634"}],"curies":[{"name":"wp","href":"https:\/\/api.w.org\/{rel}","templated":true}]}}