{"id":740638,"date":"2026-08-31T17:33:13","date_gmt":"2026-08-31T17:33:13","guid":{"rendered":"https:\/\/www.europesays.com\/es\/740638\/"},"modified":"2026-08-31T17:33:13","modified_gmt":"2026-08-31T17:33:13","slug":"liv-golf-se-encamina-hacia-la-quiebra-rahm-cada-vez-mas-lejos-de-la-liga","status":"publish","type":"post","link":"https:\/\/www.europesays.com\/es\/740638\/","title":{"rendered":"LIV Golf se encamina hacia la quiebra: Rahm, cada vez m\u00e1s lejos de la liga"},"content":{"rendered":"<p style=\"\">Es cuesti\u00f3n de d\u00edas que Jon Rahm abandone el LIV, el circuito que azot\u00f3 el ecosistema del golf mundial en 2022 gracias a los petrod\u00f3lares  &#8230; de Arabia Saud\u00ed. Debilitado tras la salida, anunciada a finales de abril, del Fondo de Inversi\u00f3n P\u00fablica (PIF, por sus siglas en ingl\u00e9s) del pa\u00eds asi\u00e1tico, el futuro de la liga es cada vez m\u00e1s incierto. Seg\u00fan informa &#8216;Financial Times&#8217;, LIV se dirige a la quiebra, al concurso de acreedores, para poner en marcha el llamado LIV 2.0, en cualquier caso sin la boyante salud econ\u00f3mica que ha lucido desde su nacimiento y, como todo hace indicar, sin la plana mayor de los jugadores que han dado brillo a la competici\u00f3n, con Rahm a la cabeza al ganar los tres \u00faltimos anillos.<\/p>\n<p class=\"v-d-p\" style=\"\">Este \u00faltimo paso del conglomerado que dirige Scott O&#8217;Neil es el m\u00e1s revelador. Desde hace cuatro meses se encuentra en una carrera contra el crono por buscar viabilidad a un proyecto construido a golpe de talonario y que, ya sin el PIF, si se mantiene en pie ser\u00e1 muy distinto. Las bolsas de premios por las que han competido Rahm y compa\u00f1\u00eda han sido de treinta millones de d\u00f3lares por torneo, notablemente superior a la de los cuatro grandes. En sus tres a\u00f1os el vizca\u00edno ha alcanzado unas ganancias de 96 millones (82 en euros), sin contar con el desorbitado contrato que firm\u00f3 en diciembre de 2023 de alrededor de 300 &#8216;kilos&#8217; en cinco a\u00f1os, cantidad que se pod\u00eda elevar hasta los 500 a\u00f1adiendo el valor de las acciones de su equipo, la Legi\u00f3n XIII, y de la propia liga. Una f\u00f3rmula que evidentemente no ha funcionado.<\/p>\n<ul class=\"v-cmp-flg__u\">\n<li class=\"v-cmp-flg__l\">\n<p>Las salidas de Rahm<\/p>\n<ul class=\"v-u\">\n<li class=\"v-u__l\">\n<p class=\"v-u__p\">\nLa m\u00e1s probable.<br \/>\nRegresar al PGA Tour. A la vez la m\u00e1s dif\u00edcil porque tendr\u00eda que ajustarse a las demandas econ\u00f3micas de los americanos.\n<\/p>\n<\/li>\n<li class=\"v-u__l\">\n<p class=\"v-u__p\">\nEl circuito europeo.<br \/>\nCentrarse en \u00e9l en 2027 (m\u00e1s los cuatro grandes) y tratar de conseguir una de las diez tarjetas para el PGA.\n<\/p>\n<\/li>\n<li class=\"v-u__l\">\n<p class=\"v-u__p\">\nLIV.<br \/>\nLa liga tiene un futuro incierto con falta de inversores, menos torneos, menos premios&#8230;\n<\/p>\n<\/li>\n<\/ul>\n<\/li>\n<\/ul>\n<p class=\"v-d-p\" style=\"\">Arabia Saud\u00ed, que invirti\u00f3 m\u00e1s de cinco mil millones de d\u00f3lares en este lustro, deber\u00e1 aportar una \u00faltima inyecci\u00f3n de cien millones para extinguir los contratos. Tienen deudas con la mayor\u00eda de jugadores, con el &#8216;Le\u00f3n de Barrika&#8217; a la cabeza. A partir de ese momento, ser\u00e1n libres de decidir si apuestan por el nuevo proyecto o retomar sus carreras por otras v\u00edas. Rahm, que en noviembre cumplir\u00e1 32 a\u00f1os, podr\u00eda volver al PGA Tour si el circuito americano afronta otro plan de regreso como el que le ofreci\u00f3 en enero. Aquel mecanismo, lleno de letra peque\u00f1a y de concesiones econ\u00f3micas, solo cont\u00f3 con la aprobaci\u00f3n de Brooks Koepka, mientras que el propio Rahm, Bryson DeChambeau y Cameron Smith -los \u00fanicos a los que se les ofreci\u00f3- se mantuvieron fieles al LIV.<\/p>\n<p class=\"v-d-p\" style=\"\">El CEO del PGA, Brian Rolapp, ya dijo entonces que la medida no tendr\u00eda por qu\u00e9 repetirse ni sentar un precedente, pero ahora el panorama es distinto. La oportunidad de poder volver a contar con algunos de los mejores jugadores del mundo es \u00fanica, pero no ser\u00e1 a cualquier precio. Con la temporada americana reci\u00e9n acabada, se abre el tiempo de negociaci\u00f3n. De no llegar a buen puerto, a Rahm le quedar\u00eda la opci\u00f3n del circuito europeo. Competir\u00eda exclusivamente en \u00e9l durante 2027, adem\u00e1s de los cuatro grandes, con el objetivo de ganar una de las diez tarjetas del PGA, recompensa que obtendr\u00e1 este curso el madrile\u00f1o Eugenio Chacarra y mismo camino que sigui\u00f3 Patrick Reed, que abandon\u00f3 el LIV a pocos d\u00edas de empezar el curso en febrero. Pese a ser campe\u00f3n del Masters el PGA le cerr\u00f3 la puerta, muestra de su mano firme.<\/p>\n<p>\nSin apoyos\n<\/p>\n<p class=\"v-d-p\" style=\"\">Por su parte, O&#8217;Neil anunci\u00f3 que el nuevo LIV constar\u00e1 de diez torneos divididos entre Estados Unidos y el resto del mundo pero con bolsas de premios sensiblemente inferiores. DeChambeau parece mantenerse fiel, o al menos ha participado en la b\u00fasqueda de nuevos inversores, con el fondo BC Partners (200 millones) a la cabeza en el caso de que salga adelante. O&#8217;Neil siempre ha dicho que su producto es compatible con otros circuitos, pero estos le han dado la espalda. <\/p>\n<p class=\"v-d-p\" style=\"\">Adem\u00e1s del PGA, el tour europeo suspendi\u00f3 a aquellos jugadores que ficharon por el LIV. Con Rahm mantuvo un litigio en los juzgados que finaliz\u00f3 este a\u00f1o, cuando el vizca\u00edno pas\u00f3 por el aro y acept\u00f3 disputar cinco torneos en lugar de cuatro, el m\u00ednimo hasta el curso pasado, para seguir siendo miembro y optar a la pr\u00f3xima Ryder. El gran aliado del LIV era el circuito asi\u00e1tico, que este verano anunci\u00f3 su alianza con el PGA y el europeo. En fin, un callej\u00f3n sin salida.<\/p>\n<p class=\"v-d-p\" style=\"\">Rahm, que la pr\u00f3xima semana reaparecer\u00e1 en el Open de Irlanda, disput\u00f3 el \u00faltimo torneo del LIV en Indian\u00e1polis hace nueve d\u00edas. Cuestionado sobre su futuro, el vizca\u00edno no quiso dar pistas y <a href=\"https:\/\/www.elcorreo.com\/deportes\/golf\/jon-rahm-replantea-futuro-tras-acabar-liv-20260824000833-nt.html\" target=\"_self\" data-voc-vtm-id=\"in-text-traffic\" data-mrf-link=\"www.elcorreo.com\" rel=\"nofollow noopener\">tir\u00f3 de iron\u00eda<\/a>: \u00abTengo muchas ganas de cortarme el pelo ma\u00f1ana a las diez de la ma\u00f1ana porque lo necesito desesperadamente\u00bb,<\/p>\n","protected":false},"excerpt":{"rendered":"Es cuesti\u00f3n de d\u00edas que Jon Rahm abandone el LIV, el circuito que azot\u00f3 el ecosistema del golf&hellip;\n","protected":false},"author":2,"featured_media":740639,"comment_status":"","ping_status":"","sticky":false,"template":"","format":"standard","meta":{"footnotes":""},"categories":[275],"tags":[168,131450,25,24,329,21819,1044,334,17047,330,23,167,1079],"class_list":["post-740638","post","type-post","status-publish","format-standard","has-post-thumbnail","category-golf","tag-deportes","tag-encamina","tag-es","tag-espana","tag-golf","tag-lejos","tag-liga","tag-liv","tag-quiebra","tag-rahm","tag-spain","tag-sports","tag-vez"],"share_on_mastodon":{"url":"https:\/\/pubeurope.com\/@es\/117191324783967591","error":""},"_links":{"self":[{"href":"https:\/\/www.europesays.com\/es\/wp-json\/wp\/v2\/posts\/740638","targetHints":{"allow":["GET"]}}],"collection":[{"href":"https:\/\/www.europesays.com\/es\/wp-json\/wp\/v2\/posts"}],"about":[{"href":"https:\/\/www.europesays.com\/es\/wp-json\/wp\/v2\/types\/post"}],"author":[{"embeddable":true,"href":"https:\/\/www.europesays.com\/es\/wp-json\/wp\/v2\/users\/2"}],"replies":[{"embeddable":true,"href":"https:\/\/www.europesays.com\/es\/wp-json\/wp\/v2\/comments?post=740638"}],"version-history":[{"count":0,"href":"https:\/\/www.europesays.com\/es\/wp-json\/wp\/v2\/posts\/740638\/revisions"}],"wp:featuredmedia":[{"embeddable":true,"href":"https:\/\/www.europesays.com\/es\/wp-json\/wp\/v2\/media\/740639"}],"wp:attachment":[{"href":"https:\/\/www.europesays.com\/es\/wp-json\/wp\/v2\/media?parent=740638"}],"wp:term":[{"taxonomy":"category","embeddable":true,"href":"https:\/\/www.europesays.com\/es\/wp-json\/wp\/v2\/categories?post=740638"},{"taxonomy":"post_tag","embeddable":true,"href":"https:\/\/www.europesays.com\/es\/wp-json\/wp\/v2\/tags?post=740638"}],"curies":[{"name":"wp","href":"https:\/\/api.w.org\/{rel}","templated":true}]}}