{"id":740654,"date":"2026-08-31T17:45:24","date_gmt":"2026-08-31T17:45:24","guid":{"rendered":"https:\/\/www.europesays.com\/es\/740654\/"},"modified":"2026-08-31T17:45:24","modified_gmt":"2026-08-31T17:45:24","slug":"mateu-alemany-le-da-a-un-9-a-simeone","status":"publish","type":"post","link":"https:\/\/www.europesays.com\/es\/740654\/","title":{"rendered":"\u00a1Mateu Alemany le da a un &#8216;9&#8217; a Simeone!"},"content":{"rendered":"<p class=\"ft-text\"><strong>Jonathan David se convertir\u00e1 en las pr\u00f3ximas horas en nuevo jugador del Atl\u00e9tico.<\/strong> El delantero canadiense llegar\u00e1 al Metropolitano procedente de la Juventus en calidad de cedido y con una <strong>opci\u00f3n de compra que, seg\u00fan Fabrizio Romano, ser\u00e1 de 25 millones de euros<\/strong>. Una operaci\u00f3n que responde a una petici\u00f3n expresa de <strong>Diego Pablo Simeone<\/strong>: quer\u00eda un &#8216;9&#8217; independientemente de lo que sucediera con <strong>Juli\u00e1n \u00c1lvarez<\/strong>.<\/p>\n<p class=\"ft-text\">El movimiento cambia por completo el escenario de la delantera rojiblanca. <strong>David llegar\u00e1 para sumar competencia, gol, movilidad y m\u00e1s alternativas al ataque del Cholo<\/strong>, que ha ido reestructurando el equipo con un <strong>Ademola Lookman que rinde mejor en la banda<\/strong>.<\/p>\n<p><img decoding=\"async\" src=\"https:\/\/www.europesays.com\/es\/wp-content\/uploads\/2026\/08\/79c83da1-4b17-45a3-affe-23d3c5690661_alta-libre-aspect-ratio_default_0_x600y225.jpg\" width=\"1200\" height=\"675\" alt=\"Jonathan David no estuvo acertado ante Bosnia\" class=\"ft-helper-img-rd\" loading=\"lazy\" fetchpriority=\"auto\"\/><\/p>\n<p class=\"ft-helper-fontColor-quaternary ft-helper-fontSize-body-S ft-helper-spacer-t-xxs\">Jonathan David no estuvo acertado ante Bosnia  \/ X<\/p>\n<p class=\"ft-text\">Pero su llegada puede abrirle definitivamente la puerta a un <strong>Alexander S\u00f8rloth que demanda m\u00e1s importancia en el equipo<\/strong>. El noruego tiene mercado en Italia y en otras ligas europeas y el jugador, que siempre responde a nivel de cifras, podr\u00eda acabar saliendo del club el \u00faltimo d\u00eda de mercado.<\/p>\n<p class=\"ft-text\">En lo que concierne a <strong>Jonathan David<\/strong>, desembarcar\u00e1 en LaLiga despu\u00e9s de no terminar de encontrar su sitio en Tur\u00edn, donde tiene contrato hasta 2030, pero ve en el Metropolitano la oportunidad perfecta de <strong>recuperar el nivel que mostr\u00f3 en el Lille<\/strong>, donde se convirti\u00f3 en uno de los delanteros m\u00e1s cotizados del f\u00fatbol europeo, sin renunciar a pelear por todo.<\/p>\n<p><img decoding=\"async\" src=\"https:\/\/www.europesays.com\/es\/wp-content\/uploads\/2026\/08\/6e57b900-3ef4-4b87-86af-516ff0a1d60f_alta-libre-aspect-ratio_default_0.jpg\" width=\"1200\" height=\"805\" alt=\"Jonathan David marc\u00f3 uno de los goles ante el Cremonese\" class=\"ft-helper-img-rd\" loading=\"lazy\" fetchpriority=\"auto\"\/><\/p>\n<p class=\"ft-helper-fontColor-quaternary ft-helper-fontSize-body-S ft-helper-spacer-t-xxs\">Jonathan David marc\u00f3 uno de los goles ante el Cremonese  \/ EFE<\/p>\n<p class=\"ft-text\">La direcci\u00f3n deportiva rojiblanca, con <strong>Mateu Alemany al frente<\/strong>, cierra de esta manera una operaci\u00f3n clave para el equipo, siendo David la opci\u00f3n elegida finalmente de una lista larga y en la que, con el paso de los d\u00edas, se fueron cayendo jugadores. Sonaron nombres como <strong>Nicolas Jackson, Luca Tresoldi o Mat\u00edas Fern\u00e1ndez-Pardo<\/strong>, adem\u00e1s de otros perfiles que ya quedan m\u00e1s atr\u00e1s.<\/p>\n<p class=\"ft-text\">Su cesi\u00f3n permite al Atl\u00e9tico <strong>incorporar talento sin afrontar ahora un gran desembolso<\/strong> y deja abierta la posibilidad de quedarse con el jugador por 25 millones si cumple con las expectativas. La operaci\u00f3n, adem\u00e1s, gana todav\u00eda m\u00e1s sentido ante la <strong>incertidumbre que rodea a Juli\u00e1n \u00c1lvarez<\/strong>, pretendido por clubes importantes en este tramo final del mercado.<\/p>\n<p class=\"ft-text\">Ahora todas las miradas est\u00e1n puestas en <strong>S\u00f8rloth y en el argentino<\/strong>. <strong>\u00bfQu\u00e9 delanteros acabar\u00e1 teniendo Simeone?<\/strong><\/p>\n","protected":false},"excerpt":{"rendered":"Jonathan David se convertir\u00e1 en las pr\u00f3ximas horas en nuevo jugador del Atl\u00e9tico. El delantero canadiense llegar\u00e1 al&hellip;\n","protected":false},"author":2,"featured_media":740655,"comment_status":"","ping_status":"","sticky":false,"template":"","format":"standard","meta":{"footnotes":""},"categories":[93],"tags":[5588,82193,3409,7164,168,18451,25,24,3294,51319,23,167],"class_list":["post-740654","post","type-post","status-publish","format-standard","has-post-thumbnail","category-deportes","tag-5588","tag-alemany","tag-atletico-de-madrid","tag-da","tag-deportes","tag-diego-simeone","tag-es","tag-espana","tag-le","tag-mateu","tag-spain","tag-sports"],"share_on_mastodon":{"url":"https:\/\/pubeurope.com\/@es\/117191372744310889","error":""},"_links":{"self":[{"href":"https:\/\/www.europesays.com\/es\/wp-json\/wp\/v2\/posts\/740654","targetHints":{"allow":["GET"]}}],"collection":[{"href":"https:\/\/www.europesays.com\/es\/wp-json\/wp\/v2\/posts"}],"about":[{"href":"https:\/\/www.europesays.com\/es\/wp-json\/wp\/v2\/types\/post"}],"author":[{"embeddable":true,"href":"https:\/\/www.europesays.com\/es\/wp-json\/wp\/v2\/users\/2"}],"replies":[{"embeddable":true,"href":"https:\/\/www.europesays.com\/es\/wp-json\/wp\/v2\/comments?post=740654"}],"version-history":[{"count":0,"href":"https:\/\/www.europesays.com\/es\/wp-json\/wp\/v2\/posts\/740654\/revisions"}],"wp:featuredmedia":[{"embeddable":true,"href":"https:\/\/www.europesays.com\/es\/wp-json\/wp\/v2\/media\/740655"}],"wp:attachment":[{"href":"https:\/\/www.europesays.com\/es\/wp-json\/wp\/v2\/media?parent=740654"}],"wp:term":[{"taxonomy":"category","embeddable":true,"href":"https:\/\/www.europesays.com\/es\/wp-json\/wp\/v2\/categories?post=740654"},{"taxonomy":"post_tag","embeddable":true,"href":"https:\/\/www.europesays.com\/es\/wp-json\/wp\/v2\/tags?post=740654"}],"curies":[{"name":"wp","href":"https:\/\/api.w.org\/{rel}","templated":true}]}}