{"id":74066,"date":"2025-08-26T18:52:13","date_gmt":"2025-08-26T18:52:13","guid":{"rendered":"https:\/\/www.europesays.com\/es\/74066\/"},"modified":"2025-08-26T18:52:13","modified_gmt":"2025-08-26T18:52:13","slug":"el-gemelo-del-gorila-proscrito-de-sants-vive-tranquilo-en-platja-daro","status":"publish","type":"post","link":"https:\/\/www.europesays.com\/es\/74066\/","title":{"rendered":"El gemelo del gorila proscrito de Sants vive tranquilo en Platja d&#8217;Aro"},"content":{"rendered":"<p class=\"ft-text ft-helper-closenews\">El <strong>gorila rojo<\/strong> instalado en unos apartamentos de<strong> Sants<\/strong> tiene un <strong>gemelo de color negro en Platja d\u2019Aro<\/strong>, que vive <strong>ajeno a la pol\u00e9mica de Barcelona<\/strong>. Se trata de dos <strong>esculturas del artista franc\u00e9s Richard Orlinski<\/strong>, situadas en las fachadas de dos edificios de alojamientos tur\u00edsticos de la firma <strong>Cosmo Apartments<\/strong>. Mientras que <a class=\"ft-link ft-link--decoration\" href=\"https:\/\/www.elperiodico.com\/es\/barcelona\/20250801\/adios-gran-gorila-rojo-apartamentos-sants-barcelona-120277832\" rel=\"nofollow noopener\" target=\"_blank\">la capital catalana ha exigido la retirada<\/a> de la obra y sancionado a los due\u00f1os, en la Costa Brava no ha habido ni veto ni controversia alguna.<\/p>\n<p class=\"ft-text\">El Ayuntamiento de Barcelona mantiene una cruzada desde 2016 contra la propiedad del inmueble para que retire la figura, que considera un <strong>elemento publicitario sin autorizaci\u00f3n<\/strong>. Cosmo Apartments ha puesto el caso en manos de los <strong>abogados Javier Medina y Mario Sol<\/strong>, que defienden que se trata de una obra de arte y lamentan las multas impuestas, que ya suman 3.000 euros.<\/p>\n<p class=\"ft-text\">Seg\u00fan ha podido constatar EL PERI\u00d3DICO, la escultura de Platja d\u2019Aro luce tambi\u00e9n en una fachada, por lo que est\u00e1 <strong>plenamente a la vista de los peatones sin situarse sobre la v\u00eda p\u00fablica<\/strong>. Acompa\u00f1a el r\u00f3tulo del establecimiento, exactamente igual que en Sants, donde ha ocupado la marquesina de la entrada por el paseo de Sant Antoni, a pocos metros de la Estaci\u00f3n de Sants. Portavoces del Ayuntamiento de Platja d\u2019Aro confirman que la pieza no ha sido objeto de ninguna sanci\u00f3n ni expediente municipal.<\/p>\n<p><img decoding=\"async\" src=\"https:\/\/www.europesays.com\/es\/wp-content\/uploads\/2025\/08\/e2483269-7c04-4f84-b0a0-b0028bcb53d0_alta-libre-aspect-ratio_default_0_x890y1113.jpg\" width=\"1200\" height=\"1600\" alt=\"La escultura del gorila negro de Richard Orlinski, en la sede de Platja d'Aro de Cosmo Apartments\" class=\"ft-helper-img-rd\" loading=\"lazy\" hasdataaida=\"true\"\/><\/p>\n<p class=\"ft-helper-fontColor-quaternary ft-helper-fontSize-body-S ft-helper-spacer-t-xxs\">La escultura del gorila negro de Richard Orlinski, en la sede de Platja d&#8217;Aro de Cosmo Apartments  \/ El Peri\u00f3dico<\/p>\n<p class=\"ft-text\">Se da la casualidad que <strong>este verano la ciudad de Carcasona<\/strong> (Occitania, Francia), ha apostado precisamente por las <strong>esculturas de animales de Orlinski<\/strong>, en el marco del estreno de un centro de arte contempor\u00e1neo en la localidad. Del 6 de junio al 22 de septiembre, <strong>cinco obras monumentales y coloridas<\/strong> posan para las c\u00e1maras de los turistas en lugares emblem\u00e1ticos del centro hist\u00f3rico.<\/p>\n<p class=\"ft-text\">Una es un gran gorila de metal de color escarlata, junto a las puertas de la ciudad. La oficina de turismo presenta al autor como \u201cun artista franc\u00e9s de renombre internacional\u201d por su \u201cestilo inmediatamente reconocible\u201d y \u201cfiguras poderosas inspiradas en el mundo animal\u201d. Recuerda que ha colaborado con marcas como Puma, Disney, Lanc\u00f4me y Hublot y ha expuesto en Europa, Asia y Am\u00e9rica.<\/p>\n<p>Choque argumental<\/p>\n<p class=\"ft-text\">\u201cLo que una ciudad valora incluso como reclamo tur\u00edstico, para otra es un elemento publicitario a retirar\u201d, compara el abogado Javier Medina. Argumenta que Cosmo Apartments nunca ha declarado en ning\u00fan sitio que el gorila rojo sea parte de su imagen corporativa ni anuncia nada, por lo que el veto barcelon\u00e9s no tiene raz\u00f3n de ser. \u201cHay alg\u00fan funcionario en Paisatge Urb\u00e0 de Barcelona al que se ha atragantado esta escultura, no le vemos otra explicaci\u00f3n\u201d, carga. \u201cNo est\u00e1 en ning\u00fan entorno catalogado como patrimonio y los vecinos est\u00e1n encantados, porque en la parte trasera de la Estaci\u00f3n de Sants solo hay obras y m\u00e1s obras\u201d, esgrime.<\/p>\n<p><img decoding=\"async\" src=\"https:\/\/www.europesays.com\/es\/wp-content\/uploads\/2025\/08\/b59ddc58-118c-4840-971f-925733bbd769_alta-libre-aspect-ratio_default_0_x707y1602.jpg\" width=\"1200\" height=\"1600\" alt=\"La escultura 'Wild Kong', un gran gorila rojo en los apartamentos Cosmo de Sants\" class=\"ft-helper-img-rd\" loading=\"lazy\" hasdataaida=\"true\"\/><\/p>\n<p class=\"ft-helper-fontColor-quaternary ft-helper-fontSize-body-S ft-helper-spacer-t-xxs\">La escultura &#8216;Wild Kong&#8217;, un gran gorila rojo en los apartamentos Cosmo de Sants  \/ Wikimedia Commons \/ Pere L\u00f3pez Brosa<\/p>\n<p class=\"ft-text\">El Ayuntamiento de Barcelona, por descontado, no lo ve as\u00ed. Recuerda que abri\u00f3 el primer expediente a la empresa hace casi una d\u00e9cada por falta de licencia para la instalaci\u00f3n de un elemento publicitario en la fachada\u201d. A\u00f1ade que el Institut de Paisatge Urb\u00e0 \u201cemiti\u00f3 tambi\u00e9n un informe negativo\u201d por el \u201cimpacto visual y paisaj\u00edstico, dadas sus dimensiones, color y ubicaci\u00f3n\u201d. Fuentes municipales recuerdan que la ordenanza \u201cproh\u00edbe de manera expresa la publicidad en la fachada\u201d y dice textualmente que \u201cno se admitir\u00e1n actuaciones individuales que distorsionen\u201d la est\u00e9tica de los edificios y entornos donde est\u00e9n.<\/p>\n<p class=\"ft-text\">La empresa llev\u00f3 a tribunales, sin \u00e9xito, la primera tanda de multas. Retir\u00f3 la escultura en 2022 y a los dos a\u00f1os la volvi\u00f3 a colocar. El Ayuntamiento contraatac\u00f3 con un nuevo expediente para exigir la retirada y entonces Cosmo Apartments cubri\u00f3 el gorila con una lona. \u201cEl expediente contin\u00faa abierto y a ra\u00edz del \u00faltimo informe de inspecci\u00f3n se han impuesto dos multas de 600 euros cada una\u201d, confirma el consistorio. La empresa no se da por vencida y el conflicto no est\u00e1 ni mucho menos cerrado.<\/p>\n<p data-close=\"closedContent\" class=\"subscribeHideForDisplay\">Suscr\u00edbete para seguir leyendo<\/p>\n","protected":false},"excerpt":{"rendered":"El gorila rojo instalado en unos apartamentos de Sants tiene un gemelo de color negro en Platja d\u2019Aro,&hellip;\n","protected":false},"author":2,"featured_media":74067,"comment_status":"","ping_status":"","sticky":false,"template":"","format":"standard","meta":{"footnotes":""},"categories":[173],"tags":[229,233,231,230,232,234,146,147,25,24,28972,11814,28973,24032,11434,23,1343],"class_list":{"0":"post-74066","1":"post","2":"type-post","3":"status-publish","4":"format-standard","5":"has-post-thumbnail","7":"category-arte-y-diseno","8":"tag-arte","9":"tag-arte-y-diseno","10":"tag-arts","11":"tag-arts-and-design","12":"tag-design","13":"tag-diseno","14":"tag-entertainment","15":"tag-entretenimiento","16":"tag-es","17":"tag-espana","18":"tag-gemelo","19":"tag-gorila","20":"tag-platja-d","21":"tag-proscrito","22":"tag-sants","23":"tag-spain","24":"tag-vive"},"share_on_mastodon":{"url":"","error":""},"_links":{"self":[{"href":"https:\/\/www.europesays.com\/es\/wp-json\/wp\/v2\/posts\/74066","targetHints":{"allow":["GET"]}}],"collection":[{"href":"https:\/\/www.europesays.com\/es\/wp-json\/wp\/v2\/posts"}],"about":[{"href":"https:\/\/www.europesays.com\/es\/wp-json\/wp\/v2\/types\/post"}],"author":[{"embeddable":true,"href":"https:\/\/www.europesays.com\/es\/wp-json\/wp\/v2\/users\/2"}],"replies":[{"embeddable":true,"href":"https:\/\/www.europesays.com\/es\/wp-json\/wp\/v2\/comments?post=74066"}],"version-history":[{"count":0,"href":"https:\/\/www.europesays.com\/es\/wp-json\/wp\/v2\/posts\/74066\/revisions"}],"wp:featuredmedia":[{"embeddable":true,"href":"https:\/\/www.europesays.com\/es\/wp-json\/wp\/v2\/media\/74067"}],"wp:attachment":[{"href":"https:\/\/www.europesays.com\/es\/wp-json\/wp\/v2\/media?parent=74066"}],"wp:term":[{"taxonomy":"category","embeddable":true,"href":"https:\/\/www.europesays.com\/es\/wp-json\/wp\/v2\/categories?post=74066"},{"taxonomy":"post_tag","embeddable":true,"href":"https:\/\/www.europesays.com\/es\/wp-json\/wp\/v2\/tags?post=74066"}],"curies":[{"name":"wp","href":"https:\/\/api.w.org\/{rel}","templated":true}]}}