{"id":740664,"date":"2026-08-31T17:50:15","date_gmt":"2026-08-31T17:50:15","guid":{"rendered":"https:\/\/www.europesays.com\/es\/740664\/"},"modified":"2026-08-31T17:50:15","modified_gmt":"2026-08-31T17:50:15","slug":"alemania-lamenta-el-resultado-del-referendum-en-islandia-y-pide-a-la-ue-ser-mas-atractiva","status":"publish","type":"post","link":"https:\/\/www.europesays.com\/es\/740664\/","title":{"rendered":"Alemania lamenta el resultado del refer\u00e9ndum en Islandia y pide a la UE ser \u00abm\u00e1s atractiva\u00bb"},"content":{"rendered":"<p><img decoding=\"async\" class=\"v-ath__i\" loading=\"lazy\" src=\"https:\/\/www.europesays.com\/es\/wp-content\/uploads\/2026\/08\/1788198615_159_autor-5497-foto-3.jpeg\" alt=\"Agencia Europa Press\"\/><\/p>\n<p>31\/08\/2026 a las 17:10h.<\/p>\n<p class=\"v-d-p\" style=\"\">El ministro de Exteriores de Alemania, Johann Wadephul, ha expresado este lunes su pesar por la victoria del &#8216;no&#8217; en el refer\u00e9ndum en Islandia para  &#8230; retomar las negociaciones de adhesi\u00f3n del pa\u00eds a la Uni\u00f3n Europea (UE) y ha pedido que el bloque adopte medidas para ser \u00abm\u00e1s atractivo\u00bb de cara a que otros pa\u00edses quieran sumarse.(Fuente: DPA)<\/p>\n","protected":false},"excerpt":{"rendered":"31\/08\/2026 a las 17:10h. El ministro de Exteriores de Alemania, Johann Wadephul, ha expresado este lunes su pesar&hellip;\n","protected":false},"author":2,"featured_media":740665,"comment_status":"","ping_status":"","sticky":false,"template":"","format":"standard","meta":{"footnotes":""},"categories":[42],"tags":[1660,124628,17,18,13,14,11,61,62,63,64,1612,11174,19,20,9,10,15,16,34,131451,5814,12,21,22,65,66,67],"class_list":["post-740664","post","type-post","status-publish","format-standard","has-post-thumbnail","category-internacional","tag-alemania","tag-atractiva","tag-breaking-news","tag-breakingnews","tag-featured-news","tag-featurednews","tag-headlines","tag-internacional","tag-international","tag-international-news","tag-internationalnews","tag-islandia","tag-lamenta","tag-latest-news","tag-latestnews","tag-news","tag-noticias","tag-noticias-destacadas","tag-noticiasdestacadas","tag-pide","tag-referndum","tag-resultado","tag-titulares","tag-ultimas-noticias","tag-ultimasnoticias","tag-world","tag-world-news","tag-worldnews"],"share_on_mastodon":{"url":"https:\/\/pubeurope.com\/@es\/117191391635806131","error":""},"_links":{"self":[{"href":"https:\/\/www.europesays.com\/es\/wp-json\/wp\/v2\/posts\/740664","targetHints":{"allow":["GET"]}}],"collection":[{"href":"https:\/\/www.europesays.com\/es\/wp-json\/wp\/v2\/posts"}],"about":[{"href":"https:\/\/www.europesays.com\/es\/wp-json\/wp\/v2\/types\/post"}],"author":[{"embeddable":true,"href":"https:\/\/www.europesays.com\/es\/wp-json\/wp\/v2\/users\/2"}],"replies":[{"embeddable":true,"href":"https:\/\/www.europesays.com\/es\/wp-json\/wp\/v2\/comments?post=740664"}],"version-history":[{"count":0,"href":"https:\/\/www.europesays.com\/es\/wp-json\/wp\/v2\/posts\/740664\/revisions"}],"wp:featuredmedia":[{"embeddable":true,"href":"https:\/\/www.europesays.com\/es\/wp-json\/wp\/v2\/media\/740665"}],"wp:attachment":[{"href":"https:\/\/www.europesays.com\/es\/wp-json\/wp\/v2\/media?parent=740664"}],"wp:term":[{"taxonomy":"category","embeddable":true,"href":"https:\/\/www.europesays.com\/es\/wp-json\/wp\/v2\/categories?post=740664"},{"taxonomy":"post_tag","embeddable":true,"href":"https:\/\/www.europesays.com\/es\/wp-json\/wp\/v2\/tags?post=740664"}],"curies":[{"name":"wp","href":"https:\/\/api.w.org\/{rel}","templated":true}]}}