{"id":740668,"date":"2026-08-31T17:52:40","date_gmt":"2026-08-31T17:52:40","guid":{"rendered":"https:\/\/www.europesays.com\/es\/740668\/"},"modified":"2026-08-31T17:52:40","modified_gmt":"2026-08-31T17:52:40","slug":"los-planes-de-espana-para-garantizar-la-defensa-total-de-ceuta-y-melilla-podriamos-apagar-marruecos-en-24-horas","status":"publish","type":"post","link":"https:\/\/www.europesays.com\/es\/740668\/","title":{"rendered":"Los planes de Espa\u00f1a para garantizar la defensa total de Ceuta y Melilla: \u201cPodr\u00edamos apagar Marruecos en 24 horas\u201d"},"content":{"rendered":"<p>La defensa de <strong>Ceuta y Melilla<\/strong> est\u00e1 articulada en <strong>planes<\/strong><a title=\" operativos de contingencia \" href=\"https:\/\/www.larazon.es\/espana\/defensa\/ejercito-espanol-marroqui-quien-tiene-ventaja-que-cifras-cuentan-toda-historia_202608276a902989ae2f3735da1780bb.html\" target=\"_blank\" rel=\"nofollow noopener\"> operativos de contingencia <\/a>dise\u00f1ados para activarse en cuanto Rabat cruzara el umbral militar.<\/p>\n<p>Los expertos militares consultados coinciden en que una invasi\u00f3n convencional es \u201c<strong style=\"white-space: pre-wrap;\">extremadamente improbable<\/strong>\u201d, pero subrayan que Espa\u00f1a mantiene una estructura de defensa capaz de responder con contundencia y rapidez. <\/p>\n<p>El esquema espa\u00f1ol se apoya en tres pilares: <strong>alerta temprana<\/strong>, <strong>superioridad a\u00e9rea y naval<\/strong>, y <strong>capacidad de reacci\u00f3n conjunta<\/strong>.<\/p>\n<p>En Ceuta hay desplegados cerca de <strong style=\"white-space: pre-wrap;\">3.000 militares<\/strong>, pero una agresi\u00f3n no se limitar\u00eda a la ciudad: implicar\u00eda movilizar al conjunto de las Fuerzas Armadas y convertir el Estrecho en un escenario estrat\u00e9gico. <\/p>\n<p>Una agresi\u00f3n ser\u00eda visible y desencadenar\u00eda una respuesta inmediata<\/p>\n<p>Los mandos coinciden en que Marruecos no podr\u00eda ocultar una operaci\u00f3n de envergadura.<\/p>\n<p>El teniente general retirado <strong style=\"white-space: pre-wrap;\">Gan Pampols<\/strong> explica que una invasi\u00f3n requerir\u00eda concentrar brigadas, blindados, munici\u00f3n y combustible: \u201c<strong style=\"white-space: pre-wrap;\">Los veh\u00edculos acorazados no se mueven por carretera. Se les ve, se les escucha. Son visibles siempre<\/strong>\u201d. <\/p>\n<p>El almirante <strong>Rodr\u00edguez Garat<\/strong> lo resume de forma gr\u00e1fica: \u201c<strong>Las brigadas acorazadas no van a la guerra en taxi<\/strong>\u201d. Sat\u00e9lites, drones y sensores terrestres detectar\u00edan cualquier aproximaci\u00f3n de unidades. <\/p>\n<p><img decoding=\"async\" loading=\"lazy\" src=\"https:\/\/www.europesays.com\/es\/wp-content\/uploads\/2026\/08\/imagen-representativa-buque-espanol-puerto_58.jpg\" alt=\"imagen-representativa-buque-espanol-puerto\" width=\"1440\" height=\"810\"\/><b>Un buque de la Armada Espa\u00f1ola en puerto frente a la ense\u00f1a nacional<\/b> Agencia EFE<\/p>\n<p>Si Rabat cruzara la frontera, Espa\u00f1a activar\u00eda una respuesta conjunta bajo el <strong>Mando de Operaciones<\/strong>: Ej\u00e9rcito de Tierra, Armada, Ej\u00e9rcito del Aire y del Espacio, Operaciones Especiales y Ciberdefensa.<\/p>\n<p>Las bases de <strong style=\"white-space: pre-wrap;\">Rota<\/strong> y <strong style=\"white-space: pre-wrap;\">Mor\u00f3n<\/strong> ser\u00edan esenciales para proyectar refuerzos, sostener el flujo log\u00edstico y garantizar la movilidad a\u00e9rea. <\/p>\n<p>La guerra empezar\u00eda en el aire: Espa\u00f1a mantiene la ventaja decisiva<\/p>\n<p>Los mandos consultados coinciden en que el primer<a title=\" golpe ser\u00eda a\u00e9reo. \" href=\"https:\/\/www.larazon.es\/internacional\/dos-f18-espanoles-otan-derriban-dron-que-invadio-espacio-aereo-rumano_202608166a816458a046ad6ebcb426ac.html\" target=\"_blank\" rel=\"nofollow noopener\"> golpe ser\u00eda a\u00e9reo. <\/a>Espa\u00f1a dispone de <strong style=\"white-space: pre-wrap;\">Eurofighter Typhoon<\/strong>, <strong style=\"white-space: pre-wrap;\">F\u201118<\/strong>, fragatas <strong style=\"white-space: pre-wrap;\">F\u2011100<\/strong>, submarinos <strong style=\"white-space: pre-wrap;\">S\u201180<\/strong> y sistemas de integraci\u00f3n de inteligencia, sensores y armas de precisi\u00f3n que Marruecos no puede igualar.<\/p>\n<p>\u201c<strong style=\"white-space: pre-wrap;\">Tenemos los medios suficientes para ganar la batalla a\u00e9rea<\/strong>\u201d, afirma Garat. Gan Pampols a\u00f1ade que, en un escenario de alta intensidad, \u201c<strong style=\"white-space: pre-wrap;\">se emplea todo lo que hay<\/strong>\u201d, incluidos misiles de crucero <strong style=\"white-space: pre-wrap;\">Taurus<\/strong>.<\/p>\n<p>La disuasi\u00f3n espa\u00f1ola se basa en un mensaje claro, recogido en el documento: \u201c<strong style=\"white-space: pre-wrap;\">Todo lo que vuele suyo ir\u00e1 al suelo. Todo lo que flote ser\u00e1 hundido. Puertos, aeropuertos, comunicaciones, gasoductos\u2026 todo eso se acaba<\/strong>\u201d.<\/p>\n<p>Y la frase m\u00e1s contundente, que sintetiza la capacidad de respuesta espa\u00f1ola: \u201c<strong style=\"white-space: pre-wrap;\">Podr\u00edamos apagar Marruecos en 24 horas<\/strong>\u201d.<\/p>\n","protected":false},"excerpt":{"rendered":"La defensa de Ceuta y Melilla est\u00e1 articulada en planes operativos de contingencia dise\u00f1ados para activarse en cuanto&hellip;\n","protected":false},"author":2,"featured_media":740669,"comment_status":"","ping_status":"","sticky":false,"template":"","format":"standard","meta":{"footnotes":""},"categories":[5],"tags":[49587,17,18,4486,1616,130723,25,24,13,14,11,19,20,4485,9,10,15,16,23,12,21,22],"class_list":["post-740668","post","type-post","status-publish","format-standard","has-post-thumbnail","category-titulares","tag-armada-espanola","tag-breaking-news","tag-breakingnews","tag-ceuta","tag-defensa","tag-ejercito-y-fuerzas-armadas","tag-es","tag-espana","tag-featured-news","tag-featurednews","tag-headlines","tag-latest-news","tag-latestnews","tag-marruecos","tag-news","tag-noticias","tag-noticias-destacadas","tag-noticiasdestacadas","tag-spain","tag-titulares","tag-ultimas-noticias","tag-ultimasnoticias"],"share_on_mastodon":{"url":"https:\/\/pubeurope.com\/@es\/117191400580471851","error":""},"_links":{"self":[{"href":"https:\/\/www.europesays.com\/es\/wp-json\/wp\/v2\/posts\/740668","targetHints":{"allow":["GET"]}}],"collection":[{"href":"https:\/\/www.europesays.com\/es\/wp-json\/wp\/v2\/posts"}],"about":[{"href":"https:\/\/www.europesays.com\/es\/wp-json\/wp\/v2\/types\/post"}],"author":[{"embeddable":true,"href":"https:\/\/www.europesays.com\/es\/wp-json\/wp\/v2\/users\/2"}],"replies":[{"embeddable":true,"href":"https:\/\/www.europesays.com\/es\/wp-json\/wp\/v2\/comments?post=740668"}],"version-history":[{"count":0,"href":"https:\/\/www.europesays.com\/es\/wp-json\/wp\/v2\/posts\/740668\/revisions"}],"wp:featuredmedia":[{"embeddable":true,"href":"https:\/\/www.europesays.com\/es\/wp-json\/wp\/v2\/media\/740669"}],"wp:attachment":[{"href":"https:\/\/www.europesays.com\/es\/wp-json\/wp\/v2\/media?parent=740668"}],"wp:term":[{"taxonomy":"category","embeddable":true,"href":"https:\/\/www.europesays.com\/es\/wp-json\/wp\/v2\/categories?post=740668"},{"taxonomy":"post_tag","embeddable":true,"href":"https:\/\/www.europesays.com\/es\/wp-json\/wp\/v2\/tags?post=740668"}],"curies":[{"name":"wp","href":"https:\/\/api.w.org\/{rel}","templated":true}]}}