{"id":740670,"date":"2026-08-31T17:56:26","date_gmt":"2026-08-31T17:56:26","guid":{"rendered":"https:\/\/www.europesays.com\/es\/740670\/"},"modified":"2026-08-31T17:56:26","modified_gmt":"2026-08-31T17:56:26","slug":"el-centenario-de-la-aag-tambien-se-celebro-con-los-clubes-de-la-federacion-de-centro-y-cuyo","status":"publish","type":"post","link":"https:\/\/www.europesays.com\/es\/740670\/","title":{"rendered":"El Centenario de la AAG tambi\u00e9n se celebr\u00f3 con los clubes de la Federaci\u00f3n de Centro y Cuyo"},"content":{"rendered":"<p><img fetchpriority=\"high\" decoding=\"async\" class=\"alignnone size-full wp-image-122773\" src=\"https:\/\/www.europesays.com\/es\/wp-content\/uploads\/2026\/08\/2026-08-30-CCM-AAG100-1-copia.png\" alt=\"\" width=\"1903\" height=\"640\"  \/><\/p>\n<p>Participaron jugadores del Golf Club San Luis, La Vacherie Country Golf, Golf Club Andino, Mendoza Norte Golf Club, Los Quebrachos Golf, Club de Campo Mendoza, Villa Mercedes Golf Club, Nevado Golf Club, Los Caldenes Club de Campo y Club Amancay.<\/p>\n<p>Una vez finalizada la competencia se realiz\u00f3 la ceremonia de entrega de premios y el tradicional corte de la torta por el Centenario de la AAG.<\/p>\n<p>El encuentro cont\u00f3 con la presencia de Pablo Lozada, Presidente de la Asociaci\u00f3n Argentina de Golf; Pablo Feeney, Vicepresidente; Luis Caucino, Vicepresidente segundo; y Mike Leeson, Director Ejecutivo. Tambi\u00e9n participaron Lucas S\u00e1nchez, Presidente de la Federaci\u00f3n Regional de Golf Centro y Cuyo, y Pablo Cabrerizo, Presidente del Club de Campo Mendoza.<\/p>\n<p>En la competencia, Gabriel Cabrerizo, del Golf Club Andino, obtuvo el primer puesto en la categor\u00eda 12.1 a 54, seguido por Daniel Rosales, del Golf Club San Luis. En la Categor\u00eda A de Hasta 12.0, la ganadora fue Josefina Zemborain, del Club de Campo Mendoza, mientras que Alfredo Garro, del Golf Club San Luis, finaliz\u00f3 en la segunda posici\u00f3n.<\/p>\n<p>Cabrerizo tambi\u00e9n protagoniz\u00f3 uno de los momentos destacados de la jornada al realizar un hoyo en uno en el hoyo 16, logro por el que recibi\u00f3 una menci\u00f3n especial.<\/p>\n<p>Como parte de la celebraci\u00f3n, la AAG entreg\u00f3 presentes a los clubes afiliados a la Federaci\u00f3n Regional de Golf Centro y Cuyo. Fueron reconocidos Club Amancay, Club de Campo Mendoza, Golf Club Andino, Golf Club San Luis, La Vacherie Country Golf, Los Caldenes Club de Campo, Los Quebrachos Golf, Mendoza Norte Golf Club, Nevado Golf Club, Villa Mercedes Golf Club y Vi\u00f1as del Golf.<\/p>\n<p>La jornada form\u00f3 parte de las actividades que la Asociaci\u00f3n Argentina de Golf lleva adelante junto con clubes y federaciones regionales para celebrar sus primeros cien a\u00f1os de vida institucional.<\/p>\n","protected":false},"excerpt":{"rendered":"Participaron jugadores del Golf Club San Luis, La Vacherie Country Golf, Golf Club Andino, Mendoza Norte Golf Club,&hellip;\n","protected":false},"author":2,"featured_media":740671,"comment_status":"","ping_status":"","sticky":false,"template":"","format":"standard","meta":{"footnotes":""},"categories":[275],"tags":[168,25,24,329,23,167],"class_list":["post-740670","post","type-post","status-publish","format-standard","has-post-thumbnail","category-golf","tag-deportes","tag-es","tag-espana","tag-golf","tag-spain","tag-sports"],"share_on_mastodon":{"url":"https:\/\/pubeurope.com\/@es\/117191416418022393","error":""},"_links":{"self":[{"href":"https:\/\/www.europesays.com\/es\/wp-json\/wp\/v2\/posts\/740670","targetHints":{"allow":["GET"]}}],"collection":[{"href":"https:\/\/www.europesays.com\/es\/wp-json\/wp\/v2\/posts"}],"about":[{"href":"https:\/\/www.europesays.com\/es\/wp-json\/wp\/v2\/types\/post"}],"author":[{"embeddable":true,"href":"https:\/\/www.europesays.com\/es\/wp-json\/wp\/v2\/users\/2"}],"replies":[{"embeddable":true,"href":"https:\/\/www.europesays.com\/es\/wp-json\/wp\/v2\/comments?post=740670"}],"version-history":[{"count":0,"href":"https:\/\/www.europesays.com\/es\/wp-json\/wp\/v2\/posts\/740670\/revisions"}],"wp:featuredmedia":[{"embeddable":true,"href":"https:\/\/www.europesays.com\/es\/wp-json\/wp\/v2\/media\/740671"}],"wp:attachment":[{"href":"https:\/\/www.europesays.com\/es\/wp-json\/wp\/v2\/media?parent=740670"}],"wp:term":[{"taxonomy":"category","embeddable":true,"href":"https:\/\/www.europesays.com\/es\/wp-json\/wp\/v2\/categories?post=740670"},{"taxonomy":"post_tag","embeddable":true,"href":"https:\/\/www.europesays.com\/es\/wp-json\/wp\/v2\/tags?post=740670"}],"curies":[{"name":"wp","href":"https:\/\/api.w.org\/{rel}","templated":true}]}}