{"id":740678,"date":"2026-08-31T18:01:16","date_gmt":"2026-08-31T18:01:16","guid":{"rendered":"https:\/\/www.europesays.com\/es\/740678\/"},"modified":"2026-08-31T18:01:16","modified_gmt":"2026-08-31T18:01:16","slug":"deco-con-todo-a-por-ruud-nijstad","status":"publish","type":"post","link":"https:\/\/www.europesays.com\/es\/740678\/","title":{"rendered":"Deco, con todo a por Ruud Nijstad"},"content":{"rendered":"<p class=\"ft-text\">El frenetismo se ha apoderado de la Ciutat Esportiva Joan Gamper. Tras el golpe de efecto que supuso cerrar por sorpresa <a class=\"ft-link ft-link--decoration\" href=\"https:\/\/www.sport.es\/es\/noticias\/barca\/gabriel-jesus-fichaje-sorpresa-barca-133780383\" rel=\"nofollow noopener\" target=\"_blank\">la incorporaci\u00f3n del delantero brasile\u00f1o Gabriel Jesus<\/a>, la direcci\u00f3n deportiva comandada por Deco ha reenfocado inmediatamente su radar. Tal y como ya adelant\u00f3 SPORT, <strong>la m\u00e1xima y absoluta prioridad para este cierre de mercado es apuntalar la zaga con un central zurdo.<\/strong> El club busca un perfil muy concreto: joven, con gran proyecci\u00f3n y unas condiciones econ\u00f3micas que encajen en el &#8216;fair play&#8217; financiero.<\/p>\n<p class=\"ft-text\">La necesidad de incorporar a este nuevo zaguero ha provocado un efecto domin\u00f3 en la base blaugrana. El caso m\u00e1s evidente <a class=\"ft-link ft-link--decoration\" href=\"https:\/\/www.sport.es\/es\/noticias\/barca\/alvaro-cortes-convocado-athletic-fichaje-133698507\" rel=\"nofollow noopener\" target=\"_blank\">ha sido la reciente salida del canterano \u00c1lvaro Cort\u00e9s.<\/a> El joven defensa, que hab\u00eda iniciado la pretemporada bajo las \u00f3rdenes de Flick y aspiraba a consolidarse en la din\u00e1mica del primer equipo, <strong>opt\u00f3 por hacer las maletas hace unos d\u00edas.<\/strong><\/p>\n<p><img decoding=\"async\" src=\"https:\/\/www.europesays.com\/es\/wp-content\/uploads\/2026\/08\/240022b7-a595-48b5-a950-d93d299e4fbc_alta-libre-aspect-ratio_default_0_x960y360.jpg\" width=\"1200\" height=\"675\" alt=\"Ruud Nijstad, del Twente, podr\u00eda acabar como blaugrana\" class=\"ft-helper-img-rd\" loading=\"lazy\" fetchpriority=\"auto\"\/><\/p>\n<p class=\"ft-helper-fontColor-quaternary ft-helper-fontSize-body-S ft-helper-spacer-t-xxs\">Ruud Nijstad, del Twente, podr\u00eda acabar como blaugrana  \/ SPORT<\/p>\n<p class=\"ft-text\">Con el hueco hecho y la necesidad t\u00e1ctica sobre la mesa, el nombre que est\u00e1 marcado en rojo en la agenda de Deco es el de <strong>Ruud Nijstad.<\/strong> El director deportivo luso va con todo a por el prometedor central neerland\u00e9s de 18 a\u00f1os del FC Twente. No se trata de un inter\u00e9s repentino fruto de las urgencias de \u00faltima hora. En la <a class=\"ft-link ft-link--decoration\" href=\"https:\/\/www.sport.es\/es\/noticias\/barca\/calienta-opcion-ruud-nijstad-central-133712914\" rel=\"nofollow noopener\" target=\"_blank\">secretar\u00eda t\u00e9cnica manejan informes inmejorables de este futbolista<\/a>, hasta el punto de que el propio <strong>Deco y Jo\u00e3o Amaral ya se desplazaron en dos ocasiones a los Pa\u00edses Bajos<\/strong> meses atr\u00e1s para sentar las bases con su entorno.<\/p>\n<p>El nuevo arquetipo de central<\/p>\n<p class=\"ft-text\">Nijstad representa el prototipo de central moderno que demanda el sistema de l\u00ednea adelantada de Hansi Flick. Con <strong>una envergadura imponente (1,95 metros), destaca por su pulcra salida de bal\u00f3n con la pierna izquierda<\/strong>, su contundencia en el juego a\u00e9reo y su capacidad para romper l\u00edneas desde atr\u00e1s. En los Pa\u00edses Bajos ya comparan su irrupci\u00f3n y estilo de juego con el de perfiles como <strong>Dean Huijsen.<\/strong><\/p>\n<p class=\"ft-text\">Desde la entidad barcelonista dejan claro un matiz importante respecto a los movimientos en la cantera. La inminente ofensiva por Nijstad es una operaci\u00f3n completamente independiente del reciente fichaje de <strong>Mikael Baza<\/strong>. El central de 16 a\u00f1os aterriza en <a class=\"ft-link ft-link--decoration\" href=\"https:\/\/www.sport.es\/es\/noticias\/barca\/barca-cierra-fichaje-mikael-baza-133798927\" rel=\"nofollow noopener\" target=\"_blank\">La Masia con el objetivo exclusivo de reforzar la plantilla del Juvenil B y continuar su fase de formaci\u00f3n.<\/a><\/p>\n<p>El Twente no lo pondr\u00eda f\u00e1cil<\/p>\n<p class=\"ft-text\">La operaci\u00f3n, sin embargo, no ser\u00e1 un camino de rosas. El FC Twente se muestra enormemente reticente a dejar salir a su gran joya a escasas horas de que cierre el mercado. En el club neerland\u00e9s consideran que el jugador a\u00fan tiene margen de crecimiento en la Eredivisie, y John van den Brom, su t\u00e9cnico, <strong>ya expres\u00f3 p\u00fablicamente que este ruido medi\u00e1tico genera inestabilidad en un chico tan joven.<\/strong><\/p>\n<p><img decoding=\"async\" src=\"https:\/\/www.europesays.com\/es\/wp-content\/uploads\/2026\/08\/8a51ac25-ae89-47dd-92b4-0417395baab2_alta-libre-aspect-ratio_default_0_x600y225.jpg\" width=\"1200\" height=\"675\" alt=\"Ruud Nijstad, del Twente, podr\u00eda acabar como blaugrana\" class=\"ft-helper-img-rd\" loading=\"lazy\" fetchpriority=\"auto\"\/><\/p>\n<p class=\"ft-helper-fontColor-quaternary ft-helper-fontSize-body-S ft-helper-spacer-t-xxs\">Ruud Nijstad, del Twente, podr\u00eda acabar como blaugrana  \/ X<\/p>\n<p class=\"ft-text\">A favor del FC Barcelona juega la voluntad del futbolista. Tras renovar recientemente hasta 2029, Nijstad no dud\u00f3 en <a class=\"ft-link ft-link--decoration\" href=\"https:\/\/www.sport.es\/es\/noticias\/barca\/ruud-nijstad-formar-pareja-centrales-132495127\" rel=\"nofollow noopener\" target=\"_blank\">lanzar un gui\u00f1o directo a la entidad catalana<\/a> el pasado mes de julio, dejando claras sus aspiraciones: <strong>\u00abJugar en el FC Barcelona y formar una pareja de centrales con Cubars\u00ed ser\u00eda, por supuesto, el objetivo definitivo\u00bb.<\/strong><\/p>\n<p class=\"ft-text\">Ahora, con el reloj corriendo en contra, Deco asume el reto de convertir ese objetivo en realidad antes del pitido final del mercado.<\/p>\n","protected":false},"excerpt":{"rendered":"El frenetismo se ha apoderado de la Ciutat Esportiva Joan Gamper. Tras el golpe de efecto que supuso&hellip;\n","protected":false},"author":2,"featured_media":740679,"comment_status":"","ping_status":"","sticky":false,"template":"","format":"standard","meta":{"footnotes":""},"categories":[268],"tags":[2296,882,168,25,24,280,282,85378,29073,281,23,167],"class_list":["post-740678","post","type-post","status-publish","format-standard","has-post-thumbnail","category-futbol","tag-barca","tag-deco","tag-deportes","tag-es","tag-espana","tag-football","tag-futbol","tag-nijstad","tag-ruud","tag-soccer","tag-spain","tag-sports"],"share_on_mastodon":{"url":"https:\/\/pubeurope.com\/@es\/117191436061910651","error":""},"_links":{"self":[{"href":"https:\/\/www.europesays.com\/es\/wp-json\/wp\/v2\/posts\/740678","targetHints":{"allow":["GET"]}}],"collection":[{"href":"https:\/\/www.europesays.com\/es\/wp-json\/wp\/v2\/posts"}],"about":[{"href":"https:\/\/www.europesays.com\/es\/wp-json\/wp\/v2\/types\/post"}],"author":[{"embeddable":true,"href":"https:\/\/www.europesays.com\/es\/wp-json\/wp\/v2\/users\/2"}],"replies":[{"embeddable":true,"href":"https:\/\/www.europesays.com\/es\/wp-json\/wp\/v2\/comments?post=740678"}],"version-history":[{"count":0,"href":"https:\/\/www.europesays.com\/es\/wp-json\/wp\/v2\/posts\/740678\/revisions"}],"wp:featuredmedia":[{"embeddable":true,"href":"https:\/\/www.europesays.com\/es\/wp-json\/wp\/v2\/media\/740679"}],"wp:attachment":[{"href":"https:\/\/www.europesays.com\/es\/wp-json\/wp\/v2\/media?parent=740678"}],"wp:term":[{"taxonomy":"category","embeddable":true,"href":"https:\/\/www.europesays.com\/es\/wp-json\/wp\/v2\/categories?post=740678"},{"taxonomy":"post_tag","embeddable":true,"href":"https:\/\/www.europesays.com\/es\/wp-json\/wp\/v2\/tags?post=740678"}],"curies":[{"name":"wp","href":"https:\/\/api.w.org\/{rel}","templated":true}]}}