{"id":740680,"date":"2026-08-31T18:02:15","date_gmt":"2026-08-31T18:02:15","guid":{"rendered":"https:\/\/www.europesays.com\/es\/740680\/"},"modified":"2026-08-31T18:02:15","modified_gmt":"2026-08-31T18:02:15","slug":"rodrigo-sorogoyen-e-isabel-pena-sobre-el-ser-querido-ha-sido-el-guion-mas-dificil-que-hemos-escrito","status":"publish","type":"post","link":"https:\/\/www.europesays.com\/es\/740680\/","title":{"rendered":"Rodrigo Sorogoyen e Isabel Pe\u00f1a, sobre \u2018El ser querido\u2019: \u201cHa sido el guion m\u00e1s dif\u00edcil que hemos escrito\u201d"},"content":{"rendered":"<p class=\"article-text\">\n        Tras un \u00e9xito <a href=\"https:\/\/www.eldiario.es\/cultura\/cine\/as-bestas-thriller-rural-coccion-lenta-sorogoyen-entrega-mejor-pelicula_129_9700052.html\" data-mrf-recirculation=\"links-noticia\" class=\"link\" rel=\"nofollow noopener\" target=\"_blank\">como <\/a><a href=\"https:\/\/www.eldiario.es\/cultura\/cine\/as-bestas-thriller-rural-coccion-lenta-sorogoyen-entrega-mejor-pelicula_129_9700052.html\" data-mrf-recirculation=\"links-noticia\" class=\"link\" rel=\"nofollow noopener\" target=\"_blank\">As bestas,<\/a> el t\u00e1ndem creativo formado por Rodrigo Sorogoyen e Isabel Pe\u00f1a, guionistas de todos los filmes del director, se plante\u00f3 qu\u00e9 ser\u00eda lo siguiente. Lo f\u00e1cil, casi lo l\u00f3gico, hubiera sido que apostaran por continuar con lo que les hab\u00eda dado el \u00e9xito y el reconocimiento, ese thriller tenso como un cuchillo que hab\u00edan ido perfeccionando hasta perfeccionarlo en la serie Antidisturbios y el filme con el que lograron 9 premios Goyas, entre ellos el de Mejor pel\u00edcula, direcci\u00f3n y guion.\n    <\/p>\n<p>    <a href=\"https:\/\/www.eldiario.es\/cultura\/cine\/tadeo-jones-sorogoyen-salvan-verano-cine-espanol-arrasan-taquilla_1_13476050.html\" data-mrf-recirculation=\"saber-mas\" data-dl-event=\"saber-mas\" rel=\"nofollow noopener\" target=\"_blank\"><\/p>\n<p class=\"know-more__title\">Tadeo Jones y Sorogoyen salvan el verano del cine espa\u00f1ol y arrasan en taquilla<\/p>\n<p>            <img decoding=\"async\" class=\"lazy\" loading=\"lazy\" data-src=\"https:\/\/static.eldiario.es\/clip\/52477b50-447e-4b8d-9308-ffb009be4499_16-9-aspect-ratio_default_0_x558y658.jpg\" src=\"data:image\/svg+xml,%3Csvg xmlns=\" http:=\"\" viewbox=\"0 0 880 495\" alt=\"Tadeo Jones y Sorogoyen salvan el verano del cine espa\u00f1ol y arrasan en taquilla\"\/><\/p>\n<p>                        <\/a><\/p>\n<p class=\"article-text\">\n        Sin embargo, sintieron la necesidad de huir de lo f\u00e1cil, y eso significaba huir del thriller. <a href=\"https:\/\/www.eldiario.es\/cultura\/cine\/descomunales-javier-bardem-victoria-luengo-llevan-sorogoyen-madurez-director-querido_129_13466509.html\" data-mrf-recirculation=\"links-noticia\" class=\"link\" rel=\"nofollow noopener\" target=\"_blank\">El resultado es<\/a><a href=\"https:\/\/www.eldiario.es\/cultura\/cine\/descomunales-javier-bardem-victoria-luengo-llevan-sorogoyen-madurez-director-querido_129_13466509.html\" data-mrf-recirculation=\"links-noticia\" class=\"link\" rel=\"nofollow noopener\" target=\"_blank\"> El ser querido<\/a><a href=\"https:\/\/www.eldiario.es\/cultura\/cine\/descomunales-javier-bardem-victoria-luengo-llevan-sorogoyen-madurez-director-querido_129_13466509.html\" data-mrf-recirculation=\"links-noticia\" class=\"link\" rel=\"nofollow noopener\" target=\"_blank\">,<\/a> su nueva pel\u00edcula que se ha estrenado con \u00e9xito en la taquilla y donde Javier Bardem interpreta a un director que contrata a su hija, a la que hace m\u00e1s de diez a\u00f1os que no ve, para protagonizar su nuevo filme.\n    <\/p>\n<p class=\"article-text\">\n        Lo complicado del reto lo confiesan Sorogoyen y Pe\u00f1a en este clip detr\u00e1s de las c\u00e1maras que <a href=\"http:\/\/elDiario.es\" target=\"_blank\" data-mrf-recirculation=\"links-noticia\" class=\"link\" rel=\"nofollow noopener\">elDiario.es<\/a> ofrece en exclusiva y en el que dan las claves del que tienen claro que ha sido el guion m\u00e1s complicado que han hecho. \u201cHa sido el m\u00e1s dif\u00edcil que hemos escrito, nos hemos desesperado\u201d, dice Sorogoyen ante su compa\u00f1era que asiente sabiendo que tiene raz\u00f3n. El resultado, su \u201cpel\u00edcula m\u00e1s arriesgada\u201d.\n    <\/p>\n<p>            <img decoding=\"async\" class=\"lazy\" loading=\"lazy\" data-src=\"https:\/\/static.eldiario.es\/clip\/83ddd7e7-fdf1-4cd9-98e3-47e4d9e99c06_16-9-discover-aspect-ratio_default_0.jpg\" src=\"data:image\/svg+xml,%3Csvg xmlns=\" http:=\"\" viewbox=\"0 0 1200 675\" alt=\"Javier Bardem y Sorogoyen en el rodaje de 'El ser querido'\"\/><\/p>\n<p class=\"article-text\">\n        La idea era \u201chuir del thriller, que no hiciera falta un mecanismo\u201d. En definitiva, \u201cser m\u00e1s libres\u201d, como explica Isabel Pe\u00f1a, que hace memoria y dice que siempre hablan de cosas que les importan, pero que les eran ajenas, aqu\u00ed eso ha cambiado. \u201cDijimos, vamos a hablar de lo que somos, y la documentaci\u00f3n ha sido casi m\u00e1s compartir an\u00e9cdotas\u201d, dice sobre ese rodaje donde las cosas se van tensando hasta llegar a uno de los puntos \u00e1lgidos del filme, la comentada escena de \u2018la caballa\u2019, que Sorogoyen cree que aunque muchos lo piensen, no es el cl\u00edmax del filme, que \u00e9l identifica en la \u00edntima conversaci\u00f3n en la tienda de campa\u00f1a al final.\n    <\/p>\n<p class=\"article-text\">\n        Un guion con dos protagonistas absolutos y a los que quer\u00edan dar el mismo peso, algo que dificultaba el trabajo. \u201cTen\u00edamos una v\u00edctima e igual de presente a alguien que le ha hecho da\u00f1o. A alguien que, en trazo gordo, despreciamos, pero es interesante ponernos en esa piel, y equilibrar personajes con muchas aristas. Ella no es solo una v\u00edctima, es poderosa, desafiante, y \u00e9l tambi\u00e9n tiene culpa y dudas\u201d, dice el director de sus dos protagonistas que interpretan Javier Bardem y Victoria Luengo. Por ello trabajaron en una pizarra en la que cada personaje se escrib\u00eda con un color, las escenas de ambos juntos con otro diferente, y las que eran del rodaje de la pel\u00edcula ficticia que llevan a cabo en un cuarto color. Su obsesi\u00f3n es que hubiera un \u201cequilibro de colores\u201d.\n    <\/p>\n<p>            <img decoding=\"async\" class=\"lazy\" loading=\"lazy\" data-src=\"https:\/\/static.eldiario.es\/clip\/8113b370-5deb-4f70-8d62-8460a2e421bd_16-9-discover-aspect-ratio_default_0.jpg\" src=\"data:image\/svg+xml,%3Csvg xmlns=\" http:=\"\" viewbox=\"0 0 1200 675\" alt=\"Victoria Luengo en el rodaje de 'El ser querido'\"\/><\/p>\n<p class=\"article-text\">\n        A pesar de separarse del thriller, hay algo que mantienen, y es la tensi\u00f3n, que en El ser querido est\u00e1 siempre presente. Para Isabel Pe\u00f1a eso nace de que en las relaciones entre las personas hay \u201cviolencia, fricci\u00f3n\u201d y m\u00e1s en este caso en el que esos personajes conviven en un rodaje, una situaci\u00f3n que, ya de por s\u00ed, no es relajada. As\u00ed que quer\u00edan \u201cllegar a la tensi\u00f3n desde otros lugares\u201d diferentes a los que lo hab\u00edan hecho en otros trabajos.\n    <\/p>\n<p>    <a href=\"https:\/\/www.eldiario.es\/cultura\/cine\/javier-bardem-jovenes-hay-renacer-masculinidad-peligrosa_1_13468664.html\" data-mrf-recirculation=\"saber-mas-abajo\" data-dl-event=\"saber-mas-abajo\" rel=\"nofollow noopener\" target=\"_blank\"><\/p>\n<p class=\"know-more__title\">Javier Bardem: \u201cEn los j\u00f3venes hay un renacer de una masculinidad peligrosa\u201d\n<\/p>\n<p>            <img decoding=\"async\" class=\"lazy\" loading=\"lazy\" data-src=\"https:\/\/static.eldiario.es\/clip\/702c5279-d0ff-4482-b0f3-03b27916346e_16-9-aspect-ratio_default_0_x972y316.jpg\" src=\"data:image\/svg+xml,%3Csvg xmlns=\" http:=\"\" viewbox=\"0 0 880 495\" alt=\"Javier Bardem: \u201cEn los j\u00f3venes hay un renacer de una masculinidad peligrosa\u201d\"\/><\/p>\n<p>                        <\/a><\/p>\n<p class=\"article-text\">\n        Confiesan que en el guion hab\u00eda una escena que les cost\u00f3 mucho quitar, una tormenta de arena que el personaje de Bardem ten\u00eda que rodar y con la que contaban \u201cel sadismo del director en pos de conseguir una escena, porque hab\u00eda un accidente de un especialista\u201d. Eso les dio muchos quebraderos de cabeza pensando c\u00f3mo iban a rodarlo hablando con especialistas\u2026 finalmente decidieron quitarla y ahorrar \u201cdinero energ\u00eda y tiempo\u201d. Ahora, se alegran: \u201cQuitarla dio mucho v\u00e9rtigo y luego se encajaron las piezas, fue una maldici\u00f3n y una bendici\u00f3n\u201d.\n    <\/p>\n","protected":false},"excerpt":{"rendered":"Tras un \u00e9xito como As bestas, el t\u00e1ndem creativo formado por Rodrigo Sorogoyen e Isabel Pe\u00f1a, guionistas de&hellip;\n","protected":false},"author":2,"featured_media":740681,"comment_status":"","ping_status":"","sticky":false,"template":"","format":"standard","meta":{"footnotes":""},"categories":[174],"tags":[255,861,10378,146,147,25,6565,24,256,24866,7511,1729,4877,8012,7106,6746,14198,23],"class_list":["post-740680","post","type-post","status-publish","format-standard","has-post-thumbnail","category-famosos","tag-celebrities","tag-dificil","tag-e","tag-entertainment","tag-entretenimiento","tag-es","tag-escrito","tag-espana","tag-famosos","tag-guion","tag-hemos","tag-isabel","tag-pena","tag-querido","tag-rodrigo","tag-sido","tag-sorogoyen","tag-spain"],"share_on_mastodon":{"url":"https:\/\/pubeurope.com\/@es\/117191438928018041","error":""},"_links":{"self":[{"href":"https:\/\/www.europesays.com\/es\/wp-json\/wp\/v2\/posts\/740680","targetHints":{"allow":["GET"]}}],"collection":[{"href":"https:\/\/www.europesays.com\/es\/wp-json\/wp\/v2\/posts"}],"about":[{"href":"https:\/\/www.europesays.com\/es\/wp-json\/wp\/v2\/types\/post"}],"author":[{"embeddable":true,"href":"https:\/\/www.europesays.com\/es\/wp-json\/wp\/v2\/users\/2"}],"replies":[{"embeddable":true,"href":"https:\/\/www.europesays.com\/es\/wp-json\/wp\/v2\/comments?post=740680"}],"version-history":[{"count":0,"href":"https:\/\/www.europesays.com\/es\/wp-json\/wp\/v2\/posts\/740680\/revisions"}],"wp:featuredmedia":[{"embeddable":true,"href":"https:\/\/www.europesays.com\/es\/wp-json\/wp\/v2\/media\/740681"}],"wp:attachment":[{"href":"https:\/\/www.europesays.com\/es\/wp-json\/wp\/v2\/media?parent=740680"}],"wp:term":[{"taxonomy":"category","embeddable":true,"href":"https:\/\/www.europesays.com\/es\/wp-json\/wp\/v2\/categories?post=740680"},{"taxonomy":"post_tag","embeddable":true,"href":"https:\/\/www.europesays.com\/es\/wp-json\/wp\/v2\/tags?post=740680"}],"curies":[{"name":"wp","href":"https:\/\/api.w.org\/{rel}","templated":true}]}}