{"id":740684,"date":"2026-08-31T18:07:09","date_gmt":"2026-08-31T18:07:09","guid":{"rendered":"https:\/\/www.europesays.com\/es\/740684\/"},"modified":"2026-08-31T18:07:09","modified_gmt":"2026-08-31T18:07:09","slug":"el-ouff-selecciona-10-cintas-vinculadas-a-ourense-de-un-documental-sobre-ferrin-a-un-thriller-en-el-entroido-de-maceda","status":"publish","type":"post","link":"https:\/\/www.europesays.com\/es\/740684\/","title":{"rendered":"El OUFF selecciona 10 cintas vinculadas a Ourense: de un documental sobre Ferr\u00edn a un thriller en el Entroido de Maceda"},"content":{"rendered":"<p class=\"paragraph-atom &#10;        B-500-500-700-N B-600-500-700-N--md  \">\n                    El <a href=\"https:\/\/www.laregion.es\/temas\/ouff\/\" rel=\"nofollow noopener\" target=\"_blank\"><strong>Ourense Film Festival<\/strong><\/a><strong> (OUFF)<\/strong> ha seleccionado para su nueva edici\u00f3n una <strong>decena de cintas<\/strong> vinculadas a la provincia de Ourense entre documentales \u2014como en el que <strong>Aser \u00c1lvarez<\/strong> se acerca a la figura del escritor <strong>Xos\u00e9 Lu\u00eds M\u00e9ndez Ferr\u00edn<\/strong>\u2014 y ficci\u00f3n, entre la que se encuentra el thriller \u201c<strong>O Felo<\/strong>\u201d, de <strong>Suso Costa<\/strong>, que transforma una de las figuras m\u00e1s reconocibles del Entroido de Maceda en una historia de suspense.\n            <\/p>\n<p class=\"paragraph-atom &#10;        B-500-500-700-N B-600-500-700-N--md  \">\n                    La secci\u00f3n <strong>Made in OU<\/strong>, dedicada al cine ourensano, propone en esta <strong>31\u00aa edici\u00f3n<\/strong> un recorrido por diferentes g\u00e9neros, generaciones y formas de entender el audiovisual. El cineasta <strong>Rub\u00e9n M\u00e9ndez<\/strong> se encarga de su coordinaci\u00f3n por segundo a\u00f1o consecutivo.\n            <\/p>\n<p class=\"paragraph-atom &#10;        B-500-500-700-N B-600-500-700-N--md  \">\n                    Podr\u00e1n verse en <strong>cuatro jornadas consecutivas<\/strong>, cada d\u00eda en torno a un bloque tem\u00e1tico, entre el <strong>29 de septiembre y el 2 de octubre<\/strong> en el <strong>Cineclube Padre Feijoo<\/strong>.\n            <\/p>\n<p class=\"paragraph-atom &#10;        B-500-500-700-N B-600-500-700-N--md  \">\n                    El <strong>29 de septiembre<\/strong> inaugura la secci\u00f3n el largometraje documental \u201c<strong>Todo pode esperar<\/strong>\u201d, dirigido por <strong>Borja Casal<\/strong> y protagonizado por <strong>C\u00e9sar Mor\u00e1n<\/strong>. La obra \u2014reconocida con el <strong>I Premio Jos\u00e9 Gil ao Mellor Gui\u00f3n Documental<\/strong> de la Diputaci\u00f3n de A Coru\u00f1a\u2014 ahonda en los sue\u00f1os musicales que esperaron medio siglo para hacerse realidad.\n            <\/p>\n<p>\n        Relacionado\n    <\/p>\n<p class=\"paragraph-atom &#10;        B-500-500-700-N B-600-500-700-N--md  \">\n                    El <strong>30 de septiembre<\/strong> ser\u00e1 el turno de la memoria y el territorio: \u201c<strong>Ferr\u00edn Arraiano<\/strong>\u201d, donde Aser \u00c1lvarez analiza la figura de Ferr\u00edn y a raia; \u201c<strong>Mulleres en Parada de Sil<\/strong>\u201d, dirigido por <strong>Sabela Rodr\u00edguez<\/strong>; y \u201c<strong>Cando o vento arde<\/strong>\u201d, de <strong>Alfonso Arturo \u00c1lvarez<\/strong>, un testimonio grabado con el tel\u00e9fono m\u00f3vil durante los incendios en la estaci\u00f3n de monta\u00f1a de Manzaneda.\n            <\/p>\n<p class=\"paragraph-atom &#10;        B-500-500-700-N B-600-500-700-N--md  \">\n                    El <strong>1 de octubre<\/strong> podr\u00e1n verse: la citada \u201c<strong>O Felo<\/strong>\u201d; \u201c<strong>As mans da pulpeira<\/strong>\u201d, de <strong>Silvia Cachafeiro<\/strong>, rodada en Carballi\u00f1o; y \u201c<strong>El silencio de Allen Robert Angelo<\/strong>\u201d, de <strong>Marzo Lozano<\/strong>, el retrato de un hombre que escoge vivir aislado en las monta\u00f1as.\n            <\/p>\n<p class=\"paragraph-atom &#10;        B-500-500-700-N B-600-500-700-N--md  \">\n                    El <strong>2 de octubre<\/strong> se despide la secci\u00f3n con: \u201c<strong>Dopamina Zero<\/strong>\u201d, protagonizado por <strong>Juan Jos\u00e9 Ballesta<\/strong> y rodado en <strong>O Barco de Valdeorras<\/strong>; la comedia criminal \u201c<strong>Dos Gardenias<\/strong>\u201d, de <strong>Juan Hervella-Rego<\/strong>; y \u201c<strong>Rob\u00f3 y gan\u00f3<\/strong>\u201d, de <strong>Ald\u00e1n Michinel<\/strong>, definido como \u00abun Breaking Bad a la gallega\u00bb.\n            <\/p>\n<p class=\"paragraph-atom &#10;        B-500-500-700-N B-600-500-700-N--md  \">\n                    La <strong>31\u00aa edici\u00f3n del OUFF<\/strong> se celebrar\u00e1 del <strong>25 de septiembre al 4 de octubre<\/strong>. Est\u00e1 organizado por la <strong>Asociaci\u00f3n Luarada<\/strong> con el apoyo de la <strong>Diputaci\u00f3n de Ourense<\/strong> y la <strong>Xunta<\/strong>.\n            <\/p>\n","protected":false},"excerpt":{"rendered":"El Ourense Film Festival (OUFF) ha seleccionado para su nueva edici\u00f3n una decena de cintas vinculadas a la&hellip;\n","protected":false},"author":2,"featured_media":740685,"comment_status":"","ping_status":"","sticky":false,"template":"","format":"standard","meta":{"footnotes":""},"categories":[169],"tags":[5287,177,92896,146,147,25,24,176,175,40865,77886,23,4168],"class_list":["post-740684","post","type-post","status-publish","format-standard","has-post-thumbnail","category-cine","tag-5287","tag-cine","tag-cintas","tag-entertainment","tag-entretenimiento","tag-es","tag-espana","tag-film","tag-movies","tag-ouff","tag-selecciona","tag-spain","tag-vinculadas"],"share_on_mastodon":{"url":"https:\/\/pubeurope.com\/@es\/117191458974445280","error":""},"_links":{"self":[{"href":"https:\/\/www.europesays.com\/es\/wp-json\/wp\/v2\/posts\/740684","targetHints":{"allow":["GET"]}}],"collection":[{"href":"https:\/\/www.europesays.com\/es\/wp-json\/wp\/v2\/posts"}],"about":[{"href":"https:\/\/www.europesays.com\/es\/wp-json\/wp\/v2\/types\/post"}],"author":[{"embeddable":true,"href":"https:\/\/www.europesays.com\/es\/wp-json\/wp\/v2\/users\/2"}],"replies":[{"embeddable":true,"href":"https:\/\/www.europesays.com\/es\/wp-json\/wp\/v2\/comments?post=740684"}],"version-history":[{"count":0,"href":"https:\/\/www.europesays.com\/es\/wp-json\/wp\/v2\/posts\/740684\/revisions"}],"wp:featuredmedia":[{"embeddable":true,"href":"https:\/\/www.europesays.com\/es\/wp-json\/wp\/v2\/media\/740685"}],"wp:attachment":[{"href":"https:\/\/www.europesays.com\/es\/wp-json\/wp\/v2\/media?parent=740684"}],"wp:term":[{"taxonomy":"category","embeddable":true,"href":"https:\/\/www.europesays.com\/es\/wp-json\/wp\/v2\/categories?post=740684"},{"taxonomy":"post_tag","embeddable":true,"href":"https:\/\/www.europesays.com\/es\/wp-json\/wp\/v2\/tags?post=740684"}],"curies":[{"name":"wp","href":"https:\/\/api.w.org\/{rel}","templated":true}]}}