{"id":740698,"date":"2026-08-31T18:14:23","date_gmt":"2026-08-31T18:14:23","guid":{"rendered":"https:\/\/www.europesays.com\/es\/740698\/"},"modified":"2026-08-31T18:14:23","modified_gmt":"2026-08-31T18:14:23","slug":"caos-en-el-acceso-al-campamento-de-urgencia-de-ceuta-cargas-policiales-y-un-herido-tras-horas-de-espera","status":"publish","type":"post","link":"https:\/\/www.europesays.com\/es\/740698\/","title":{"rendered":"Caos en el acceso al campamento de urgencia de Ceuta: cargas policiales y un herido tras horas de espera"},"content":{"rendered":"<p class=\"article-text\">\n        El acceso al campamento de emergencia instalado por el Ministerio de Inclusi\u00f3n, Seguridad Social y Migraciones en el embolsamiento de Loma Colmenar, en Ceuta, ha derivado este lunes en una situaci\u00f3n violenta, despu\u00e9s de que cientos de migrantes que llevaban horas esperando para entrar intentaran acceder al recinto de forma masiva. La Polic\u00eda Nacional ha intervenido para contener la avalancha y ha realizado cargas, adem\u00e1s de utilizar pelotas de goma, en unos incidentes que han dejado al menos a una persona herida.\n    <\/p>\n<p>    <a href=\"https:\/\/www.eldiario.es\/politica\/sanchez-anuncia-rey-felipe-vi-ira-ceuta-hay-razones-suficientes_1_13475926.html\" data-mrf-recirculation=\"saber-mas\" data-dl-event=\"saber-mas\" rel=\"nofollow noopener\" target=\"_blank\"><\/p>\n<p class=\"know-more__title\">S\u00e1nchez anuncia que el rey Felipe VI ir\u00e1 a Ceuta \u00abcuando se den las condiciones\u00bb<\/p>\n<p>            <img decoding=\"async\" class=\"lazy\" loading=\"lazy\" data-src=\"https:\/\/static.eldiario.es\/clip\/86b1cea2-3ebe-492e-a9ed-e3bc12c5be7e_16-9-aspect-ratio_default_0_x465y197.jpg\" src=\"data:image\/svg+xml,%3Csvg xmlns=\" http:=\"\" viewbox=\"0 0 880 495\" alt=\"S\u00e1nchez anuncia que el rey Felipe VI ir\u00e1 a Ceuta &quot;cuando se den las condiciones&quot;\"\/><\/p>\n<p>                        <\/a><\/p>\n<p class=\"article-text\">\n        Paralelamente, alrededor de 400 mujeres que permanec\u00edan en campamentos instalados en distintas barriadas de Ceuta han sido trasladadas hasta las instalaciones de la H\u00edpica.\n    <\/p>\n<p class=\"article-text\">\n        La tensi\u00f3n comenz\u00f3 a crecer despu\u00e9s de que durante la ma\u00f1ana se habilitara el acceso de un grupo de personas al interior del equipamiento de acogida de Loma Colmenar. La entrada provoc\u00f3 que quienes permanec\u00edan fuera, muchos de ellos despu\u00e9s de haber pasado la noche en las inmediaciones, intentaran avanzar al mismo tiempo para conseguir un lugar dentro del campamento.\n    <\/p>\n<p class=\"article-text\">\n        La concentraci\u00f3n llevaba horas creciendo en los alrededores de la explanada. Eran miles, entre magreb\u00edes y subsaharianos. Las personas migrantes ocupaban las aceras, durmiendo all\u00ed hasta la ma\u00f1ana, cerrando parte de los accesos, mientras esperaban la posibilidad de entrar en unas instalaciones que cuentan con una capacidad limitada. La situaci\u00f3n termin\u00f3 generando empujones y una avalancha en la que tambi\u00e9n se produjeron enfrentamientos entre algunos de los propios migrantes.\n    <\/p>\n<p>            <img decoding=\"async\" class=\"lazy\" loading=\"lazy\" data-src=\"https:\/\/static.eldiario.es\/clip\/88f4c7c4-f9c5-4a6b-8f74-8b581c0ae1ed_16-9-discover-aspect-ratio_default_0_x1428y637.jpg\" src=\"data:image\/svg+xml,%3Csvg xmlns=\" http:=\"\" viewbox=\"0 0 1200 675\" alt=\"Imagen de las calles de Ceuta, este lunes.\"\/><\/p>\n<p class=\"article-text\">\n        Ante la presi\u00f3n acumulada en los accesos, los agentes desplegados en la zona se vieron obligados a intervenir para impedir que el grupo irrumpiera en el recinto. La Polic\u00eda realiz\u00f3 varias cargas y emple\u00f3 material antidisturbios, entre ellos pelotas de goma, para contener a quienes intentaban avanzar hacia la entrada, desde la colina que da a las viviendas sociales de color verde que presiden la barriada.\n    <\/p>\n<p class=\"article-text\">\n        Uno de los migrantes implicados en los incidentes termin\u00f3 herido durante la intervenci\u00f3n y tuvo que ser trasladado hasta el interior del campamento por otras personas, que lo introdujeron en brazos. El clima de conflicto se mantuvo durante buena parte de la ma\u00f1ana en los alrededores del embolsamiento, mientras los efectivos policiales trataban de mantener despejados los accesos.\n    <\/p>\n<p>    Largas esperas y traslado de mujeres a la H\u00edpica<\/p>\n<p class=\"article-text\">\n        El problema se ha agravado por la presencia continuada de personas en el exterior del recinto. Muchos de los migrantes que han acudido a Loma Colmenar pretenden acceder a los recursos habilitados por el Gobierno, pero la capacidad disponible no permite atender de una sola vez a todas las personas que se concentran en la zona.\n    <\/p>\n<p class=\"article-text\">\n        La explanada se ha convertido as\u00ed en un punto de espera permanente, con personas que llegan desde otros lugares de Ceuta y permanecen en los alrededores a la espera de que se produzcan nuevas entradas. El dispositivo policial ha tenido que controlar los accesos para evitar que la presi\u00f3n de la concentraci\u00f3n termine provocando una nueva avalancha.\n    <\/p>\n<p class=\"article-text\">\n        Los incidentes se producen adem\u00e1s mientras contin\u00faan los trabajos para ampliar y habilitar nuevos espacios de acogida en la ciudad. El campamento de Loma Colmenar forma parte del dispositivo desplegado para atender a una parte de las personas que permanecen en Ceuta tras la entrada masiva registrada a finales de julio.\n    <\/p>\n<p class=\"article-text\">\n        Durante esta jornada tambi\u00e9n se ha producido el traslado de unas 400 mujeres que permanec\u00edan en los campamentos vecinales repartidos por diferentes barriadas. Estas mujeres han sido conducidas hasta la H\u00edpica, otro de los espacios que se est\u00e1n utilizando para ampliar la capacidad de acogida ante la presi\u00f3n existente.\n    <\/p>\n<p>    <a href=\"https:\/\/www.eldiario.es\/politica\/juventud-insiste-trasladar-peninsula-menores-quedan-ceuta-pese-negativa-sanchez_1_13476413.html\" data-mrf-recirculation=\"saber-mas-abajo\" data-dl-event=\"saber-mas-abajo\" rel=\"nofollow noopener\" target=\"_blank\"><\/p>\n<p class=\"know-more__title\">Juventud insiste en trasladar ya a la Pen\u00ednsula a los menores que quedan en Ceuta pese a la negativa de S\u00e1nchez<\/p>\n<p>            <img decoding=\"async\" class=\"lazy\" loading=\"lazy\" data-src=\"https:\/\/static.eldiario.es\/clip\/36bb957e-e453-4294-a609-36f96f88dc58_16-9-aspect-ratio_default_0_x995y270.jpg\" src=\"data:image\/svg+xml,%3Csvg xmlns=\" http:=\"\" viewbox=\"0 0 880 495\" alt=\"Juventud insiste en trasladar ya a la Pen\u00ednsula a los menores que quedan en Ceuta pese a la negativa de S\u00e1nchez\"\/><\/p>\n<p>                        <\/a><\/p>\n<p class=\"article-text\">\n        La operaci\u00f3n pretende descongestionar los asentamientos improvisados que se han ido formando en distintos puntos de la ciudad y trasladar a parte de las personas que permanecen en la calle hacia instalaciones preparadas para su atenci\u00f3n.\n    <\/p>\n","protected":false},"excerpt":{"rendered":"El acceso al campamento de emergencia instalado por el Ministerio de Inclusi\u00f3n, Seguridad Social y Migraciones en el&hellip;\n","protected":false},"author":2,"featured_media":740699,"comment_status":"","ping_status":"","sticky":false,"template":"","format":"standard","meta":{"footnotes":""},"categories":[8],"tags":[17,18,11500,16480,5282,3854,25,24,13,14,11,2178,3624,590,19,20,16481,911,16482,9,10,15,16,8375,23,12,21,22],"class_list":["post-740698","post","type-post","status-publish","format-standard","has-post-thumbnail","category-espana","tag-breaking-news","tag-breakingnews","tag-conflicto","tag-cooperacion","tag-derechos-humanos","tag-eldiario-es","tag-es","tag-espana","tag-featured-news","tag-featurednews","tag-headlines","tag-igualdad","tag-infancia","tag-inmigracion","tag-latest-news","tag-latestnews","tag-libertad-de-expresion","tag-memoria","tag-minorias","tag-news","tag-noticias","tag-noticias-destacadas","tag-noticiasdestacadas","tag-pobreza","tag-spain","tag-titulares","tag-ultimas-noticias","tag-ultimasnoticias"],"share_on_mastodon":{"url":"https:\/\/pubeurope.com\/@es\/117191485857699587","error":""},"_links":{"self":[{"href":"https:\/\/www.europesays.com\/es\/wp-json\/wp\/v2\/posts\/740698","targetHints":{"allow":["GET"]}}],"collection":[{"href":"https:\/\/www.europesays.com\/es\/wp-json\/wp\/v2\/posts"}],"about":[{"href":"https:\/\/www.europesays.com\/es\/wp-json\/wp\/v2\/types\/post"}],"author":[{"embeddable":true,"href":"https:\/\/www.europesays.com\/es\/wp-json\/wp\/v2\/users\/2"}],"replies":[{"embeddable":true,"href":"https:\/\/www.europesays.com\/es\/wp-json\/wp\/v2\/comments?post=740698"}],"version-history":[{"count":0,"href":"https:\/\/www.europesays.com\/es\/wp-json\/wp\/v2\/posts\/740698\/revisions"}],"wp:featuredmedia":[{"embeddable":true,"href":"https:\/\/www.europesays.com\/es\/wp-json\/wp\/v2\/media\/740699"}],"wp:attachment":[{"href":"https:\/\/www.europesays.com\/es\/wp-json\/wp\/v2\/media?parent=740698"}],"wp:term":[{"taxonomy":"category","embeddable":true,"href":"https:\/\/www.europesays.com\/es\/wp-json\/wp\/v2\/categories?post=740698"},{"taxonomy":"post_tag","embeddable":true,"href":"https:\/\/www.europesays.com\/es\/wp-json\/wp\/v2\/tags?post=740698"}],"curies":[{"name":"wp","href":"https:\/\/api.w.org\/{rel}","templated":true}]}}