{"id":740702,"date":"2026-08-31T18:19:24","date_gmt":"2026-08-31T18:19:24","guid":{"rendered":"https:\/\/www.europesays.com\/es\/740702\/"},"modified":"2026-08-31T18:19:24","modified_gmt":"2026-08-31T18:19:24","slug":"89-abierto-de-la-ciudad-de-rosario-copa-la-capital","status":"publish","type":"post","link":"https:\/\/www.europesays.com\/es\/740702\/","title":{"rendered":"89\u00b0 Abierto de la Ciudad de Rosario Copa La Capital"},"content":{"rendered":"\n<p>        <img src=\"https:\/\/www.europesays.com\/es\/wp-content\/uploads\/2026\/08\/2026-08-30-clima-by_vbenedetto-78816533.jpg\" decoding=\"async\" fetchpriority=\"low\" loading=\"lazy\" alt=\"El tiempo en Rosario: lunes templado, aunque con algunas chances de lluvia\" width=\"314\" height=\"176\"\/>    <\/p>\n<p>  La Ciudad  El tiempo en Rosario: lunes templado, aunque con algunas chances de lluvia<\/p>\n<p>  <a href=\"https:\/\/www.lacapital.com.ar\/la-ciudad\/el-tiempo-rosario-el-lunes-sigue-templado-aunque-algunas-chances-lluvia-n10278258.html\" class=\"cover-link\" target=\"\" title=\"El tiempo en Rosario: lunes templado, aunque con algunas chances de lluvia\" rel=\"nofollow noopener\">    <img src=\"https:\/\/www.europesays.com\/es\/wp-content\/uploads\/2026\/08\/ypf-autodespacho.jpg\" decoding=\"async\" fetchpriority=\"low\" loading=\"lazy\" alt=\"Autodespacho en estaciones de servicio, una alternativa que a\u00fan no impacta\" width=\"314\" height=\"176\"\/>  <\/p>\n<p class=\"entry-autor\">Por Ferm\u00edn Sanchez Duque<\/p>\n<p>  Motores  Autodespacho en estaciones de servicio, una alternativa que a\u00fan no impacta<\/p>\n<p>  <a href=\"https:\/\/www.lacapital.com.ar\/motores\/autodespacho-las-estaciones-servicio-una-alternativa-que-todavia-no-impacta-n10277882.html\" class=\"cover-link\" target=\"\" title=\"Autodespacho en estaciones de servicio, una alternativa que a\u00fan no impacta\" rel=\"nofollow noopener\">    <img src=\"https:\/\/www.europesays.com\/es\/wp-content\/uploads\/2026\/08\/2026-08-30-callejero-fino.jpg\" decoding=\"async\" fetchpriority=\"low\" loading=\"lazy\" alt=\"Detuvieron a Callejero Fino: iba con un arma en una camioneta sin patente\" width=\"314\" height=\"176\"\/>  <\/p>\n<p> Policiales  Detuvieron a Callejero Fino: iba con un arma en una camioneta sin patente<\/p>\n<p>  <a href=\"https:\/\/www.lacapital.com.ar\/policiales\/detuvieron-al-cantante-callejero-fino-cuando-iba-un-arma-una-camioneta-patente-n10278232.html\" class=\"cover-link\" target=\"\" title=\"Detuvieron a Callejero Fino: iba con un arma en una camioneta sin patente\" rel=\"nofollow noopener\">    <img src=\"https:\/\/www.europesays.com\/es\/wp-content\/uploads\/2026\/08\/club-superi.jpg\" decoding=\"async\" fetchpriority=\"low\" loading=\"lazy\" alt=\"Vecinos de Alberdi recuperan el Super\u00ed, un emblem\u00e1tico club del barrio\" width=\"314\" height=\"176\"\/>  <\/p>\n<p> La Ciudd  Vecinos de Alberdi recuperan el Super\u00ed, un emblem\u00e1tico club del barrio<\/p>\n<p>  <a href=\"https:\/\/www.lacapital.com.ar\/la-ciudad\/un-grupo-vecinos-alberdi-recupera-el-superi-un-emblematico-club-del-barrio-n10278140.html\" class=\"cover-link\" target=\"\" title=\"Vecinos de Alberdi recuperan el Super\u00ed, un emblem\u00e1tico club del barrio\" rel=\"nofollow noopener\">    <img src=\"https:\/\/www.europesays.com\/es\/wp-content\/uploads\/2026\/08\/cadetes-pedidos-ya-0.jpg\" decoding=\"async\" fetchpriority=\"low\" loading=\"lazy\" alt=\"Cadetes de Rosario insisten con implementar el bot\u00f3n de p\u00e1nico y monitoreo GPS\" width=\"314\" height=\"176\"\/>  <\/p>\n<p> La Ciudad  Cadetes de Rosario insisten con implementar el bot\u00f3n de p\u00e1nico y monitoreo GPS<\/p>\n<p>  <a href=\"https:\/\/www.lacapital.com.ar\/la-ciudad\/en-rosario-los-cadetes-insisten-implementar-el-boton-panico-y-un-sistema-monitoreo-gps-n10278161.html\" class=\"cover-link\" target=\"\" title=\"Cadetes de Rosario insisten con implementar el bot\u00f3n de p\u00e1nico y monitoreo GPS\" rel=\"nofollow noopener\">    <img src=\"https:\/\/www.europesays.com\/es\/wp-content\/uploads\/2026\/08\/2026-08-30-lago-ontario.jpg\" decoding=\"async\" fetchpriority=\"low\" loading=\"lazy\" alt=\"Google Maps le hizo caso a Trump: ahora el lago Ontario se llama lago Am\u00e9rica\" width=\"314\" height=\"176\"\/>  <\/p>\n<p> Informaci\u00f3n General  Google Maps le hizo caso a Trump: ahora el lago Ontario se llama lago Am\u00e9rica<\/p>\n<p>  <a href=\"https:\/\/www.lacapital.com.ar\/informacion-general\/google-maps-le-hizo-caso-trump-ahora-el-lago-ontario-se-llama-lago-america-n10278254.html\" class=\"cover-link\" target=\"\" title=\"Google Maps le hizo caso a Trump: ahora el lago Ontario se llama lago Am\u00e9rica\" rel=\"nofollow noopener\">    <img src=\"https:\/\/www.europesays.com\/es\/wp-content\/uploads\/2026\/08\/2026-08-30-nepal-82618725.jpg\" decoding=\"async\" fetchpriority=\"low\" loading=\"lazy\" alt=\"Nepal se encuentra en alerta ante la posibilidad de nuevas inundaciones\" width=\"314\" height=\"176\"\/>  <\/p>\n<p> Informaci\u00f3n General  Nepal se encuentra en alerta ante la posibilidad de nuevas inundaciones<\/p>\n<p>  <a href=\"https:\/\/www.lacapital.com.ar\/informacion-general\/nepal-se-encuentra-alerta-posibles-nuevas-inundaciones-n10278253.html\" class=\"cover-link\" target=\"\" title=\"Nepal se encuentra en alerta ante la posibilidad de nuevas inundaciones\" rel=\"nofollow noopener\">    <img src=\"https:\/\/www.europesays.com\/es\/wp-content\/uploads\/2026\/08\/2026-08-30-isladia.jpg\" decoding=\"async\" fetchpriority=\"low\" loading=\"lazy\" alt=\"En un refer\u00e9ndum, Islandia rechaz\u00f3 ingresar a la Uni\u00f3n Europea\" width=\"314\" height=\"176\"\/>  <\/p>\n<p> El Mundo  En un refer\u00e9ndum, Islandia rechaz\u00f3 ingresar a la Uni\u00f3n Europea<\/p>\n<p>  <a href=\"https:\/\/www.lacapital.com.ar\/el-mundo\/en-un-referendum-islandia-rechazo-ingresar-la-union-europea-n10278256.html\" class=\"cover-link\" target=\"\" title=\"En un refer\u00e9ndum, Islandia rechaz\u00f3 ingresar a la Uni\u00f3n Europea\" rel=\"nofollow noopener\">    <img src=\"https:\/\/www.europesays.com\/es\/wp-content\/uploads\/2026\/08\/img-campo.jpg\" decoding=\"async\" fetchpriority=\"low\" loading=\"lazy\" alt=\"\u00bfC\u00f3mo vari\u00f3 la producci\u00f3n agr\u00edcola en los \u00faltimos 10 a\u00f1os?\" width=\"314\" height=\"176\"\/>  <\/p>\n<p> Agro  \u00bfC\u00f3mo vari\u00f3 la producci\u00f3n agr\u00edcola en los \u00faltimos 10 a\u00f1os?<\/p>\n<p>  <a href=\"https:\/\/www.lacapital.com.ar\/agro\/como-vario-la-produccion-agricola-los-ultimos-10-anos-n10277249.html\" class=\"cover-link\" target=\"\" title=\"\u00bfC\u00f3mo vari\u00f3 la producci\u00f3n agr\u00edcola en los \u00faltimos 10 a\u00f1os?\" rel=\"nofollow noopener\">    <img src=\"https:\/\/www.europesays.com\/es\/wp-content\/uploads\/2026\/08\/tinder-negocios.jpg\" decoding=\"async\" fetchpriority=\"low\" loading=\"lazy\" alt=\"Santa Fe Business Forum, el tinder de negocios para matchear oportunidades\" width=\"314\" height=\"176\"\/>  <\/p>\n<p> La Ciudd  Santa Fe Business Forum, el tinder de negocios para matchear oportunidades<\/p>\n<p>  <a href=\"https:\/\/www.lacapital.com.ar\/la-ciudad\/arranca-el-santa-fe-business-forum-el-tinder-los-negocios-matchear-oportunidades-n10278148.html\" class=\"cover-link\" target=\"\" title=\"Santa Fe Business Forum, el tinder de negocios para matchear oportunidades\" rel=\"nofollow noopener\">    <img src=\"https:\/\/www.europesays.com\/es\/wp-content\/uploads\/2026\/08\/legajo1.jpg\" decoding=\"async\" fetchpriority=\"low\" loading=\"lazy\" alt=\"Bioqu\u00edmicas restituye legajos de dos docentes v\u00edctimas del terrorismo de Estado\" width=\"314\" height=\"176\"\/>  <\/p>\n<p> La Ciudad  Bioqu\u00edmicas restituye legajos de dos docentes v\u00edctimas del terrorismo de Estado<\/p>\n<p>  <a href=\"https:\/\/www.lacapital.com.ar\/la-ciudad\/la-facultad-bioquimicas-restituye-los-legajos-dos-docentes-victimas-del-terrorismo-estado-n10278143.html\" class=\"cover-link\" target=\"\" title=\"Bioqu\u00edmicas restituye legajos de dos docentes v\u00edctimas del terrorismo de Estado\" rel=\"nofollow noopener\">    <img src=\"https:\/\/www.europesays.com\/es\/wp-content\/uploads\/2026\/08\/1661987jpgthumb.jpg\" decoding=\"async\" fetchpriority=\"low\" loading=\"lazy\" alt=\"La Feria Internacional del Libro Rosario vuelve al Cultural Fontanarrosa\" width=\"314\" height=\"176\"\/>  <\/p>\n<p> La Ciudad  La Feria Internacional del Libro Rosario vuelve al Cultural Fontanarrosa<\/p>\n<p>  <a href=\"https:\/\/www.lacapital.com.ar\/la-ciudad\/la-feria-internacional-del-libro-rosario-vuelve-al-cultural-fontanarrosa-n10278129.html\" class=\"cover-link\" target=\"\" title=\"La Feria Internacional del Libro Rosario vuelve al Cultural Fontanarrosa\" rel=\"nofollow noopener\">    <img src=\"https:\/\/www.europesays.com\/es\/wp-content\/uploads\/2026\/08\/microtrafico.jpg\" decoding=\"async\" fetchpriority=\"low\" loading=\"lazy\" alt=\"Dos detenidos en Baigorria y Berm\u00fadez por microtr\u00e1fico y posible provisi\u00f3n de armas\" width=\"314\" height=\"176\"\/>  <\/p>\n<p> Policiales  Dos detenidos en Baigorria y Berm\u00fadez por microtr\u00e1fico y posible provisi\u00f3n de armas<\/p>\n<p>  <a href=\"https:\/\/www.lacapital.com.ar\/la-ciudad\/granadero-baigorria-y-capitan-bermudez-dos-detenidos-microtrafico-y-posible-provision-ilegal-armas-n10278157.html\" class=\"cover-link\" target=\"\" title=\"Dos detenidos en Baigorria y Berm\u00fadez por microtr\u00e1fico y posible provisi\u00f3n de armas\" rel=\"nofollow noopener\">    <img src=\"https:\/\/www.europesays.com\/es\/wp-content\/uploads\/2026\/08\/image-5.jpg\" decoding=\"async\" fetchpriority=\"low\" loading=\"lazy\" alt=\"Las Leonas, campeonas: el dato con fuerte impacto en el hockey de Rosario\" width=\"314\" height=\"176\"\/>  <\/p>\n<p> Ovaci\u00f3n  Las Leonas, campeonas: el dato con fuerte impacto en el hockey de Rosario<\/p>\n<p>  <a href=\"https:\/\/www.lacapital.com.ar\/ovacion\/las-leonas-campeonas-mundiales-el-dato-fuerte-impacto-el-hockey-rosario-n10278070.html\" class=\"cover-link\" target=\"\" title=\"Las Leonas, campeonas: el dato con fuerte impacto en el hockey de Rosario\" rel=\"nofollow noopener\">    <img src=\"https:\/\/www.europesays.com\/es\/wp-content\/uploads\/2026\/08\/leonas-campeonas-mundial-lucha-aymar.jpg\" decoding=\"async\" fetchpriority=\"low\" loading=\"lazy\" alt=\"Nueva tercera estrella: Las Leonas se consagraron campeonas mundiales\u00a0\" width=\"314\" height=\"176\"\/>  <\/p>\n<p> Ovaci\u00f3n  Nueva tercera estrella: Las Leonas se consagraron campeonas mundiales\u00a0<\/p>\n<p>  <a href=\"https:\/\/www.lacapital.com.ar\/ovacion\/nueva-tercera-estrella-las-leonas-se-consagraron-campeonas-mundiales-paises-bajos-n10278056.html\" class=\"cover-link\" target=\"\" title=\"Nueva tercera estrella: Las Leonas se consagraron campeonas mundiales\u00a0\" rel=\"nofollow noopener\">    <img src=\"https:\/\/www.europesays.com\/es\/wp-content\/uploads\/2026\/08\/prefectura-rosaario-policias-298.jpg\" decoding=\"async\" fetchpriority=\"low\" loading=\"lazy\" alt=\"Demoraron a dos polic\u00edas de Santa Fe que compraban droga en un b\u00fanker rosarino\" width=\"314\" height=\"176\"\/>  <\/p>\n<p> Policiales  Demoraron a dos polic\u00edas de Santa Fe que compraban droga en un b\u00fanker rosarino<\/p>\n<p>  <a href=\"https:\/\/www.lacapital.com.ar\/policiales\/demoraron-dos-policias-santa-fe-que-fueron-comprar-droga-un-bunker-rosario-n10278061.html\" class=\"cover-link\" target=\"\" title=\"Demoraron a dos polic\u00edas de Santa Fe que compraban droga en un b\u00fanker rosarino\" rel=\"nofollow noopener\">   <\/p>\n","protected":false},"excerpt":{"rendered":"La Ciudad El tiempo en Rosario: lunes templado, aunque con algunas chances de lluvia Por Ferm\u00edn Sanchez Duque&hellip;\n","protected":false},"author":2,"featured_media":740703,"comment_status":"","ping_status":"","sticky":false,"template":"","format":"standard","meta":{"footnotes":""},"categories":[275],"tags":[131454,131453,168,25,24,329,23,167],"class_list":["post-740702","post","type-post","status-publish","format-standard","has-post-thumbnail","category-golf","tag-campeonato-abierto","tag-copa-la-capital","tag-deportes","tag-es","tag-espana","tag-golf","tag-spain","tag-sports"],"share_on_mastodon":{"url":"https:\/\/pubeurope.com\/@es\/117191508320128908","error":""},"_links":{"self":[{"href":"https:\/\/www.europesays.com\/es\/wp-json\/wp\/v2\/posts\/740702","targetHints":{"allow":["GET"]}}],"collection":[{"href":"https:\/\/www.europesays.com\/es\/wp-json\/wp\/v2\/posts"}],"about":[{"href":"https:\/\/www.europesays.com\/es\/wp-json\/wp\/v2\/types\/post"}],"author":[{"embeddable":true,"href":"https:\/\/www.europesays.com\/es\/wp-json\/wp\/v2\/users\/2"}],"replies":[{"embeddable":true,"href":"https:\/\/www.europesays.com\/es\/wp-json\/wp\/v2\/comments?post=740702"}],"version-history":[{"count":0,"href":"https:\/\/www.europesays.com\/es\/wp-json\/wp\/v2\/posts\/740702\/revisions"}],"wp:featuredmedia":[{"embeddable":true,"href":"https:\/\/www.europesays.com\/es\/wp-json\/wp\/v2\/media\/740703"}],"wp:attachment":[{"href":"https:\/\/www.europesays.com\/es\/wp-json\/wp\/v2\/media?parent=740702"}],"wp:term":[{"taxonomy":"category","embeddable":true,"href":"https:\/\/www.europesays.com\/es\/wp-json\/wp\/v2\/categories?post=740702"},{"taxonomy":"post_tag","embeddable":true,"href":"https:\/\/www.europesays.com\/es\/wp-json\/wp\/v2\/tags?post=740702"}],"curies":[{"name":"wp","href":"https:\/\/api.w.org\/{rel}","templated":true}]}}