{"id":740720,"date":"2026-08-31T18:32:13","date_gmt":"2026-08-31T18:32:13","guid":{"rendered":"https:\/\/www.europesays.com\/es\/740720\/"},"modified":"2026-08-31T18:32:13","modified_gmt":"2026-08-31T18:32:13","slug":"identifican-una-via-vascular-implicada-en-el-desarrollo-de-la-fibrosis-pulmonar","status":"publish","type":"post","link":"https:\/\/www.europesays.com\/es\/740720\/","title":{"rendered":"Identifican una v\u00eda vascular implicada en el desarrollo de la fibrosis pulmonar"},"content":{"rendered":"<p>Un nuevo estudio colaborativo de los laboratorios de los doctores Xaralabos Varelas y Giovanni Ligresti, de la Facultad de Medicina Chobanian &amp; Avedisian, de la Universidad de Boston (Estados Unidos), ha identificado una poblaci\u00f3n celular espec\u00edfica ubicada en las venas pulmonares que se activa tras una lesi\u00f3n y contribuye a &#8230;            &#13;\n        <\/p>\n<p> &#13;<\/p>\n<p>Un nuevo estudio colaborativo de los laboratorios de los doctores <strong>Xaralabos Varelas<\/strong> y <strong>Giovanni Ligresti<\/strong>, de la Facultad de Medicina Chobanian &amp; Avedisian, de la Universidad de Boston (Estados Unidos), ha identificado una poblaci\u00f3n celular espec\u00edfica ubicada en las venas pulmonares que se activa tras una lesi\u00f3n y contribuye a crear un entorno que favorece la formaci\u00f3n de tejido cicatricial, un proceso conocido como fibrosis.<\/p>\n<p>Tal y como se recoge en su estudio publicado en Science Advances, la identificaci\u00f3n de <strong>un factor desencadenante de la fibrosis pulmonar hasta ahora desconocido<\/strong> y una v\u00eda de se\u00f1alizaci\u00f3n susceptible de ser modulada, ofrece nuevas oportunidades para desarrollar terapias que prevengan o ralenticen la progresi\u00f3n de la fibrosis y otras enfermedades pulmonares fibr\u00f3ticas.<\/p>\n<p>Millones de personas en todo el mundo se ven afectadas por enfermedades que causan cicatrices en los pulmones, lo que a menudo conlleva dificultades respiratorias y una menor calidad de vida. <strong>La<\/strong> <strong>cicatrizaci\u00f3n progresiva de los pulmones puede dificultar gravemente la respiraci\u00f3n<\/strong> y es un rasgo distintivo de muchas enfermedades pulmonares cr\u00f3nicas, sobre todo la fibrosis pulmonar, para la cual las opciones de tratamiento siguen siendo muy limitadas e ineficaces.<\/p>\n<p>\u00abNuestros hallazgos sugieren que los vasos sangu\u00edneos del pulm\u00f3n no son meros espectadores de la fibrosis, sino que pueden impulsar activamente la enfermedad a trav\u00e9s de cambios en las c\u00e9lulas especializadas que recubren la vasculatura pulmonar\u00bb, explica el primer autor, <strong>Kostas Kontodimas<\/strong>, estudiante de posgrado del departamento de bioqu\u00edmica y biolog\u00eda celular.<\/p>\n<p> &#13;<\/p>\n<p><strong>Las c\u00e9lulas vasculares, protagonistas inesperadas de la fibrosis<\/strong><\/p>\n<p>Los investigadores estudiaron c\u00f3mo se inicia la cicatrizaci\u00f3n pulmonar y si las c\u00e9lulas que recubren los vasos sangu\u00edneos contribuyen a la formaci\u00f3n anormal de cicatrices. Utilizaron modelos experimentales modificados gen\u00e9ticamente y t\u00e9cnicas de laboratorio avanzadas para <strong>inactivar selectivamente genes que preservan la funci\u00f3n normal de las c\u00e9lulas vasculares<\/strong>. Posteriormente, observaron c\u00f3mo cambiaban los pulmones con el tiempo. Tambi\u00e9n analizaron miles de c\u00e9lulas pulmonares individuales para identificar qu\u00e9 tipos de c\u00e9lulas se ve\u00edan afectadas y c\u00f3mo se comunicaban entre s\u00ed durante la formaci\u00f3n y progresi\u00f3n de la cicatriz.<\/p>\n<p>Finalmente, el equipo prob\u00f3 un f\u00e1rmaco que bloquea la v\u00eda de se\u00f1alizaci\u00f3n hiperactiva y descubri\u00f3 que este enfoque pod\u00eda prevenir la cicatrizaci\u00f3n pulmonar, a la vez que<strong> reduc\u00eda la inflamaci\u00f3n y el da\u00f1o a los vasos sangu\u00edneos <\/strong>en modelos precl\u00ednicos. M\u00e1s all\u00e1 de sus implicaciones para la cicatrizaci\u00f3n pulmonar, los cient\u00edficos creen que este estudio cuestiona la visi\u00f3n tradicional de que las c\u00e9lulas que recubren los vasos sangu\u00edneos sirven principalmente como conductos pasivos para el suministro de ox\u00edgeno y nutrientes.<\/p>\n<p>\u00abNuestros hallazgos sugieren que las c\u00e9lulas especializadas de los vasos sangu\u00edneos se comunican activamente con los tejidos circundantes y pueden influir en c\u00f3mo se inician y progresan las enfermedades. Esto plantea la posibilidad de que poblaciones similares de c\u00e9lulas de los vasos sangu\u00edneos desempe\u00f1en funciones importantes en otras enfermedades que implican inflamaci\u00f3n cr\u00f3nica o cicatrizaci\u00f3n de tejidos, lo que abre nuevas v\u00edas de investigaci\u00f3n en una amplia gama de afecciones\u00bb, a\u00f1ade el autor principal, Varelas, profesor de bioqu\u00edmica y biolog\u00eda celular.<\/p>\n<p>Aunque se necesitan estudios adicionales para determinar si estos hallazgos son aplicables a las personas, este trabajo proporciona informaci\u00f3n importante sobre c\u00f3mo se desarrolla la fibrosis pulmonar y, en \u00faltima instancia, podr\u00eda conducir a tratamientos m\u00e1s eficaces para esta devastadora enfermedad.<\/p>\n","protected":false},"excerpt":{"rendered":"Un nuevo estudio colaborativo de los laboratorios de los doctores Xaralabos Varelas y Giovanni Ligresti, de la Facultad&hellip;\n","protected":false},"author":2,"featured_media":740721,"comment_status":"","ping_status":"","sticky":false,"template":"","format":"standard","meta":{"footnotes":""},"categories":[92],"tags":[50980,13264,27829,8624,131459,3343,25,24,1292,24700,8781,7214,3419,165,7762,10289,10224,27830,8252,2860,696,12828,78213,166,23,32120,7449,2845,11096,50594,3252,8762],"class_list":["post-740720","post","type-post","status-publish","format-standard","has-post-thumbnail","category-salud","tag-abriendo","tag-activa","tag-boston","tag-celular","tag-cicatricial","tag-desarrollo","tag-es","tag-espana","tag-estudio","tag-favorece","tag-fibrosis","tag-formacion","tag-frente","tag-health","tag-identifica","tag-identifican","tag-implicada","tag-investigar","tag-lesion","tag-nuevas","tag-poblacion","tag-pulmonar","tag-pulmonares","tag-salud","tag-spain","tag-tejido","tag-tratamientos","tag-universidad","tag-vascular","tag-venas","tag-via","tag-vias"],"share_on_mastodon":{"url":"https:\/\/pubeurope.com\/@es\/117191557025855433","error":""},"_links":{"self":[{"href":"https:\/\/www.europesays.com\/es\/wp-json\/wp\/v2\/posts\/740720","targetHints":{"allow":["GET"]}}],"collection":[{"href":"https:\/\/www.europesays.com\/es\/wp-json\/wp\/v2\/posts"}],"about":[{"href":"https:\/\/www.europesays.com\/es\/wp-json\/wp\/v2\/types\/post"}],"author":[{"embeddable":true,"href":"https:\/\/www.europesays.com\/es\/wp-json\/wp\/v2\/users\/2"}],"replies":[{"embeddable":true,"href":"https:\/\/www.europesays.com\/es\/wp-json\/wp\/v2\/comments?post=740720"}],"version-history":[{"count":0,"href":"https:\/\/www.europesays.com\/es\/wp-json\/wp\/v2\/posts\/740720\/revisions"}],"wp:featuredmedia":[{"embeddable":true,"href":"https:\/\/www.europesays.com\/es\/wp-json\/wp\/v2\/media\/740721"}],"wp:attachment":[{"href":"https:\/\/www.europesays.com\/es\/wp-json\/wp\/v2\/media?parent=740720"}],"wp:term":[{"taxonomy":"category","embeddable":true,"href":"https:\/\/www.europesays.com\/es\/wp-json\/wp\/v2\/categories?post=740720"},{"taxonomy":"post_tag","embeddable":true,"href":"https:\/\/www.europesays.com\/es\/wp-json\/wp\/v2\/tags?post=740720"}],"curies":[{"name":"wp","href":"https:\/\/api.w.org\/{rel}","templated":true}]}}