{"id":740730,"date":"2026-08-31T18:37:13","date_gmt":"2026-08-31T18:37:13","guid":{"rendered":"https:\/\/www.europesays.com\/es\/740730\/"},"modified":"2026-08-31T18:37:13","modified_gmt":"2026-08-31T18:37:13","slug":"el-pp-reprocha-a-sanchez-que-senale-a-todos-menos-a-marruecos-por-la-crisis-de-ceuta-le-falta-culpar-a-franco-espana","status":"publish","type":"post","link":"https:\/\/www.europesays.com\/es\/740730\/","title":{"rendered":"El PP reprocha a S\u00e1nchez que se\u00f1ale a todos menos a Marruecos por la crisis de Ceuta: \u201cLe falta culpar a Franco\u201d | Espa\u00f1a"},"content":{"rendered":"<p class=\"\">El Partido Popular reprocha al presidente del Gobierno <a href=\"https:\/\/elpais.com\/espana\/2026-08-31\/sanchez-destaca-la-cooperacion-instantanea-con-marruecos-y-asegura-que-el-rey-visitara-ceuta.html\" target=\"_self\" rel=\"nofollow noopener\" title=\"https:\/\/elpais.com\/espana\/2026-08-31\/sanchez-destaca-la-cooperacion-instantanea-con-marruecos-y-asegura-que-el-rey-visitara-ceuta.html\">que exculpe a Marruecos de la crisis de Ceuta y busque culpables en otro lado, tras haber apuntado a Rusia, Israel y a la \u201cinternacional ultraderechista\u201d <\/a>de propagar los bulos que provocaron la entrada masiva. \u201cLe ha faltado culpar a Franco\u201d, ha ironizado este lunes el portavoz del PP, Borja S\u00e9mper, en la rueda de prensa posterior a la reuni\u00f3n del comit\u00e9 de direcci\u00f3n popular. El PP presiona en paralelo al Gobierno para que el Rey visite Ceuta cuanto antes. Si Alberto N\u00fa\u00f1ez Feij\u00f3o estuviera gobernando, ha remarcado el portavoz popular, \u201cestar\u00eda a punto de ir\u201d con Felipe VI a Ceuta. <\/p>\n<p class=\"\">Los populares acusan a Pedro S\u00e1nchez de caer en una \u201cconspiranoia\u201d al apuntar a estos actores como amplificadores de la crisis de Ceuta, y le reprochan que exculpe a Marruecos, al que el PP se\u00f1ala al menos como conocedor del salto masivo. G\u00e9nova no llega a acusar al reino alau\u00ed directamente de haber perpetrado un ataque contra Espa\u00f1a, en un calculado equilibrio con el pa\u00eds vecino, pero s\u00ed apunta a una responsabilidad de Rabat al menos en anuencia con el salto. \u201c\u00bfAlguien cree que 80.000 personas pueden desplazarse por un pa\u00eds y entrar en otro pa\u00eds de manera ilegal sin que el pa\u00eds de origen lo sepa?\u201c, se ha preguntado S\u00e9mper en referencia a Marruecos. \u201c\u00bfAlguien se puede creer que 80.000 personas han recorrido parte de Marruecos y el Gobierno de Marruecos no lo sab\u00eda?\u201d, ha insistido. <\/p>\n<p class=\"\">\u201cS\u00e1nchez tiene muchas dudas, pero solo tiene dos certezas. Que Marruecos no tiene ninguna responsabilidad y que la culpa es de Rusia, de Elon Musk, de Israel, de los bulos, de las fake news y de la internacional ultraderechista. Esta conspiranoia deber\u00eda preocuparnos a todos\u201d, se ha quejado. Y ha rematado, en referencia a Marruecos: \u201cObviamente que hay responsabilidades. Lo que le exigimos al Gobierno es que ejerza las suyas y que, a ser posible, no nos tome a los espa\u00f1oles por tontos\u201d.<\/p>\n<p class=\"\">El PP reprocha a S\u00e1nchez su \u201cdelicadeza\u201d con Marruecos y su \u201cdureza\u201d con los ceut\u00edes, y se mofa de su teor\u00eda de que existi\u00f3 una \u201cola de desinformaci\u00f3n\u201d que parti\u00f3 de \u201cRusia, Israel\u201d y de \u201cuna internacional ultraderechista\u201d interesada en utilizar la inmigraci\u00f3n para atacar a Espa\u00f1a y dividir a Europa. \u201cEl presidente del Gobierno dice que su Gobierno est\u00e1 investigando lo que ha pasado, pero ya exculpa a Marruecos con rotundidad y acusa a una internacional ultraderechista. Ser\u00eda para salir corriendo si no fuera tan serio lo que estamos oyendo. Solo le ha faltado culpar a Franco. Todo parece ser susceptible de ser investigado salvo una cosa en esta crisis: la responsabilidad del Gobierno de Espa\u00f1a\u201d, se ha quejado S\u00e9mper. <\/p>\n<p class=\"\">Los populares reclaman a S\u00e1nchez una actitud m\u00e1s firme con Marruecos, aunque al mismo tiempo y desde el principio de la crisis de Ceuta han medido su posici\u00f3n con Rabat. Feij\u00f3o anunci\u00f3 este verano que su primer viaje oficial como presidente ser\u00eda a Marruecos, y defendi\u00f3, en una entrevista en Okdiario, que Espa\u00f1a tiene que tener una relaci\u00f3n \u201cfluida y respetuosa\u201d con el reino alau\u00ed, pero tambi\u00e9n \u201cuna reacci\u00f3n firme\u201d ante lo que ha ocurrido en Ceuta. El PP tiene presi\u00f3n de Vox por este flanco, que este lunes ha exigido la ruptura del Tratado de Amistad con Marruecos. \u201cQuien act\u00faa as\u00ed despu\u00e9s de una invasi\u00f3n es el enemigo de los espa\u00f1oles en Ceuta\u201d, ha lanzado Santiago Abascal sobre el pa\u00eds alau\u00ed. \u201cNo puede ser nuestro amigo quien nos invade y quien reclama parte de nuestro territorio hist\u00f3rico\u201d, defiende el l\u00edder de Vox. Los populares no se han pronunciado sobre esta propuesta de sus socios en cinco Gobiernos auton\u00f3micos, pero la melod\u00eda del PP es otra muy diferente y m\u00e1s cercana a la realpolitik. <\/p>\n<p class=\"\">En paralelo, una vez que S\u00e1nchez <a href=\"https:\/\/elpais.com\/espana\/2026-08-31\/sanchez-destaca-la-cooperacion-instantanea-con-marruecos-y-asegura-que-el-rey-visitara-ceuta.html\" target=\"_self\" rel=\"nofollow noopener\" title=\"https:\/\/elpais.com\/espana\/2026-08-31\/sanchez-destaca-la-cooperacion-instantanea-con-marruecos-y-asegura-que-el-rey-visitara-ceuta.html\">ha anunciado este lunes que el Rey visitar\u00e1 Ceuta, el PP, que ya hab\u00eda instado a que se produjera el viaje del monarca, presiona para que este sea cuanto antes.<\/a> \u201cSi Alberto N\u00fa\u00f1ez Feij\u00f3o fuera hoy presidente del Gobierno, acompa\u00f1ar\u00eda a su majestad el Rey a visitar Ceuta. Con el orgullo y el deber exigible. Y la convicci\u00f3n de que es importante la presencia de la m\u00e1xima autoridad del Estado\u201d, ha enfatizado el portavoz del PP. Los populares no creen que haya que esperar a que pasen las elecciones legislativas en Marruecos el pr\u00f3ximo 23 de septiembre, sino que apuestan por que esa visita sea de forma inmediata. \u201cSu majestad el Rey tiene perfecto derecho y legitimidad para ir a cualquier lugar de la geograf\u00eda espa\u00f1ola cuando considere oportuno y lo reclamen los ciudadanos. Los ciudadanos de Ceuta se van a ver reconfortados con el Rey all\u00ed\u201d, ha remarcado S\u00e9mper. \u201cSi Alberto N\u00fa\u00f1ez Feij\u00f3o gobernara, estar\u00eda a punto de acudir a Ceuta con el Rey\u201d, ha precisado el dirigente del PP. <\/p>\n","protected":false},"excerpt":{"rendered":"El Partido Popular reprocha al presidente del Gobierno que exculpe a Marruecos de la crisis de Ceuta y&hellip;\n","protected":false},"author":2,"featured_media":740731,"comment_status":"","ping_status":"","sticky":false,"template":"","format":"standard","meta":{"footnotes":""},"categories":[8],"tags":[6069,17,18,4486,25,24,13,14,11439,11,895,19,20,4485,9,10,15,16,2959,956,23,12,21,22],"class_list":["post-740730","post","type-post","status-publish","format-standard","has-post-thumbnail","category-espana","tag-alberto-nunez-feijoo","tag-breaking-news","tag-breakingnews","tag-ceuta","tag-es","tag-espana","tag-featured-news","tag-featurednews","tag-felipe-vi","tag-headlines","tag-inmigracion-irregular","tag-latest-news","tag-latestnews","tag-marruecos","tag-news","tag-noticias","tag-noticias-destacadas","tag-noticiasdestacadas","tag-pedro-sanchez","tag-pp","tag-spain","tag-titulares","tag-ultimas-noticias","tag-ultimasnoticias"],"share_on_mastodon":{"url":"https:\/\/pubeurope.com\/@es\/117191576592852933","error":""},"_links":{"self":[{"href":"https:\/\/www.europesays.com\/es\/wp-json\/wp\/v2\/posts\/740730","targetHints":{"allow":["GET"]}}],"collection":[{"href":"https:\/\/www.europesays.com\/es\/wp-json\/wp\/v2\/posts"}],"about":[{"href":"https:\/\/www.europesays.com\/es\/wp-json\/wp\/v2\/types\/post"}],"author":[{"embeddable":true,"href":"https:\/\/www.europesays.com\/es\/wp-json\/wp\/v2\/users\/2"}],"replies":[{"embeddable":true,"href":"https:\/\/www.europesays.com\/es\/wp-json\/wp\/v2\/comments?post=740730"}],"version-history":[{"count":0,"href":"https:\/\/www.europesays.com\/es\/wp-json\/wp\/v2\/posts\/740730\/revisions"}],"wp:featuredmedia":[{"embeddable":true,"href":"https:\/\/www.europesays.com\/es\/wp-json\/wp\/v2\/media\/740731"}],"wp:attachment":[{"href":"https:\/\/www.europesays.com\/es\/wp-json\/wp\/v2\/media?parent=740730"}],"wp:term":[{"taxonomy":"category","embeddable":true,"href":"https:\/\/www.europesays.com\/es\/wp-json\/wp\/v2\/categories?post=740730"},{"taxonomy":"post_tag","embeddable":true,"href":"https:\/\/www.europesays.com\/es\/wp-json\/wp\/v2\/tags?post=740730"}],"curies":[{"name":"wp","href":"https:\/\/api.w.org\/{rel}","templated":true}]}}