{"id":740764,"date":"2026-08-31T19:01:12","date_gmt":"2026-08-31T19:01:12","guid":{"rendered":"https:\/\/www.europesays.com\/es\/740764\/"},"modified":"2026-08-31T19:01:12","modified_gmt":"2026-08-31T19:01:12","slug":"el-disenador-john-galliano-renuncia-a-su-homenaje-en-el-met-tras-la-presion-de-politicos-y-donantes-judios","status":"publish","type":"post","link":"https:\/\/www.europesays.com\/es\/740764\/","title":{"rendered":"El dise\u00f1ador John Galliano renuncia a su homenaje en el MET tras la presi\u00f3n de pol\u00edticos y donantes jud\u00edos"},"content":{"rendered":"<p class=\"article-text\">\n        <a href=\"https:\/\/www.eldiario.es\/cultura\/cine\/revolucionar-moda-acusado-antisemita-documental-rescata-john-galliano-olvido_1_11357974.html\" data-mrf-recirculation=\"links-noticia\" class=\"link\" rel=\"nofollow noopener\" target=\"_blank\">John Galliano<\/a> ha decidido renunciar a la exposici\u00f3n que iba a rendir homenaje a su carrera en la pr\u00f3xima <a href=\"https:\/\/www.eldiario.es\/spin\/impactante-bad-bunny-regreso-beyonce-mejores-looks-met-gala-2026-pm_1_13196121.html\" data-mrf-recirculation=\"links-noticia\" class=\"link\" rel=\"nofollow noopener\" target=\"_blank\">MET Gala<\/a> en mayo de 2027. El dise\u00f1ador afirma en un comunicado compartido en sus redes sociales estar \u201cmuy agradecido por la \u201dconfianza, el cuidado y el conocimiento\u201c que el <a href=\"https:\/\/www.eldiario.es\/cultura\/arte\/trabajo-aburrido-mundo-salvo-vida-patrick-bringley-vigilante-museo_1_10043250.html\" data-mrf-recirculation=\"links-noticia\" class=\"link\" rel=\"nofollow noopener\" target=\"_blank\">Museo Metropolitano de Arte de Nueva York<\/a>, organizador del evento, hab\u00eda depositado en \u00e9l; pero que considera que, \u201ddespu\u00e9s de mucha reflexi\u00f3n\u201c y \u201dhablar con todas las personas implicadas\u201c, \u201dlo mejor es que la exposici\u00f3n no tenga lugar en este momento\u201c.\n    <\/p>\n<p>    <a href=\"https:\/\/www.eldiario.es\/cultura\/cine\/revolucionar-moda-acusado-antisemita-documental-rescata-john-galliano-olvido_1_11357974.html\" data-mrf-recirculation=\"saber-mas\" data-dl-event=\"saber-mas\" rel=\"nofollow noopener\" target=\"_blank\"><\/p>\n<p class=\"know-more__title\">De revolucionar la moda a ser acusado de antisemita, el documental que rescata a John Galliano del olvido<\/p>\n<p>            <img decoding=\"async\" class=\"lazy\" loading=\"lazy\" data-src=\"https:\/\/static.eldiario.es\/clip\/ecc86e62-311b-4493-b6c1-751b1603fdb6_16-9-aspect-ratio_default_0.jpg\" src=\"data:image\/svg+xml,%3Csvg xmlns=\" http:=\"\" viewbox=\"0 0 880 495\" alt=\"De revolucionar la moda a ser acusado de antisemita, el documental que rescata a John Galliano del olvido\"\/><\/p>\n<p>                        <\/a><\/p>\n<p class=\"article-text\">\n        Se trata de una acci\u00f3n sin precedentes en la historia de la instituci\u00f3n, que llega despu\u00e9s de que varios l\u00edderes pol\u00edticos y donantes jud\u00edos, como recog\u00eda <a href=\"https:\/\/www.nytimes.com\/2026\/08\/28\/style\/galliano-met-gala-critics.html\" target=\"_blank\" data-mrf-recirculation=\"links-noticia\" class=\"link\" rel=\"nofollow noopener\">The New York Times<\/a> este fin de semana, presionaran en contra de la exhibici\u00f3n. Entre ellos, Arne Glimcher, importante figura dentro del mundo del arte, que incluso amenaz\u00f3 con excluir al museo de su testamento.\n    <\/p>\n<p class=\"article-text\">\n        Galliano revolucion\u00f3 la moda en los a\u00f1os 90 y comienzos de los 2000 hasta que en 2011 protagoniz\u00f3 varios incidentes bajo los efectos del alcohol en una terraza de Par\u00eds. All\u00ed profiri\u00f3 insultos antisemitas a desconocidos que acabaron con su carrera. El modisto fue <a href=\"https:\/\/www.eldiario.es\/la-rioja\/dior-suspende-a-galliano-por-supuesto-racismo_1_11063406.html\" data-mrf-recirculation=\"links-noticia\" class=\"link\" rel=\"nofollow noopener\" target=\"_blank\">despedido de Cristian Dior<\/a> y apartado de la industria hasta 2014, cuando tras un periodo de rehabilitaci\u00f3n, fue contratado como director creativo de Maison Margiela, puesto que ocup\u00f3 durante diez a\u00f1os.\n    <\/p>\n<blockquote class=\"instagram-media\" data-instgrm-version=\"14\" data-instgrm-permalink=\"https:\/\/www.instagram.com\/p\/DctHgVHtnCb\/\" data-instgrm-captioned=\"\"\/>\n<p class=\"article-text\">\n        Hace dos fue el gran protagonista de la gala del MET, gracias a sus dise\u00f1os que lucieron Kim Kardashian y Zendaya. En marzo del presente 2026, Zara anunci\u00f3 el fichaje de Galliano para \u201ctrabajar a partir de piezas de temporadas pasadas, deconstruy\u00e9ndolas y transform\u00e1ndolas para dar forma a nuevas creaciones\u201d. Seg\u00fan indic\u00f3 la marca, las colecciones se presentar\u00e1n por temporadas a lo largo de una colaboraci\u00f3n que empezar\u00eda en septiembre de este mismo a\u00f1o.\n    <\/p>\n<p class=\"article-text\">\n        El homenaje por parte del MET iba a ser el espaldarazo definitivo para el brit\u00e1nico, que finalmente no tendr\u00e1 lugar. Seg\u00fan The New York Times, el museo ha indicado que la informaci\u00f3n sobre la exposici\u00f3n que sustituir\u00e1 a la hasta ahora planificada para Galliano \u201cse anunciar\u00e1 en una fecha posterior\u201d.\n    <\/p>\n<p class=\"article-text\">\n        \u201cSigo siendo plenamente responsable del dolor causado por mis palabras en el pasado, particularmente del da\u00f1o que caus\u00e9 a las comunidades jud\u00eda y asi\u00e1tica, y sigo profundamente arrepentido\u201d, ha expresado Galliano en su texto. En \u00e9l afirma que no quiere que \u201cel debate\u201d que le \u201crodea\u201d coloque al MET en una \u201cposici\u00f3n dif\u00edcil ni que distraiga\u201d de su \u201cextraordinaria labor\u201d. \u201cTambi\u00e9n reconozco y respeto que una exposici\u00f3n que honrara mi trabajo ser\u00eda dolorosa para algunas personas\u201d, ha a\u00f1adido.\n    <\/p>\n<p>    <a href=\"https:\/\/www.eldiario.es\/cultura\/cine\/rodrigo-sorogoyen-e-isabel-pena-querido-sido-guion-dificil-hemos-escrito_1_13476514.html\" data-mrf-recirculation=\"saber-mas-abajo\" data-dl-event=\"saber-mas-abajo\" rel=\"nofollow noopener\" target=\"_blank\"><\/p>\n<p class=\"know-more__title\">Rodrigo Sorogoyen e Isabel Pe\u00f1a, sobre \u2018El ser querido\u2019: \u201cHa sido el guion m\u00e1s dif\u00edcil que hemos escrito\u201d\n<\/p>\n<p>            <img decoding=\"async\" class=\"lazy\" loading=\"lazy\" data-src=\"https:\/\/static.eldiario.es\/clip\/2eda1769-ca2f-4f48-8520-e41547cecc70_16-9-aspect-ratio_default_0_x697y213.jpg\" src=\"data:image\/svg+xml,%3Csvg xmlns=\" http:=\"\" viewbox=\"0 0 880 495\" alt=\"Rodrigo Sorogoyen e Isabel Pe\u00f1a, sobre \u2018El ser querido\u2019: \u201cHa sido el guion m\u00e1s dif\u00edcil que hemos escrito\u201d\"\/><\/p>\n<p>                        <\/a><\/p>\n<p class=\"article-text\">\n        Por \u00faltimo, ha querido tener unas palabras de agradecimiento a quienes han \u201cguiado, apoyado y acompa\u00f1ado\u201d durante los quince a\u00f1os de \u201csobriedad y recuperaci\u00f3n del alcoholismo y la adicci\u00f3n\u201d. Adem\u00e1s de un mensaje para el director del MET Max Hollein, el comisario del Instituto del Traje Andrew Bolton y Ana Wintour: \u201cSu generosidad humana y creencia en la importancia de la moda como arete, cultura e historia \u2013as\u00ed como su comprensi\u00f3n de la fragilidad humana y de la posibilidad de crecer\u2013 permanecer\u00e1n conmigo para siempre\u201d.\n    <\/p>\n<p>                                        <script async src=\"\/\/www.instagram.com\/embed.js\"><\/script><\/p>\n","protected":false},"excerpt":{"rendered":"John Galliano ha decidido renunciar a la exposici\u00f3n que iba a rendir homenaje a su carrera en la&hellip;\n","protected":false},"author":2,"featured_media":740765,"comment_status":"","ping_status":"","sticky":false,"template":"","format":"standard","meta":{"footnotes":""},"categories":[5],"tags":[17,18,11561,13971,25,24,13,14,116830,11,6552,25472,3195,19,20,85219,9,10,15,16,1670,3073,17243,23,12,21,22],"class_list":["post-740764","post","type-post","status-publish","format-standard","has-post-thumbnail","category-titulares","tag-breaking-news","tag-breakingnews","tag-disenador","tag-donantes","tag-es","tag-espana","tag-featured-news","tag-featurednews","tag-galliano","tag-headlines","tag-homenaje","tag-john","tag-judios","tag-latest-news","tag-latestnews","tag-met","tag-news","tag-noticias","tag-noticias-destacadas","tag-noticiasdestacadas","tag-politicos","tag-presion","tag-renuncia","tag-spain","tag-titulares","tag-ultimas-noticias","tag-ultimasnoticias"],"share_on_mastodon":{"url":"https:\/\/pubeurope.com\/@es\/117191670924144545","error":""},"_links":{"self":[{"href":"https:\/\/www.europesays.com\/es\/wp-json\/wp\/v2\/posts\/740764","targetHints":{"allow":["GET"]}}],"collection":[{"href":"https:\/\/www.europesays.com\/es\/wp-json\/wp\/v2\/posts"}],"about":[{"href":"https:\/\/www.europesays.com\/es\/wp-json\/wp\/v2\/types\/post"}],"author":[{"embeddable":true,"href":"https:\/\/www.europesays.com\/es\/wp-json\/wp\/v2\/users\/2"}],"replies":[{"embeddable":true,"href":"https:\/\/www.europesays.com\/es\/wp-json\/wp\/v2\/comments?post=740764"}],"version-history":[{"count":0,"href":"https:\/\/www.europesays.com\/es\/wp-json\/wp\/v2\/posts\/740764\/revisions"}],"wp:featuredmedia":[{"embeddable":true,"href":"https:\/\/www.europesays.com\/es\/wp-json\/wp\/v2\/media\/740765"}],"wp:attachment":[{"href":"https:\/\/www.europesays.com\/es\/wp-json\/wp\/v2\/media?parent=740764"}],"wp:term":[{"taxonomy":"category","embeddable":true,"href":"https:\/\/www.europesays.com\/es\/wp-json\/wp\/v2\/categories?post=740764"},{"taxonomy":"post_tag","embeddable":true,"href":"https:\/\/www.europesays.com\/es\/wp-json\/wp\/v2\/tags?post=740764"}],"curies":[{"name":"wp","href":"https:\/\/api.w.org\/{rel}","templated":true}]}}