{"id":740772,"date":"2026-08-31T19:10:22","date_gmt":"2026-08-31T19:10:22","guid":{"rendered":"https:\/\/www.europesays.com\/es\/740772\/"},"modified":"2026-08-31T19:10:22","modified_gmt":"2026-08-31T19:10:22","slug":"gustavo-puerta-abandonara-definitivamente-el-racing","status":"publish","type":"post","link":"https:\/\/www.europesays.com\/es\/740772\/","title":{"rendered":"Gustavo Puerta abandonar\u00e1 definitivamente el Racing"},"content":{"rendered":"<p style=\"\">La noticia que barruntaba el racinguismo desde hace meses ya es un hecho. A menos de 48 horas para cerrarse el mercado de fichajes, Tavo  &#8230; coge la puerta y se va. El Racing ha llegado hasta donde ha podido para tratar de convencer al futbolista colombiano, pero el aspecto econ\u00f3mico y la posibilidad de jugar Europa League han pesado m\u00e1s. El centrocampista, clave para el esquema de Jos\u00e9 Alberto, se marcha al Olympiakos griego, v\u00eda Notingham Forest.<\/p>\n<p class=\"v-d-p\" style=\"\">El club heleno ha sido el \u00fanico que ha llegado con la pasta por delante. Veinte kilos, de los que diez ir\u00e1n a parar a las arcas racinguistas y la otra mitad, a las del Bayer Leverkusen, de donde proced\u00eda cuando lleg\u00f3 a Santander. El Olympiakos, dirigido por Jos\u00e9 Luis Mendilibar, ya hab\u00eda venido tiempo atr\u00e1s, con la esperanza de certificar su clasificaci\u00f3n para la Champions y cobrar un buen premio con el que afrontar la operaci\u00f3n. Sin embargo, fall\u00f3 en su objetivo y la contrataci\u00f3n se enfri\u00f3. Sin embargo, en estos \u00faltimos d\u00edas de mercado, cuando hab\u00eda empezado a sonar el nombre del Benfica portugu\u00e9s, el conglomerado dirigido por el empresario Evangelos Marinakis ha vuelto a la carga con una f\u00f3rmula por la que el colombiano firmar\u00e1 por el Nottingham Forest \u2013tambi\u00e9n propiedad del griego\u2013 y saldr\u00e1 cedido al Olympiakos, tal y como desvel\u00f3 el periodista colombiano Pipe Sierra. Sobre la mesa, unos tres millones de euros, a los que el Racing no podr\u00eda llegar, pese a que estaba dispuesto a ofrecer un contrato al alza por el futbolista. <\/p>\n<p class=\"v-d-p\" style=\"\">Se ve\u00eda venir, pero la parroquia verdiblanca siempre quiso creer en un giro de guion. Porque pas\u00f3 el Mundial \u2013en el que brill\u00f3\u2013 y Gustavo Puerta volvi\u00f3 a Santander. Avanzaron las semanas, y el colombiano disput\u00f3 la primera jornada. Ytambi\u00e9n la segunda. Incluso, el domingo pasado, la tercera. A su nivel. Con profesionalidad. En eso no hay sospecha. <\/p>\n<p class=\"v-d-p\" style=\"\">En las \u00faltimas semanas, el Racing, sabedor de que en cuanto a dinero no pod\u00eda competir con el Olympiakos, ha tratado tambi\u00e9n de dar cari\u00f1o al futbolista, que adem\u00e1s est\u00e1 a punto de ser padre. En rueda de prensa, el entrenador, Jos\u00e9 Alberto, y el director deportivo, Chema Arag\u00f3n, han intentando venderle las bondades de jugar en la Primera Divisi\u00f3n Espa\u00f1ola. Adem\u00e1s, el club, a trav\u00e9s de su Fundaci\u00f3n, ha iniciado una campa\u00f1a de recaudaci\u00f3n de fondos para la reconstrucci\u00f3n de los edificios del pueblo natal del colombiano, La Victoria, afectado por el grave terremoto acaecido recientemente. Pero hac\u00eda tiempo que el futbolista ten\u00eda claro cu\u00e1l era su intenci\u00f3n. As\u00ed lo hab\u00eda expresado en diversas entrevistas en su pa\u00eds: recalar en un club m\u00e1s poderoso. Finalmente, el Olympiakos ha sido el elegido. <\/p>\n<p class=\"v-a-p-t\">\nLas claves\n<\/p>\n<p class=\"v-a-t\">\nLa operaci\u00f3n se llevar\u00e1 a cabo con un fichaje puente por el Nottingham Forest, propiedad del mismo grupo\n<\/p>\n<p class=\"v-a-t\">\nEl Racing estaba dispuesto a mejorarle el contrato, pero no pod\u00eda llegar a las cifras del club heleno\n<\/p>\n<p class=\"v-a-t\">\nChema Arag\u00f3n ya ha fichado a Iv\u00e1n Mart\u00edn y Prati, pero con la salida de Sergio hace falta m\u00e1s\n<\/p>\n<p class=\"v-d-p\" style=\"\">Con la marcha de Gustavo Puerta, la plantilla verdiblanca se queda con un vac\u00edo muy grande. Probablemente, sin su mejor futbolista y en una posici\u00f3n clave, como es la de mediocentro. Chema Arag\u00f3n ya hab\u00eda hecho trabajo previo, tal y como \u00e9l mismo ha reconocido, con las contrataciones de Iv\u00e1n Mart\u00edn y Matteo Prati. Pero con la salida ya confirmada tambi\u00e9n de Sergio Mart\u00ednez, Jos\u00e9 Alberto se queda con el bilbaino y el italiano, adem\u00e1s de \u00cd\u00f1igo Sainz-Maza y Maguette Gueye, para el doble pivote. Con la opci\u00f3n, eso s\u00ed, de retrasar la posici\u00f3n de Sergio Canales. <\/p>\n<p class=\"v-d-p\" style=\"\">Ahora, a Chema Arag\u00f3n se le plantea otra sesi\u00f3n casi de magia, como la que, precisamente, trajo a Gustavo Puerta a Santander. El pasado verano, por estas fechas, el \u00faltimo d\u00eda de mercado, el Racing anunci\u00f3 la llegada del futbolista colombiano, procedente del Bayer Leverkusen. Hab\u00eda militado la \u00faltima campa\u00f1a en el Hull City ingl\u00e9s, con el que logr\u00f3 el ascenso. Hab\u00eda una cl\u00e1usula de compra obligatoria que el club naranja no pudo efectuar por una sanci\u00f3n. As\u00ed que Puerta hizo la maleta y se march\u00f3 a Mosc\u00fa para negociar con el CSKA. Pero tampoco. Por la guerra de Ucrania, las empresas alemanas no pueden negociar con las rusas. Yah\u00ed apareci\u00f3 Chema Arag\u00f3n para tirar la ca\u00f1a y comprar el cincuenta por ciento de la propiedad de un futbolista que ha elevado el nivel de la plantilla y ha sido clave para el ascenso a Primera Divisi\u00f3n. <\/p>\n<ul class=\"v-cmp-rld__u\">\n<li class=\"v-cmp-rld__l\">\n<p><a class=\"v-a-lnk\" href=\"http:\/\/www.eldiariomontanes.es\/deportes\/racing\/iker-luque-santander-20260831143853-nt.html#vtm_modulosEngag=noticiasrelacionadas-cmp-uno:deportes:noticia:1\" data-voc-vtm-id=\"in-text-traffic\" rel=\"nofollow noopener\" target=\"_blank\"><br \/>\n<img decoding=\"async\" loading=\"lazy\" src=\"https:\/\/www.europesays.com\/es\/wp-content\/uploads\/2026\/08\/ikerluquee_1757881513_3721702342190597867_7196854514.jpg\" class=\"v-a-img\" width=\"258\" height=\"180\" alt=\"Iker Luque ya est\u00e1 en Santander\"\/><br \/>\n<\/a><\/p>\n<\/li>\n<\/ul>\n<p class=\"v-d-p\" style=\"\">En la ventana invernal de fichajes, ya empezaron a sonar nombres de equipos potentes de Europa, como la Roma, el Lazio o el Inter, como posibles interesados en contratar a Gustavo Puerta. Sin embargo, con una mejora de contrato y con el jugador consciente de que el Racing, donde era un fijo en las alineaciones, era su mejor opci\u00f3n de cara a acudir al Mundial lograron que el centrocampista no se moviese de Santander. Una circunstancia que, esta vez, ha sido imposible. <\/p>\n<p class=\"v-d-p\" style=\"\">A falta de convertirse en oficial, Gustavo Puerta se marcha de Santander despu\u00e9s de disputar 36 encuentros oficiales, 33 de ellos como titular. Ha estado 2.892 minutos en los que ha anotado tres tantos. En los dos encuentros de Liga que ha disputado el Racing como local, la afici\u00f3n tambi\u00e9n le ha expresado su cari\u00f1o con el tradicional &#8216;Qu\u00e9date&#8217;. Pero no ha surtido efecto. La decisi\u00f3n del colombiano ya estaba tomada y el encuentro frente al Elche fue el \u00faltimo con la camiseta verdiblanca. <\/p>\n","protected":false},"excerpt":{"rendered":"La noticia que barruntaba el racinguismo desde hace meses ya es un hecho. A menos de 48 horas&hellip;\n","protected":false},"author":2,"featured_media":740773,"comment_status":"","ping_status":"","sticky":false,"template":"","format":"standard","meta":{"footnotes":""},"categories":[268],"tags":[131460,26877,168,25,24,280,282,15248,740,2707,281,23,167],"class_list":["post-740772","post","type-post","status-publish","format-standard","has-post-thumbnail","category-futbol","tag-abandorara","tag-definitivamente","tag-deportes","tag-es","tag-espana","tag-football","tag-futbol","tag-gustavo","tag-puerta","tag-racing","tag-soccer","tag-spain","tag-sports"],"share_on_mastodon":{"url":"https:\/\/pubeurope.com\/@es\/117191707412710920","error":""},"_links":{"self":[{"href":"https:\/\/www.europesays.com\/es\/wp-json\/wp\/v2\/posts\/740772","targetHints":{"allow":["GET"]}}],"collection":[{"href":"https:\/\/www.europesays.com\/es\/wp-json\/wp\/v2\/posts"}],"about":[{"href":"https:\/\/www.europesays.com\/es\/wp-json\/wp\/v2\/types\/post"}],"author":[{"embeddable":true,"href":"https:\/\/www.europesays.com\/es\/wp-json\/wp\/v2\/users\/2"}],"replies":[{"embeddable":true,"href":"https:\/\/www.europesays.com\/es\/wp-json\/wp\/v2\/comments?post=740772"}],"version-history":[{"count":0,"href":"https:\/\/www.europesays.com\/es\/wp-json\/wp\/v2\/posts\/740772\/revisions"}],"wp:featuredmedia":[{"embeddable":true,"href":"https:\/\/www.europesays.com\/es\/wp-json\/wp\/v2\/media\/740773"}],"wp:attachment":[{"href":"https:\/\/www.europesays.com\/es\/wp-json\/wp\/v2\/media?parent=740772"}],"wp:term":[{"taxonomy":"category","embeddable":true,"href":"https:\/\/www.europesays.com\/es\/wp-json\/wp\/v2\/categories?post=740772"},{"taxonomy":"post_tag","embeddable":true,"href":"https:\/\/www.europesays.com\/es\/wp-json\/wp\/v2\/tags?post=740772"}],"curies":[{"name":"wp","href":"https:\/\/api.w.org\/{rel}","templated":true}]}}