{"id":740776,"date":"2026-08-31T19:12:12","date_gmt":"2026-08-31T19:12:12","guid":{"rendered":"https:\/\/www.europesays.com\/es\/740776\/"},"modified":"2026-08-31T19:12:12","modified_gmt":"2026-08-31T19:12:12","slug":"seis-piezas-eibarresas-exhiben-su-diseno-en-un-museo-de-barcelona","status":"publish","type":"post","link":"https:\/\/www.europesays.com\/es\/740776\/","title":{"rendered":"Seis piezas eibarresas exhiben su dise\u00f1o en un museo de Barcelona"},"content":{"rendered":"<p style=\"\">El patrimonio industrial de Eibar vuelve a mostrarse fuera de sus fronteras. Seis piezas vinculadas a algunas de las empresas m\u00e1s representativas de la historia  &#8230; fabril de la ciudad permanecer\u00e1n expuestas hasta el pr\u00f3ximo 16 de septiembre en el Museu del Disseny-Disseny Hub de Barcelona, dentro de la muestra organizada con motivo de los Premios Delta de ADI-FAD.<\/p>\n<p class=\"v-d-p\" style=\"\">La presencia eibarresa est\u00e1 ligada al Premio Delta Trayectoria concedido el pasado mes de julio al Museo de la Industria Armera. El jurado reconoci\u00f3 con esta distinci\u00f3n el rico patrimonio industrial de la ciudad y, especialmente, la labor realizada por el museo en su conservaci\u00f3n, estudio y difusi\u00f3n. Los Premios Delta surgieron en los a\u00f1os sesenta para poner en valor el dise\u00f1o industrial y reconocer la creaci\u00f3n de nuevos productos, incorpor\u00e1ndose posteriormente la categor\u00eda Trayectoria.<\/p>\n<p class=\"v-d-p\" style=\"\">La exposici\u00f3n fue inaugurada el 22 de julio y re\u00fane productos, proyectos y objetos presentados a las diferentes categor\u00edas de los galardones, as\u00ed como piezas representativas de las entidades distinguidas por su trayectoria. El museo eibarr\u00e9s ha cedido seis objetos con el prop\u00f3sito de mostrar la importancia que tuvieron \u2014y que algunas contin\u00faan teniendo\u2014 las empresas de la ciudad en \u00e1mbitos como la herramienta, el material de oficina o los utensilios dom\u00e9sticos.<\/p>\n<p class=\"v-d-p\" style=\"\">Entre las piezas seleccionadas se encuentra un calibre de precisi\u00f3n de Industrias SYG, empresa fundada en 1957 por F\u00e9lix Gorriti Uncetabarrenechea y Mauro Sab\u00e1n y que tuvo su sede en Txonta. El calibre, conocido tambi\u00e9n como pie de rey, permit\u00eda realizar mediciones de hasta 12 cent\u00edmetros con una precisi\u00f3n superior a la de una regla convencional. La firma alcanz\u00f3 una destacada dimensi\u00f3n exportadora y durante los a\u00f1os setenta destinaba al exterior el 95% de su producci\u00f3n, principalmente a Francia, Alemania, Holanda y Estados Unidos. La empresa cerr\u00f3 definitivamente en 1987.<\/p>\n<p class=\"v-d-p\" style=\"\">El Casco est\u00e1 representado por dos de sus productos m\u00e1s reconocibles: su afilal\u00e1pices de sobremesa y la grapadora M-20. El primero, fabricado en acero y zamak y accionado mediante manivela, se convirti\u00f3 despu\u00e9s de la Guerra Civil en un objeto habitual en oficinas y despachos. La grapadora, por su parte, fue creada en 1976 por el dise\u00f1ador industrial chileno Guillermo Capdevila Abatte y form\u00f3 parte de la serie &#8216;Desk Tops&#8217;. La historia de El Casco se remonta a 1920, cuando Juan Olave y Juan Mar\u00eda Solozabal fundaron Olave, Solozabal y C\u00eda. Tras comenzar fabricando rev\u00f3lveres, la empresa abandon\u00f3 la actividad armera en 1930 para especializarse en material de oficina.<\/p>\n<p class=\"v-d-p\" style=\"\">Otro de los objetos desplazados a Barcelona es un destornillador Irazola. La empresa comenz\u00f3 su actividad en Legarre en 1924 bajo el impulso de Victoriano Irazola y termin\u00f3 convirtiendo esta herramienta en uno de sus productos emblem\u00e1ticos. Alfa, Sigma, Lambretta y Seat fueron algunas de las compa\u00f1\u00edas que incorporaron sus destornilladores a sus equipos. La expansi\u00f3n del producto dio origen al conocido lema de la empresa, \u00abSolo fabricamos millones de destornilladores\u00bb. Desde 2011, Irazola forma parte, junto a Irimo, Palmera y Acesa, de la marca sueca Bahco.<\/p>\n<p class=\"v-d-p\" style=\"\">La muestra incluye igualmente un cepillo met\u00e1lico de JAZ Zubiaurre. La compa\u00f1\u00eda naci\u00f3 tambi\u00e9n en Eibar en 1924, promovida por Domingo Zubiaurre, y se especializ\u00f3 en cepillos de p\u00faa met\u00e1lica y herramientas para el tratamiento de superficies. Su internacionalizaci\u00f3n se intensific\u00f3 durante la d\u00e9cada de los setenta con la entrada en los mercados alem\u00e1n y estadounidense. Actualmente mantiene sus instalaciones en el pol\u00edgono industrial de Azitain y opera bajo la marca Jaz Surface Experts, despu\u00e9s de evolucionar desde la fabricaci\u00f3n de cepillos met\u00e1licos hacia soluciones integrales para el tratamiento de superficies.<\/p>\n<p class=\"v-d-p\" style=\"\">Completa la representaci\u00f3n eibarresa el emblem\u00e1tico sacacorchos de doble palanca de BOJ, dise\u00f1ado por David Ola\u00f1eta en 1932 y conocido popularmente como &#8216;el b\u00faho&#8217;. Se han vendido millones de unidades durante sus m\u00e1s de 90 a\u00f1os de historia en 31 pa\u00edses y est\u00e1 considerado uno de los 250 objetos m\u00e1s relevantes de la historia del dise\u00f1o industrial espa\u00f1ol. En 1998 fue expuesto en el Museo Reina Sof\u00eda de Madrid. BOJ hab\u00eda sido fundada en Eibar en 1905 por Manuel Barrenechea, Bernardo Ola\u00f1eta y Vicente Juaristi.<\/p>\n<p class=\"v-d-p\" style=\"\">La presencia de estas piezas en Barcelona ofrece as\u00ed un recorrido por m\u00e1s de un siglo de industria eibarresa y por la capacidad de las empresas locales para transformar su tradici\u00f3n metal\u00fargica en productos de uso cotidiano reconocidos dentro y fuera de Espa\u00f1a. La exposici\u00f3n permanecer\u00e1 abierta en el Disseny Hub hasta el 16 de septiembre, llevando hasta Barcelona una muestra de la cultura industrial que el Museo de la Industria Armera conserva en Eibar.<\/p>\n","protected":false},"excerpt":{"rendered":"El patrimonio industrial de Eibar vuelve a mostrarse fuera de sus fronteras. Seis piezas vinculadas a algunas de&hellip;\n","protected":false},"author":2,"featured_media":740777,"comment_status":"","ping_status":"","sticky":false,"template":"","format":"standard","meta":{"footnotes":""},"categories":[173],"tags":[229,233,231,230,210,232,234,131461,146,147,25,24,64998,470,5534,1139,23],"class_list":["post-740776","post","type-post","status-publish","format-standard","has-post-thumbnail","category-arte-y-diseno","tag-arte","tag-arte-y-diseno","tag-arts","tag-arts-and-design","tag-barcelona","tag-design","tag-diseno","tag-eibarresas","tag-entertainment","tag-entretenimiento","tag-es","tag-espana","tag-exhiben","tag-museo","tag-piezas","tag-seis","tag-spain"],"share_on_mastodon":{"url":"https:\/\/pubeurope.com\/@es\/117191714242927829","error":""},"_links":{"self":[{"href":"https:\/\/www.europesays.com\/es\/wp-json\/wp\/v2\/posts\/740776","targetHints":{"allow":["GET"]}}],"collection":[{"href":"https:\/\/www.europesays.com\/es\/wp-json\/wp\/v2\/posts"}],"about":[{"href":"https:\/\/www.europesays.com\/es\/wp-json\/wp\/v2\/types\/post"}],"author":[{"embeddable":true,"href":"https:\/\/www.europesays.com\/es\/wp-json\/wp\/v2\/users\/2"}],"replies":[{"embeddable":true,"href":"https:\/\/www.europesays.com\/es\/wp-json\/wp\/v2\/comments?post=740776"}],"version-history":[{"count":0,"href":"https:\/\/www.europesays.com\/es\/wp-json\/wp\/v2\/posts\/740776\/revisions"}],"wp:featuredmedia":[{"embeddable":true,"href":"https:\/\/www.europesays.com\/es\/wp-json\/wp\/v2\/media\/740777"}],"wp:attachment":[{"href":"https:\/\/www.europesays.com\/es\/wp-json\/wp\/v2\/media?parent=740776"}],"wp:term":[{"taxonomy":"category","embeddable":true,"href":"https:\/\/www.europesays.com\/es\/wp-json\/wp\/v2\/categories?post=740776"},{"taxonomy":"post_tag","embeddable":true,"href":"https:\/\/www.europesays.com\/es\/wp-json\/wp\/v2\/tags?post=740776"}],"curies":[{"name":"wp","href":"https:\/\/api.w.org\/{rel}","templated":true}]}}