{"id":740782,"date":"2026-08-31T19:16:14","date_gmt":"2026-08-31T19:16:14","guid":{"rendered":"https:\/\/www.europesays.com\/es\/740782\/"},"modified":"2026-08-31T19:16:14","modified_gmt":"2026-08-31T19:16:14","slug":"disney-toma-zeanuri-en-el-rodaje-de-la-version-en-imagen-real-de-enredados","status":"publish","type":"post","link":"https:\/\/www.europesays.com\/es\/740782\/","title":{"rendered":"Disney toma Zeanuri en el rodaje de la versi\u00f3n en imagen real de &#8216;Enredados&#8217;"},"content":{"rendered":"<p style=\"\">Gorbeia es tierra de leyendas. A las lamias que se ba\u00f1an en la orilla de sus r\u00edos y a la diosa Mari que mora en  &#8230; cuevas como Mairuelegorreta y Supelegor se han sumado los protagonistas de &#8216;Rapunzel&#8217;, la princesa de largu\u00edsima cabellera dorada que se fuga de la torre en la que permanece encerrada junto a un guapo ladr\u00f3n llamado Flynn Rider.<\/p>\n<p class=\"v-d-p\" style=\"\">Su historia se contaba en &#8216;Enredados&#8217; (&#8216;Tangled&#8217;), la pel\u00edcula de animaci\u00f3n n\u00famero 50 de Disney. Estrenada en 2011, la adaptaci\u00f3n de uno de los cuentos m\u00e1s c\u00e9lebres de los hermanos Grimm cost\u00f3 260 millones de d\u00f3lares y ocho a\u00f1os de trabajo. Su adaptaci\u00f3n a imagen real, tal como viene haciendo la casa de Mickey Mouse con sus \u00e9xitos, se rueda en el Parque Natural del Gorbeia despu\u00e9s de pasar por \u00c1lava, la sierra de Urbasa en Navarra, Girona, Tarragona, Burgos y los estudios Ciudad de la Luz en Alicante, donde Juan Antonio Bayona film\u00f3 &#8216;Lo imposible&#8217;.<\/p>\n<p class=\"v-d-p\" style=\"\">El humedal de Saldropo, en el t\u00e9rmino municipal de Zeanuri, y el hayedo de Otzarreta permanecen estos d\u00edas tomados por camiones repletos de atrezzo, vestuario y c\u00e1maras. Las medidas de seguridad son extremas e impiden el paso a los visitantes. Rapunzel y Flynn Rider est\u00e1n interpretados por Teagan Croft (&#8216;Titanes&#8217;) y Milo Manheim (saga &#8216;Zombies&#8217;). El reparto tambi\u00e9n incluye al mexicano Diego Luna, que interpreta a un nuevo personaje llamado Hawthorne; Caitr\u00edona Balfe en el papel de la reina Arianna; Elliot Cowan como el rey Frederic; y Patrick y Hugo McPherson, que dar\u00e1n vida a los gemelos Stabbington. Dirigida por Michael Gracey (&#8216;El gran showman&#8217;), la cinta se estrenar\u00e1 en cines el 31 de marzo de 2028.<\/p>\n<p class=\"v-d-p\" style=\"\">En total, ocho meses de un rodaje que este verano revolucion\u00f3 Valdegov\u00eda (\u00c1lava). Tr\u00e1ilers enormes, caravanas y carpas convivieron en una parcela vallada para acomodar a los 800 trabajadores que componen el equipo de rodaje. El municipio de 1.147 habitantes vivi\u00f3 a comienzos de junio c\u00f3mo Disney levantaba una enorme torre de m\u00e1s de 30 metros en el set de San Mart\u00edn de Valpara\u00edso. Algunos vecinos expresaron su confianza de que la construcci\u00f3n permaneciera una vez terminado el rodaje con fines tur\u00edsticos, pero no fue as\u00ed.<\/p>\n<p>\nBosques de cuento\n<\/p>\n<p class=\"v-d-p\" style=\"\">Los contactos de Disney en \u00c1lava se desarrollaron con suma discreci\u00f3n durante meses. La Vitoria-Gasteiz Araba Film Commission, entidad que atiende los rodajes en el territorio, les mostr\u00f3 distintos puntos de la geograf\u00eda local y la cuadrilla de A\u00f1ana fue la que mejor se ajust\u00f3 al plan de rodaje del cuento de la princesa de melena infinita. <\/p>\n<p><img decoding=\"async\" loading=\"lazy\" src=\"https:\/\/www.europesays.com\/es\/wp-content\/uploads\/2026\/08\/enredados-disney-U02718075751fnQ-680x476@El Correo.jpg\" class=\"v-a-img\" width=\"680\" height=\"478\" alt=\"Imagen de 'Enredados'.\" data-voc-vtm-id=\"in-text-traffic\"\/><\/p>\n<p>Imagen de &#8216;Enredados&#8217;.<\/p>\n<p class=\"v-d-p\" style=\"\">La elecci\u00f3n de estos paisajes no resulta casual. Los entornos naturales de \u00c1lava, caracterizados por sus contrastes entre zonas boscosas, valles abiertos y formaciones rocosas, encajan con la est\u00e9tica de los relatos cl\u00e1sicos y refuerzan la atm\u00f3sfera de cuento que exige una historia como la de Rapunzel. <\/p>\n<p class=\"v-d-p\" style=\"\">Este tipo de localizaciones aporta autenticidad visual y reduce la necesidad de recreaciones digitales, algo cada vez m\u00e1s valorado en las grandes producciones.<\/p>\n<p class=\"v-d-p\" style=\"\">&#8216;Enredados&#8217; se detiene ahora en Bizkaia y en los bosques de cuento del Parque Natural de Gorbeia, donde Alejandro Amen\u00e1bar rod\u00f3 escenas de &#8216;Mientras dure la guerra&#8217;, su cr\u00f3nica de los \u00faltimos d\u00edas de Miguel de Unamuno.<\/p>\n","protected":false},"excerpt":{"rendered":"Gorbeia es tierra de leyendas. A las lamias que se ba\u00f1an en la orilla de sus r\u00edos y&hellip;\n","protected":false},"author":2,"featured_media":740783,"comment_status":"","ping_status":"","sticky":false,"template":"","format":"standard","meta":{"footnotes":""},"categories":[169],"tags":[177,1060,76033,146,147,25,24,176,1157,175,798,7206,23,4350,1927,131462],"class_list":["post-740782","post","type-post","status-publish","format-standard","has-post-thumbnail","category-cine","tag-cine","tag-disney","tag-enredados","tag-entertainment","tag-entretenimiento","tag-es","tag-espana","tag-film","tag-imagen","tag-movies","tag-real","tag-rodaje","tag-spain","tag-toma","tag-version","tag-zeanuri"],"share_on_mastodon":{"url":"https:\/\/pubeurope.com\/@es\/117191730148733128","error":""},"_links":{"self":[{"href":"https:\/\/www.europesays.com\/es\/wp-json\/wp\/v2\/posts\/740782","targetHints":{"allow":["GET"]}}],"collection":[{"href":"https:\/\/www.europesays.com\/es\/wp-json\/wp\/v2\/posts"}],"about":[{"href":"https:\/\/www.europesays.com\/es\/wp-json\/wp\/v2\/types\/post"}],"author":[{"embeddable":true,"href":"https:\/\/www.europesays.com\/es\/wp-json\/wp\/v2\/users\/2"}],"replies":[{"embeddable":true,"href":"https:\/\/www.europesays.com\/es\/wp-json\/wp\/v2\/comments?post=740782"}],"version-history":[{"count":0,"href":"https:\/\/www.europesays.com\/es\/wp-json\/wp\/v2\/posts\/740782\/revisions"}],"wp:featuredmedia":[{"embeddable":true,"href":"https:\/\/www.europesays.com\/es\/wp-json\/wp\/v2\/media\/740783"}],"wp:attachment":[{"href":"https:\/\/www.europesays.com\/es\/wp-json\/wp\/v2\/media?parent=740782"}],"wp:term":[{"taxonomy":"category","embeddable":true,"href":"https:\/\/www.europesays.com\/es\/wp-json\/wp\/v2\/categories?post=740782"},{"taxonomy":"post_tag","embeddable":true,"href":"https:\/\/www.europesays.com\/es\/wp-json\/wp\/v2\/tags?post=740782"}],"curies":[{"name":"wp","href":"https:\/\/api.w.org\/{rel}","templated":true}]}}