{"id":740790,"date":"2026-08-31T19:20:18","date_gmt":"2026-08-31T19:20:18","guid":{"rendered":"https:\/\/www.europesays.com\/es\/740790\/"},"modified":"2026-08-31T19:20:18","modified_gmt":"2026-08-31T19:20:18","slug":"como-cambiar-el-nombre-de-tu-iphone-y-que-salga-incluso-en-la-pantalla-de-bloqueo","status":"publish","type":"post","link":"https:\/\/www.europesays.com\/es\/740790\/","title":{"rendered":"C\u00f3mo cambiar el nombre de tu iPhone y que salga incluso en la pantalla de bloqueo"},"content":{"rendered":"<p>Hay peque\u00f1os detalles del iPhone que, aunque pasan desapercibidos de primeras, pueden ser \u00fatiles para personalizarlos. Uno de ellos es el nombre, algo que a priori no se le presta atenci\u00f3n, pero que <strong>aparece en muchos sitios <\/strong>cuando se detecta tu iPhone.<\/p>\n<p>Adem\u00e1s, hay una forma de llevar la personalizaci\u00f3n m\u00e1s all\u00e1, haciendo que <strong>pueda verse escrito en tu iPhone<\/strong>. Y aunque esta \u00faltima no es una funci\u00f3n pensada espec\u00edficamente para eso, pero aprovechando los modos de concentraci\u00f3n puedes conseguirlo en apenas unos pasos.<\/p>\n<p>C\u00f3mo cambiar el nombre que otros ven de tu iPhone<\/p>\n<p>De serie, tu iPhone se llamar\u00e1 \u00abiPhone de &#8230;\u00bb y tu nombre, pero puedes cambiarlo al que quieras. Puedes poner otro nombre, el modelo exacto del iPhone o que no salga ning\u00fan nombre y ponerte troll con un nombre c\u00f3mico.<\/p>\n<p>                   <img class=\"centro_sinmarco\" height=\"900\" width=\"1350\" loading=\"lazy\" decoding=\"async\"  fetchpriority=\"high\"  src=\"https:\/\/i.blogs.es\/584d3e\/cambiar-nombre-iphone-1\/450_1000.webp\" alt=\"Cambiar Nombre Iphone 1\" onerror=\"this.src=\" https:=\"\" false=\"\"\/><\/p>\n<ol>\n<li value=\"1\">Abre Ajustes.<\/li>\n<li value=\"2\">Ve al apartado General.<\/li>\n<li value=\"3\">Entra en Informaci\u00f3n.<\/li>\n<\/ol>\n<p>                   <img class=\"centro_sinmarco\" height=\"900\" width=\"1350\" loading=\"lazy\" decoding=\"async\"  fetchpriority=\"high\"  src=\"https:\/\/i.blogs.es\/512634\/cambiar-nombre-iphone-2\/450_1000.webp\" alt=\"Cambiar Nombre Iphone 2\" onerror=\"this.src=\" https:=\"\" false=\"\"\/><\/p>\n<ol start=\"4\">\n<li value=\"4\">Pulsa en Nombre.<\/li>\n<li value=\"5\">Escribe el nombre que quieras y vuelve atr\u00e1s.<\/li>\n<\/ol>\n<p>Podr\u00e1s cambiar el nombre tantas veces como quieras y este ser\u00e1 <strong>visible en multitud de apartados<\/strong>. Desde tu ordenador cuando lo conectes, hasta las opciones de AirDrop de tus contactos.<\/p>\n<p>C\u00f3mo poner el nombre para que se vea en la pantalla de bloqueo<\/p>\n<p>Si quieres <a href=\"https:\/\/www.applesfera.com\/tutoriales\/te-cuento-como-poner-tu-nombre-pantalla-iphone\" rel=\"nofollow noopener\" target=\"_blank\">personalizar a\u00fan m\u00e1s tu iPhone<\/a>, hay una forma de que aparezca <strong>en la parte inferior de la pantalla de bloqueo<\/strong>. Es mediante los <a href=\"https:\/\/www.applesfera.com\/ios\/modos-concentracion-que-como-funcionan-como-podemos-configurarlos\" rel=\"nofollow noopener\" target=\"_blank\">modos de concentraci\u00f3n<\/a>, que pese a no estar pensados para ello, pueden servir.<\/p>\n<p>    <a href=\"https:\/\/www.applesfera.com\/tutoriales\/iphone-tiene-modo-simple-escondido-ajustes-perfecto-para-eliminar-distracciones\" class=\"pivot-outboundlink\" data-vars-post-title=\"El iPhone tiene un &quot;modo simple&quot; escondido en los ajustes. Y es perfecto para eliminar distracciones \" rel=\"nofollow noopener\" target=\"_blank\"><br \/>\n     <img loading=\"lazy\" decoding=\"async\" alt=\"El iPhone tiene un &quot;modo simple&quot; escondido en los ajustes. Y es perfecto para eliminar distracciones \" width=\"375\" height=\"142\" src=\"https:\/\/i.blogs.es\/2fd596\/modo-acceso-asistido\/375_142.webp\" onerror=\"this.src=\" https:=\"\"\/><br \/>\n    <\/a><\/p>\n<p>Estos modos est\u00e1n en iOS para que puedas tener distintas restricciones de notificaciones o diferentes pantallas de apps, pero tambi\u00e9n puedes <strong>configurar un modo exactamente igual que el modo \u00abnormal\u00bb del iPhone<\/strong>, pero d\u00e1ndole un nombre distinto. De ese modo seguir\u00e1 sonando cada vez que te llamen o recibas una notificaci\u00f3n.<\/p>\n<p>                   <img class=\"centro_sinmarco\" height=\"900\" width=\"1350\" loading=\"lazy\" decoding=\"async\"  fetchpriority=\"high\"  src=\"https:\/\/i.blogs.es\/3350e7\/personalizar-modo-de-concentracion-1\/450_1000.webp\" alt=\"Personalizar Modo De Concentracion 1\" onerror=\"this.src=\" https:=\"\" false=\"\"\/><\/p>\n<ol>\n<li value=\"1\">Abre Ajustes.<\/li>\n<li value=\"2\">Ve a Modos de concentraci\u00f3n.<\/li>\n<li value=\"3\">Pulsa en + para crear un nuevo modo y elige Personalizado.<\/li>\n<\/ol>\n<p>                   <img class=\"centro_sinmarco\" height=\"900\" width=\"1350\" loading=\"lazy\" decoding=\"async\"  fetchpriority=\"high\"  src=\"https:\/\/i.blogs.es\/894412\/personalizar-modo-de-concentracion-2\/450_1000.webp\" alt=\"Personalizar Modo De Concentracion 2\" onerror=\"this.src=\" https:=\"\" false=\"\"\/><\/p>\n<ol start=\"4\">\n<li value=\"4\">Escribe un nombre y selecciona un color y emoji (todo ello se ver\u00e1 en la pantalla de bloqueo) y pulsa en Siguiente.<\/li>\n<li value=\"5\">A la hora de personalizar este modo, aseg\u00farate de no tocar nada y que se mantengan todas las notificaciones activas.<\/li>\n<\/ol>\n<p>Una vez que hagas esto, podr\u00e1s <strong>activar y desactivar este modo desde el centro de control <\/strong>del iPhone. Al estar activo, solo debes fijarte en la parte inferior de la pantalla de bloqueo para ver que ah\u00ed aparece el icono y nombre que le diste.<\/p>\n<p>No tiene ninguna utilidad real m\u00e1s all\u00e1 de personalizar la pantalla de bloqueo y darle un toque diferente al iPhone, pero puede ser una forma curiosa de identificarlo de un vistazo o, simplemente, de ponerle un nombre que saque una sonrisa cada vez que lo veas.<\/p>\n<p>V\u00eda | <a href=\"https:\/\/www.xatakamovil.com\/tutoriales\/como-cambiar-nombre-tu-movil-que-se-muestre-como-quieras\" rel=\"nofollow noopener\" target=\"_blank\">Xataka M\u00f3vil<\/a><\/p>\n<p>En Applesfera | <a href=\"https:\/\/www.applesfera.com\/tutoriales\/mejores-trucos-fotos-iphone\" rel=\"nofollow noopener\" target=\"_blank\">C\u00f3mo conseguir mejores fotograf\u00edas con tu iPhone cambiando estos ajustes<\/a><\/p>\n<p>En Applesfera | <a href=\"https:\/\/www.applesfera.com\/tutoriales\/como-escribir-simbolo-manzana-mordida-atajo-muy-rapido-tu-mac-iphone-ipad\" rel=\"nofollow noopener\" target=\"_blank\">C\u00f3mo escribir el s\u00edmbolo de Apple o la manzana mordida \uf8ff en tu Mac, iPhone y iPad<\/a><\/p>\n","protected":false},"excerpt":{"rendered":"Hay peque\u00f1os detalles del iPhone que, aunque pasan desapercibidos de primeras, pueden ser \u00fatiles para personalizarlos. Uno de&hellip;\n","protected":false},"author":2,"featured_media":740791,"comment_status":"","ping_status":"","sticky":false,"template":"","format":"standard","meta":{"footnotes":""},"categories":[81],"tags":[119,123,124,25,24,117,121,122,23,118,120],"class_list":["post-740790","post","type-post","status-publish","format-standard","has-post-thumbnail","category-ciencia-y-tecnologia","tag-ciencia","tag-ciencia-y-tecnologia","tag-cienciaytecnologia","tag-es","tag-espana","tag-science","tag-science-and-technology","tag-scienceandtechnology","tag-spain","tag-technology","tag-tecnologia"],"share_on_mastodon":{"url":"https:\/\/pubeurope.com\/@es\/117191747100076360","error":""},"_links":{"self":[{"href":"https:\/\/www.europesays.com\/es\/wp-json\/wp\/v2\/posts\/740790","targetHints":{"allow":["GET"]}}],"collection":[{"href":"https:\/\/www.europesays.com\/es\/wp-json\/wp\/v2\/posts"}],"about":[{"href":"https:\/\/www.europesays.com\/es\/wp-json\/wp\/v2\/types\/post"}],"author":[{"embeddable":true,"href":"https:\/\/www.europesays.com\/es\/wp-json\/wp\/v2\/users\/2"}],"replies":[{"embeddable":true,"href":"https:\/\/www.europesays.com\/es\/wp-json\/wp\/v2\/comments?post=740790"}],"version-history":[{"count":0,"href":"https:\/\/www.europesays.com\/es\/wp-json\/wp\/v2\/posts\/740790\/revisions"}],"wp:featuredmedia":[{"embeddable":true,"href":"https:\/\/www.europesays.com\/es\/wp-json\/wp\/v2\/media\/740791"}],"wp:attachment":[{"href":"https:\/\/www.europesays.com\/es\/wp-json\/wp\/v2\/media?parent=740790"}],"wp:term":[{"taxonomy":"category","embeddable":true,"href":"https:\/\/www.europesays.com\/es\/wp-json\/wp\/v2\/categories?post=740790"},{"taxonomy":"post_tag","embeddable":true,"href":"https:\/\/www.europesays.com\/es\/wp-json\/wp\/v2\/tags?post=740790"}],"curies":[{"name":"wp","href":"https:\/\/api.w.org\/{rel}","templated":true}]}}