{"id":740796,"date":"2026-08-31T19:23:14","date_gmt":"2026-08-31T19:23:14","guid":{"rendered":"https:\/\/www.europesays.com\/es\/740796\/"},"modified":"2026-08-31T19:23:14","modified_gmt":"2026-08-31T19:23:14","slug":"el-govern-destituye-a-la-secretaria-general-de-educacion-y-anuncia-tres-expedientes-disciplinarios-por-los-errores-en-las-pisa","status":"publish","type":"post","link":"https:\/\/www.europesays.com\/es\/740796\/","title":{"rendered":"El Govern destituye a la secretaria general de Educaci\u00f3n y anuncia tres expedientes disciplinarios por los errores en las PISA"},"content":{"rendered":"<p class=\"article-text\">\n        La consellera de Educaci\u00f3n, Esther Niub\u00f3, ha anunciado este lunes la destituci\u00f3n de la secretaria general de Educaci\u00f3n, Teresa Sambola. Niub\u00f3 ha explicado que el \u201crelevo\u201d responde a la necesidad de una \u201cnueva etapa\u201d en el sino del Departamento y desvincula la decisi\u00f3n al error de muestra en los ex\u00e1menes PISA que dej\u00f3 a Catalunya fuera del estudio de la OCDE.\n    <\/p>\n<p>    <a href=\"https:\/\/www.eldiario.es\/catalunya\/conflicto-educativo-enquista-catalunya-pese-pacto-govern-sindicatos-pasara-ahora_1_13275291.html\" data-mrf-recirculation=\"saber-mas\" data-dl-event=\"saber-mas\" rel=\"nofollow noopener\" target=\"_blank\"><\/p>\n<p class=\"know-more__title\">Por qu\u00e9 el conflicto educativo se enquista en Catalunya pese al pacto de Govern y sindicatos y qu\u00e9 pasar\u00e1 ahora<\/p>\n<p>            <img decoding=\"async\" class=\"lazy\" loading=\"lazy\" data-src=\"https:\/\/static.eldiario.es\/clip\/893ee30a-f91b-4889-b221-0f81cdb93683_16-9-aspect-ratio_default_0.jpg\" src=\"data:image\/svg+xml,%3Csvg xmlns=\" http:=\"\" viewbox=\"0 0 880 495\" alt=\"Por qu\u00e9 el conflicto educativo se enquista en Catalunya pese al pacto de Govern y sindicatos y qu\u00e9 pasar\u00e1 ahora\"\/><\/p>\n<p>                        <\/a><\/p>\n<p class=\"article-text\">\n        Aun as\u00ed, ha reconocido que ese fallo t\u00e9cnico podr\u00eda ser el \u201cdeteonante\u201d de problemas de \u201cfuncionamiento\u201d en el Departament. Por ello, ha anunciado que iniciar\u00e1 tres expedientes disciplinarios a dos funcionarios y un alto cargo, por los errores de gesti\u00f3n de los ex\u00e1menes. Dos de ellos ser\u00edan por un presunto incumplimiento de sus deberes como funcionarios p\u00fablicos por una falta grave y el tercero ser\u00eda por una presunta infracci\u00f3n leve.\n    <\/p>\n<p class=\"article-text\">\n        Una vez acabe el proceso disciplinario, se decidir\u00e1 si las acciones son merecedoras o no de sanciones. \u201cNo minimizamos la gravedad de lo que ha pasado\u201d, ha explicado Niub\u00f3, que ha aclarado que s\u00f3lo 5 de los 51 centros inscritos en las pruebas cumplieron con la tasa de excepci\u00f3n recomendada por la OCDE.\n    <\/p>\n<p class=\"article-text\">\n        Lo que ocurri\u00f3 es que la muestra de las pruebas realizadas entre el 31 de marzo y el 16 de mayo de 2025 tuvo un \u00edndice de exenci\u00f3n \u2013la tasa de alumnos que quedan fuera por diversas razones\u2013 del 23,2%, exageradamente por encima del m\u00e1ximo del 5% recomendado por la OCDE. En concreto, 591 alumnos de los m\u00e1s de 2.000 seleccionados para hacer la prueba quedaron exentos: de estos, 6 lo fueron por discapacidad f\u00edsica, 493 por discapacidad cognitiva, conductual o emocional, y 92 por dominio insuficiente de la lengua.\n    <\/p>\n<p class=\"article-text\">\n        De esta forma, Catalunya ha aparecido en el informe estatal de PISA, pero con una acotaci\u00f3n t\u00e9cnica respecto al resto de territorios. Donde no aparecer\u00e1 ser\u00e1 en el anexo del informe de la OCDE en el que se hace un resumen de las comunidades del Estado. El Ministerio de Educaci\u00f3n fue alertado en marzo de esta incidencia y se lo comunic\u00f3 a la Agencia de Evaluaci\u00f3n y Prospectiva.\n    <\/p>\n<p class=\"article-text\">\n        Niub\u00f3 ha explicado que la informaci\u00f3n que se traslad\u00f3 a los centros en su momento era \u201ccorrecta\u201d pero \u201cincompleta\u201d porque en ning\u00fan lugar se especificaba que el l\u00edmite de excepci\u00f3n fuera del 5%. Adem\u00e1s, ha a\u00f1adido que cuando el Ministerio alert\u00f3 del error, todav\u00eda hab\u00eda centros pendientes de realizar las pruebas y se podr\u00edan haber llevado a cabo medidas correctivas, pero tampoco se produjeron. Niub\u00f3 asegura que a ella nunca se le traslad\u00f3 que hubiera habido \u201cninguna problem\u00e1tica\u201d. Con todo, ha exculpado a los directores de los centros y ha asegurado que la responsabilidad recae en el Departament.\n    <\/p>\n<p>    Un inicio de curso convulso<\/p>\n<p class=\"article-text\">\n        La noticia sobre el error en las PISA vino a poner el broche de cierre a un curso que fue especialmente conflictivo y pol\u00e9mico en Catalunya. Desde el anuncio de la <a href=\"https:\/\/www.eldiario.es\/catalunya\/catalunya-desplegara-mossos-paisano-institutos-reducir-conflictividad_1_13165545.html\" target=\"_blank\" data-mrf-recirculation=\"links-noticia\" class=\"link\" rel=\"nofollow noopener\">incorporaci\u00f3n de los Mossos d&#8217;Esquadra en los centros educativos<\/a> para \u201cmejorar la convivencia\u201d, hasta la <a href=\"https:\/\/www.eldiario.es\/catalunya\/mossos-evitan-confirmar-si-infiltraron-agentes-asamblea-profesores_1_13205260.html\" target=\"_blank\" data-mrf-recirculation=\"links-noticia\" class=\"link\" rel=\"nofollow noopener\">infiltraci\u00f3n de agentes en asambleas de profesores<\/a> pasando por el intenso calendario de huelgas y las negociaciones con el sector.\n    <\/p>\n<p class=\"article-text\">\n        A una semana de que empiece el nuevo ciclo lectivo, las desavenencias entre docentes y la Generalitat sigue latente. Aunque CCOO y UGT alcanzaron un acuerdo en mayo, los docentes realizaron una votaci\u00f3n en la que rechazaron el pacto por considerarlo \u201cinsuficiente\u201d. Por ello, los sindicatos USTEC -mayoritario en el sector-, CGT, Intersindical, CNT y COS anunciaron ya antes de verano huelgas el primer d\u00eda lectivo y durante las jornadas posteriores. A mediados de agosto, la portavoz del sindicato, Iolanda Segura, <a href=\"https:\/\/www.eldiario.es\/catalunya\/ustec-mantiene-huelga-primer-dia-clases-e-insta-generalitat-negociar-evitar-futuros-paros_1_13463415.html\" target=\"_blank\" data-mrf-recirculation=\"links-noticia\" class=\"link\" rel=\"nofollow noopener\">confirm\u00f3 los paros y afe\u00f3 al Departament que no se hubiera sentado a negociar con los docentes durante todo el verano<\/a>.\n    <\/p>\n<p class=\"article-text\">\n        La consellera, por su parte, ha asegurado que estos d\u00edas se reunir\u00e1 con los convocantes a la huelga para \u201ctratar de desconvocar\u201d el paro. Aun as\u00ed, Niub\u00f3 no guarda demasiadas esperanzas y ha apuntado que este \u201cno ser\u00e1 el inicio de curso que se hubiera querido\u201d. Con todo, ha hecho un llamado a los docentes para que \u201cni las familias ni los alumnos se vean afectados\u201d y ha pedido \u201chacer convivir el derecho a huelga con el derecho a la educaci\u00f3n\u201d.\n    <\/p>\n<p class=\"article-text\">\n        La consellera ha intentado tranquilizar a la poblaci\u00f3n asegurando que \u201cno se est\u00e1 en el mismo punto que el a\u00f1o pasado\u201d, que fue el curso con m\u00e1s huelgas educativas de la historia reciente. Niub\u00f3 conf\u00eda en que los pactos alcanzados con el resto de sindicatos ayude a lubricar mejor las conversaciones.\n    <\/p>\n<p class=\"article-text\">\n        Entre lo acordado destaca la incorporaci\u00f3n de 1.800 profesionales. De ellos, 1.103 ser\u00e1n maestros, superando as\u00ed los 85.000. Tambi\u00e9n habr\u00e1 un incremento del personal de atenci\u00f3n educativa (531) y del personal de administraci\u00f3n (196). S\u00f3lo en los \u00faltimos 5 a\u00f1os, la plantilla de profesores en Catalunya ha aumentado en m\u00e1s de 8.000 docentes. Tambi\u00e9n empieza un curso con un incremento en la n\u00f3mina de hasta 700 euros anuales.\n    <\/p>\n<p>    <a href=\"https:\/\/www.eldiario.es\/catalunya\/catalunya-queda-fuera-pruebas-pisa-error-muestra-examenes_1_13404469.html\" data-mrf-recirculation=\"saber-mas-abajo\" data-dl-event=\"saber-mas-abajo\" rel=\"nofollow noopener\" target=\"_blank\"><\/p>\n<p class=\"know-more__title\">Catalunya queda fuera de las pruebas PISA por un error en la muestra de los ex\u00e1menes\n<\/p>\n<p>            <img decoding=\"async\" class=\"lazy\" loading=\"lazy\" data-src=\"https:\/\/static.eldiario.es\/clip\/9d9d75c9-b35d-49a9-8177-f44edbb1ea96_16-9-aspect-ratio_default_0_x1300y321.jpg\" src=\"data:image\/svg+xml,%3Csvg xmlns=\" http:=\"\" viewbox=\"0 0 880 495\" alt=\"Catalunya queda fuera de las pruebas PISA por un error en la muestra de los ex\u00e1menes\"\/><\/p>\n<p>                        <\/a><\/p>\n<p class=\"article-text\">\n        Todo ello, con un n\u00famero total de alumnos que baja ligeramente (un 0,04%) y se sit\u00faa en los 1.604.988 estudiantes. El sistema educativo catal\u00e1n est\u00e1 adelgazando y s\u00f3lo se compensa por el aumento de alumnos en la FP. En el resto de etapas educativas, especialmente en Primaria, se nota el descenso.\n    <\/p>\n","protected":false},"excerpt":{"rendered":"La consellera de Educaci\u00f3n, Esther Niub\u00f3, ha anunciado este lunes la destituci\u00f3n de la secretaria general de Educaci\u00f3n,&hellip;\n","protected":false},"author":2,"featured_media":740797,"comment_status":"","ping_status":"","sticky":false,"template":"","format":"standard","meta":{"footnotes":""},"categories":[8],"tags":[517,210,17,18,1980,95,25,24,13,14,11,1982,19,20,9,10,15,16,1981,952,23,12,21,22],"class_list":["post-740796","post","type-post","status-publish","format-standard","has-post-thumbnail","category-espana","tag-actualidad","tag-barcelona","tag-breaking-news","tag-breakingnews","tag-cataluna","tag-economia","tag-es","tag-espana","tag-featured-news","tag-featurednews","tag-headlines","tag-ignacio-escolar","tag-latest-news","tag-latestnews","tag-news","tag-noticias","tag-noticias-destacadas","tag-noticiasdestacadas","tag-periodismo-independiente","tag-politica","tag-spain","tag-titulares","tag-ultimas-noticias","tag-ultimasnoticias"],"share_on_mastodon":{"url":"https:\/\/pubeurope.com\/@es\/117191757477945023","error":""},"_links":{"self":[{"href":"https:\/\/www.europesays.com\/es\/wp-json\/wp\/v2\/posts\/740796","targetHints":{"allow":["GET"]}}],"collection":[{"href":"https:\/\/www.europesays.com\/es\/wp-json\/wp\/v2\/posts"}],"about":[{"href":"https:\/\/www.europesays.com\/es\/wp-json\/wp\/v2\/types\/post"}],"author":[{"embeddable":true,"href":"https:\/\/www.europesays.com\/es\/wp-json\/wp\/v2\/users\/2"}],"replies":[{"embeddable":true,"href":"https:\/\/www.europesays.com\/es\/wp-json\/wp\/v2\/comments?post=740796"}],"version-history":[{"count":0,"href":"https:\/\/www.europesays.com\/es\/wp-json\/wp\/v2\/posts\/740796\/revisions"}],"wp:featuredmedia":[{"embeddable":true,"href":"https:\/\/www.europesays.com\/es\/wp-json\/wp\/v2\/media\/740797"}],"wp:attachment":[{"href":"https:\/\/www.europesays.com\/es\/wp-json\/wp\/v2\/media?parent=740796"}],"wp:term":[{"taxonomy":"category","embeddable":true,"href":"https:\/\/www.europesays.com\/es\/wp-json\/wp\/v2\/categories?post=740796"},{"taxonomy":"post_tag","embeddable":true,"href":"https:\/\/www.europesays.com\/es\/wp-json\/wp\/v2\/tags?post=740796"}],"curies":[{"name":"wp","href":"https:\/\/api.w.org\/{rel}","templated":true}]}}