{"id":740802,"date":"2026-08-31T19:32:10","date_gmt":"2026-08-31T19:32:10","guid":{"rendered":"https:\/\/www.europesays.com\/es\/740802\/"},"modified":"2026-08-31T19:32:10","modified_gmt":"2026-08-31T19:32:10","slug":"el-camino-de-la-nba-se-abre-para-khalifa-diop","status":"publish","type":"post","link":"https:\/\/www.europesays.com\/es\/740802\/","title":{"rendered":"El camino de la NBA se abre para Khalifa Diop"},"content":{"rendered":"<p style=\"\">Puede sonar a movimiento rocambolesco, pero los designios de la NBA tienden a ser, en ocasiones, inescrutables. A pesar de firmar un trienio discreto como  &#8230; jugador del <a href=\"https:\/\/www.elcorreo.com\/baskonia\/\" title=\"\" data-voc-vtm-id=\"in-text-traffic\" data-mrf-link=\"www.elcorreo.com\" rel=\"nofollow noopener\" target=\"_blank\">Baskonia<\/a>, a Khalifa Diop se le han abierto las puertas de la NBA a sus 24 a\u00f1os. Seg\u00fan ha podido confirmar este peri\u00f3dico, los Cleveland Cavaliers est\u00e1n dispuestos a apostar por la incorporaci\u00f3n del interior senegal\u00e9s. Se trata de la misma franquicia que adquiri\u00f3 sus derechos despu\u00e9s de elegirlo en el puesto n\u00famero 39 del &#8216;Draft&#8217; de la NBA de 2022. Entonces, el jugador de Gu\u00e9diawaye era una figura emergente en las filas del Gran Canaria y opt\u00f3 por declararse elegible para la loter\u00eda de novatos de la competici\u00f3n estadounidense. La llamada se ha hecho esperar y ha llegado de la manera m\u00e1s inesperada.<\/p>\n<ul class=\"v-cmp-rld__u\">\n<li class=\"v-cmp-rld__l\">\n<p><a class=\"v-a-lnk\" href=\"http:\/\/www.elcorreo.com\/baskonia\/cleveland-cavaliers-deuda-anillo-20260901200305-nt.html#vtm_modulosEngag=noticiasrelacionadas-cmp-uno:baskonia:noticia:1\" data-voc-vtm-id=\"in-text-traffic\" rel=\"nofollow noopener\" target=\"_blank\"><br \/>\n<img decoding=\"async\" loading=\"lazy\" src=\"https:\/\/www.europesays.com\/es\/wp-content\/uploads\/2026\/08\/cavaliers-U58427137416txh-366x256@El Correo.jpg\" class=\"v-a-img\" width=\"258\" height=\"180\" alt=\"Cleveland Cavaliers, entre la deuda y el anillo\"\/><br \/>\n<\/a><\/p>\n<\/li>\n<\/ul>\n<p class=\"v-d-p\" style=\"\">Las circunstancias de su complejo mercado estival llevan al equipo de Ohio a plantearse la contrataci\u00f3n de un jugador que, en otra tesitura econ\u00f3mica, hubiera quedado como alternativa muy lejana. La realidad que hace que Diop ponga rumbo a la mejor competici\u00f3n mundial es de \u00edndole financiera y ata\u00f1e a las limitaciones actuales de los &#8216;Cavs&#8217;. La franquicia que fue el primer reino de LeBron James dispone ahora de un margen muy estrecho en su l\u00edmite salarial para completar los dos asientos pendientes que le quedan a su plantilla. Y uno de ellos lleva el nombre del poste azulgrana, que viaj\u00f3 el domingo a Estados Unidos con destino a Cleveland, donde est\u00e1 previsto que pase los reconocimientos m\u00e9dicos.<\/p>\n<ul class=\"v-cmp-flg__u\">\n<li class=\"v-cmp-flg__l\">\n<p>Bases.<\/p>\n<p class=\"v-a-p\">\nDamion Baugh, Kobi Simmons y Matteo Spagnolo.\n<\/p>\n<ul class=\"v-u\">\n<li class=\"v-u__l\">\n<p class=\"v-u__p\">\nEscoltas y aleros.<br \/>\nMarkus Howard, Stefan Joksimovic, DJ Stewart, AJ Lawson y Chris Duarte.\n<\/p>\n<\/li>\n<li class=\"v-u__l\">\n<p class=\"v-u__p\">\nAla-p\u00edvots y p\u00edvots.<br \/>\nTadas Sedekerskis, Rodions Kurucs, Cl\u00e9ment Frisch y Kenneth Faried.\n<\/p>\n<\/li>\n<li class=\"v-u__l\">\n<p class=\"v-u__p\">\nFichajes pendientes.<br \/>\nDe consumarse la salida de Diop, restar\u00edan dos p\u00edvots por contratar. El club ya tiene las dos plazas extracomunitarias cubiertas con Howard y Faried y llegar\u00eda al n\u00famero m\u00ednimo de jugadores de formaci\u00f3n con Sedekerskis, Kurucs, Spagnolo y Joksimovic.\n<\/p>\n<\/li>\n<\/ul>\n<\/li>\n<\/ul>\n<p class=\"v-d-p\" style=\"\">Seg\u00fan se apunta desde Estados Unidos, Diop podr\u00eda recibir un salario cercano al mill\u00f3n y medio de d\u00f3lares, una cifra baja dentro de las tablas de remuneraci\u00f3n que se manejan en la NBA. Es la &#8216;calderilla&#8217; que les queda a los Cavaliers despu\u00e9s de abordar operaciones como la renovaci\u00f3n de contrato de una superestrella de la talla de James Harden o la adquisici\u00f3n de un refuerzo de kilates como el alero Peyton Watson.<\/p>\n<p>\nVoluntad firme\n<\/p>\n<p class=\"v-d-p\" style=\"\">Son movimientos que se unen a la presencia de otro All Star como Donovan Mitchell y que han limitado hasta el extremo la disponibilidad econ\u00f3mica del equipo de Cleveland. La voluntad de los Cavaliers por hacerse con Khalifa Diop es clara, al igual que la predisposici\u00f3n del Baskonia para dejar marchar a un jugador con contrato vigente, pero tambi\u00e9n con serios problemas para abrirse paso en el exigente h\u00e1bitat azulgrana.<\/p>\n<p class=\"v-cmp-fgn__t\">\n138\n<\/p>\n<p class=\"v-cmp-fgn__p v-cmp-fgn__p--1\">\npartidos\n<\/p>\n<p class=\"v-cmp-fgn__p v-cmp-fgn__p--2\">\nde Liga ACB y Euroliga ha disputado Khalifa Diop en las tres temporadas que lleva en las filas baskonistas. Dos lesiones, una de mu\u00f1eca y otra de rodilla, recortaron su participaci\u00f3n durante la primera y tercera campa\u00f1a en Vitoria. Su contrato expira en junio de 2028.\n<\/p>\n<p class=\"v-d-p\" style=\"\">En principio, el poste africano termina su contrato con el Baskonia en 2028. El club de Zurbano lo atrajo a sus filas en el verano de 2023 despu\u00e9s de una fuerte inversi\u00f3n de 700.000 euros para pagar su rescisi\u00f3n con el Gran Canaria. Si se mantiene fiel a su filosof\u00eda vendedora, el Baskonia tratar\u00e1 de, al menos, recuperar aquel desembolso, que no se ha visto reflejado sobre la cancha. De hecho, Diop se encuentra cerca de cerrar una trayectoria gris en la capital alavesa. En tres temporadas de militancia azulgrana no ha podido hacerse con el papel de p\u00edvot de referencia que se le hab\u00eda asignado cuando se cerr\u00f3 su contrataci\u00f3n.<\/p>\n<p>\nChequeos m\u00e9dicos\n<\/p>\n<p class=\"v-d-p\" style=\"\">Una lesi\u00f3n de mu\u00f1eca en su primera campa\u00f1a y otra de rodilla en la pasada borraron a Diop de la lista de jugadores disponibles. Durante los per\u00edodos en los que pudo conservar la salud, siempre estuvo a la sombra de otro interior, sin posibilidades de discutir la jerarqu\u00eda imperante. Maik Kotsar, Matt Costello, Donta Hall y Mamadi Diakite han sido compa\u00f1eros de puesto a los que el senegal\u00e9s no logr\u00f3 superar en peso baloncest\u00edstico en los esquemas azulgranas. Sin embargo, ahora le surge una oportunidad inesperada de abordar un nuevo comienzo a su carrera en el escenario estelar de la NBA. Eso s\u00ed, sin un papel protagonista en un equipo que trata de asentarse como referencia de la Conferencia Este. <\/p>\n<p class=\"v-d-p\" style=\"\">No obstante, restan todav\u00eda pasos para sellar la salida. Todav\u00eda es preciso ajustar los t\u00e9rminos econ\u00f3micos del acuerdo, pero tambi\u00e9n que en Cleveland se pueda confirmar &#8216;in situ&#8217; el \u00f3ptimo estado f\u00edsico de Diop, lo que le ha llevado a abandonar la pretemporada baskonista para viajar a Estados Unidos. M\u00e1s all\u00e1 del posible beneficio econ\u00f3mico que pueda extraer de la operaci\u00f3n, la salida de Diop complicar\u00e1 la reconstrucci\u00f3n interior del Baskonia. Sin el poste africano, la entidad azulgrana perder\u00eda a un &#8216;cinco&#8217; que, adem\u00e1s, ejerce de cupo de formaci\u00f3n. Su baja limitar\u00eda a cuatro el n\u00famero de &#8216;nacionales, con Tadas Sedekerskis, Matteo Spagnolo, Stefan Joksimovic y Rodions Kurucs, lo que rebaja el margen de maniobra ante posibles bajas por lesi\u00f3n. Adem\u00e1s, el retoque del juego interior deber\u00eda conllevar la incorporaci\u00f3n de dos p\u00edvots, una posici\u00f3n en la que quedar\u00eda Kenneth Faried como \u00fanico integrante. <\/p>\n<p class=\"v-d-p\" style=\"\">La NBA se cruza en el camino del Baskonia y de Diop en una fecha ya tard\u00eda del mercado estival. A falta de tres semanas para el arranque de competici\u00f3n, Paolo Galbiati se ve obligado a esperar la llegada de dos nuevas incorporaciones que den verdadera forma al nuevo juego interior para la pr\u00f3xima temporada. De momento, los trabajos de pretemporada se resuelven sin la participaci\u00f3n de un &#8216;cinco&#8217; con n\u00f3mina para el siguiente ejercicio mientras Faried prev\u00e9 llegar en los pr\u00f3ximos d\u00edas a la capital alavesa despu\u00e9s de que se oficializara su fichaje la semana pasada. Al dibujo actual azulgrana le sigue faltando un p\u00edvot titular, el sustituto te\u00f3rico de Mamadi Diakite, que fue fundamental en el baloncesto promovido por el preparador italiano la pasada campa\u00f1a. Sin Diop, los deberes se acumulan para la secretar\u00eda t\u00e9cnica que ahora dirige Juan Pedro Cazorla y para la direcci\u00f3n deportiva que comanda F\u00e9lix Fern\u00e1ndez.<\/p>\n","protected":false},"excerpt":{"rendered":"Puede sonar a movimiento rocambolesco, pero los designios de la NBA tienden a ser, en ocasiones, inescrutables. A&hellip;\n","protected":false},"author":2,"featured_media":740803,"comment_status":"","ping_status":"","sticky":false,"template":"","format":"standard","meta":{"footnotes":""},"categories":[269],"tags":[490,299,298,5141,168,19724,25,24,12171,1725,23,167],"class_list":["post-740802","post","type-post","status-publish","format-standard","has-post-thumbnail","category-baloncesto","tag-abre","tag-baloncesto","tag-basketball","tag-camino","tag-deportes","tag-diop","tag-es","tag-espana","tag-khalifa","tag-nba","tag-spain","tag-sports"],"share_on_mastodon":{"url":"https:\/\/pubeurope.com\/@es\/117191793820672866","error":""},"_links":{"self":[{"href":"https:\/\/www.europesays.com\/es\/wp-json\/wp\/v2\/posts\/740802","targetHints":{"allow":["GET"]}}],"collection":[{"href":"https:\/\/www.europesays.com\/es\/wp-json\/wp\/v2\/posts"}],"about":[{"href":"https:\/\/www.europesays.com\/es\/wp-json\/wp\/v2\/types\/post"}],"author":[{"embeddable":true,"href":"https:\/\/www.europesays.com\/es\/wp-json\/wp\/v2\/users\/2"}],"replies":[{"embeddable":true,"href":"https:\/\/www.europesays.com\/es\/wp-json\/wp\/v2\/comments?post=740802"}],"version-history":[{"count":0,"href":"https:\/\/www.europesays.com\/es\/wp-json\/wp\/v2\/posts\/740802\/revisions"}],"wp:featuredmedia":[{"embeddable":true,"href":"https:\/\/www.europesays.com\/es\/wp-json\/wp\/v2\/media\/740803"}],"wp:attachment":[{"href":"https:\/\/www.europesays.com\/es\/wp-json\/wp\/v2\/media?parent=740802"}],"wp:term":[{"taxonomy":"category","embeddable":true,"href":"https:\/\/www.europesays.com\/es\/wp-json\/wp\/v2\/categories?post=740802"},{"taxonomy":"post_tag","embeddable":true,"href":"https:\/\/www.europesays.com\/es\/wp-json\/wp\/v2\/tags?post=740802"}],"curies":[{"name":"wp","href":"https:\/\/api.w.org\/{rel}","templated":true}]}}