{"id":740808,"date":"2026-08-31T19:36:03","date_gmt":"2026-08-31T19:36:03","guid":{"rendered":"https:\/\/www.europesays.com\/es\/740808\/"},"modified":"2026-08-31T19:36:03","modified_gmt":"2026-08-31T19:36:03","slug":"la-muralista-obsesionada-con-el-amarillo-que-recorre-el-mundo-pintando-edificios-cuando-estas-a-varios-metros-de-altura-la-meteorologia-es-clave","status":"publish","type":"post","link":"https:\/\/www.europesays.com\/es\/740808\/","title":{"rendered":"La muralista obsesionada con el amarillo que recorre el mundo pintando edificios: \u00abCuando est\u00e1s a varios metros de altura la meteorolog\u00eda es clave\u00bb"},"content":{"rendered":"<p class=\"ft-text ft-helper-align-justify\">En la cabeza de Marta todo es amarillo. Al menos, todo aquello que, en ella, despierta emociones positivas. Ha creado, sin darse cuenta, un imaginario dorado alrededor del cual gira su carrera art\u00edstica. \u201c<strong>No s\u00e9 por qu\u00e9. Es algo instintivo. Lleva apareciendo en mi vida desde siempre, se me van los ojos cuando veo algo amarillento. Siempre llevo un complemento de este color<\/strong> y, como las composiciones de mis bodegones las hago con objetos que encuentro, suelo encontrar inspiraci\u00f3n en cosas amarillas. Tiene toda la luz que busco y permite generar contrastes con su saturaci\u00f3n\u201d, relata Marta Lape\u00f1a, artista visual y muralista. Desde su estudio en Tetu\u00e1n pinta, esculpe e idea los dise\u00f1os que estampa despu\u00e9s en fachadas de todo el mundo. <a class=\"ft-link ft-link--decoration\" href=\"https:\/\/www.epe.es\/es\/madrid\/20260501\/artista-pinta-madrid-pisan-nadie-mira-exposicion-jose-miguel-palacio-129581435\" rel=\"nofollow noopener\" target=\"_blank\"><strong>Sus murales se encuentran<\/strong><\/a><strong> en Madrid, Francia, Italia, Suecia, India o M\u00e9xico, entre otros. <\/strong><\/p>\n<p class=\"ft-text ft-helper-align-justify\">Nacida en \u00d3lvega, un municipio de la provincia de Soria con menos de 4.000 habitantes, descubri\u00f3 su vocaci\u00f3n cuando todav\u00eda iba al colegio. \u201c<strong>Es algo totalmente instintivo que me acompa\u00f1a desde que soy peque\u00f1a<\/strong>. Dibujar y pintar era lo que m\u00e1s me interesaba, pero siempre se qued\u00f3 en un segundo plano en t\u00e9rminos educativos y no pude desarrollarlo much\u00edsimo. A\u00fan as\u00ed, mi madre me apuntaba a clases extraescolares de arte porque las disfrutaba un mont\u00f3n\u201d, reconoce. Lleg\u00f3 a Madrid hace ya 14 a\u00f1os para estudiar Arquitectura de Interiores y lograr un equilibrio entre ambas vertientes. Sin embargo, a la hora de la verdad, cuando comenz\u00f3 a explorar el mercado laboral, se dio cuenta de que era m\u00e1s feliz cuando ten\u00eda una brocha en la mano: \u201c<a class=\"ft-link ft-link--decoration\" href=\"https:\/\/www.epe.es\/es\/madrid\/20251007\/rocio-huerta-periodista-caligrafa-el-tintero-madrid-invitaciones-bodas-121989381\" rel=\"nofollow noopener\" target=\"_blank\"><strong>Necesitaba crear<\/strong><\/a><strong>, generar mis proyectos y desarrollar mi obra<\/strong>\u201d.<\/p>\n<p><img decoding=\"async\" src=\"https:\/\/www.europesays.com\/es\/wp-content\/uploads\/2026\/08\/056c1ede-17af-4ec5-a0b2-a97eefccc2d1_alta-libre-aspect-ratio_default_0_x1152y511.jpg\" width=\"1200\" height=\"800\" alt=\"Marta Lape\u00f1a junto a uno de sus cuadros.\" class=\"ft-helper-img-rd\" loading=\"lazy\" fetchpriority=\"auto\"\/><\/p>\n<p class=\"ft-helper-fontColor-quaternary ft-helper-fontSize-body-S ft-helper-spacer-t-xxs\">Marta Lape\u00f1a junto a uno de sus cuadros.  \/ ALBA VIGARAY<\/p>\n<p><img decoding=\"async\" src=\"https:\/\/www.europesays.com\/es\/wp-content\/uploads\/2026\/08\/af6e9888-2314-41d6-a715-dc4fccfb80d4_alta-libre-aspect-ratio_default_0_x1152y511.jpg\" width=\"1200\" height=\"800\" alt=\"Imagen de uno de los cuadros que Marta pinta en su estudio en Madrid.\" class=\"ft-helper-img-rd\" loading=\"lazy\" fetchpriority=\"auto\"\/><\/p>\n<p class=\"ft-helper-fontColor-quaternary ft-helper-fontSize-body-S ft-helper-spacer-t-xxs\">Imagen de uno de los cuadros que Marta pinta en su estudio en Madrid.  \/ ALBA VIGARAY<\/p>\n<p class=\"ft-text ft-helper-align-justify\">La joven descubri\u00f3 decenas de artistas, museos y proyectos con los que hab\u00eda so\u00f1ado desde su habitaci\u00f3n. \u201c<strong>Me empec\u00e9 a <\/strong><a class=\"ft-link ft-link--decoration\" href=\"https:\/\/www.epe.es\/es\/madrid\/20260624\/pintora-secreta-madrid-tenia-pendiente-reivindicar-maria-lara-85-anos-hacer-historia-silencio-131750813\" rel=\"nofollow noopener\" target=\"_blank\"><strong>empapar del arte urbano<\/strong><\/a><strong> que ve\u00eda en la calle y eso reforz\u00f3 much\u00edsimo mis ganas de seguir con ello y de saber que era una profesi\u00f3n que se puede llevar a cabo<\/strong>, aunque requiere de ganas y vocaci\u00f3n\u201d, explica. Desconoce c\u00f3mo le hubiera ido de haberse quedado en \u00d3lvega, donde, m\u00e1s all\u00e1 del apoyo de su familia, tampoco hab\u00eda muchos referentes: \u201cHa sido fundamental vivir en Madrid unos a\u00f1os, convivir con artistas y referencias para, despu\u00e9s, crear mi propia obra. En el pueblo no hab\u00eda tanta informaci\u00f3n al alcance de la mano\u201d. <strong>En 2023, Marta fund\u00f3 Margarita Studio, su propio espacio creativo que en la actualidad funciona tambi\u00e9n como galer\u00eda y sala de exposiciones.<\/strong><\/p>\n<p>Arte urbano<\/p>\n<p class=\"ft-text ft-helper-align-justify\">Actualmente enfocada en la pintura figurativa en todos sus soportes, la artista se centra en el bodeg\u00f3n como composici\u00f3n principal, al cual da un enfoque diferente en funci\u00f3n del proyecto. \u201c<strong>Suelen ser cosas que conozco, que tengo alrededor y me inspiran o me llaman la atenci\u00f3n por algo. Los voy guardando hasta que decido pintarlos<\/strong>. Algunas son cer\u00e1micas que encuentro cuando viajo y otras son piezas viejas que mi abuela almacenaba en la casa del pueblo. Son frutas coloridas, telas, estampados que dan movimiento\u2026 Todo es inspiraci\u00f3n de lo que vivo en mi d\u00eda a d\u00eda. Me siento libre y la pintura es indomable. Cada pieza es diferente y sale con unas caracter\u00edsticas muy concretas\u201d, sostiene. Pese a ser la pintura su medio de expresi\u00f3n, <strong>Lape\u00f1a no deja de interesarse por otras disciplinas y t\u00e9cnicas. Una de ellas es el dise\u00f1o de producto, que explora desde que decidi\u00f3 enmarcar sus cuadros con metacrilato de colores<\/strong>. <\/p>\n<p><img decoding=\"async\" src=\"https:\/\/www.europesays.com\/es\/wp-content\/uploads\/2026\/08\/67238c7f-f588-424f-a7ba-90f80c98a41b_alta-libre-aspect-ratio_default_0_x777y633.jpg\" width=\"1200\" height=\"1466\" alt=\"Marta Lapen\u0303a junto a su mural en Can Picafort, Mallorca.\" class=\"ft-helper-img-rd\" loading=\"lazy\" fetchpriority=\"auto\"\/><\/p>\n<p class=\"ft-helper-fontColor-quaternary ft-helper-fontSize-body-S ft-helper-spacer-t-xxs\">Marta Lapen\u0303a junto a su mural en Can Picafort, Mallorca.  \/ CEDIDA<\/p>\n<p><img decoding=\"async\" src=\"https:\/\/www.europesays.com\/es\/wp-content\/uploads\/2026\/08\/0a479d69-fee7-43e5-b5c8-31a6ab3c67e9_alta-libre-aspect-ratio_default_0_x388y292.jpg\" width=\"1200\" height=\"1356\" alt=\"El mural que Marta Lape\u00f1a pint\u00f3 en Vigo, Galicia.\" class=\"ft-helper-img-rd\" loading=\"lazy\" fetchpriority=\"auto\"\/><\/p>\n<p class=\"ft-helper-fontColor-quaternary ft-helper-fontSize-body-S ft-helper-spacer-t-xxs\">El mural que Marta Lape\u00f1a pint\u00f3 en Vigo, Galicia.  \/ CEDIDA<\/p>\n<p class=\"ft-text ft-helper-align-justify\">Toparse con el arte urbano en las calles madrile\u00f1as hizo que la Marta de hace 14 a\u00f1os se interesase en la pared como lienzo. Fue as\u00ed como hizo las primeras pruebas en paneles de gran formato y algunos muros abandonados. \u201c<strong>Cuando <\/strong><a class=\"ft-link ft-link--decoration\" href=\"https:\/\/www.epe.es\/es\/madrid\/mostoles\/20260724\/mostoles-pleno-aprobado-restauracion-mural-de-los-rosales-132762067\" rel=\"nofollow noopener\" target=\"_blank\"><strong>hice mi primer mural<\/strong><\/a><strong> se despert\u00f3 esa sensaci\u00f3n de querer hacer m\u00e1s<\/strong>. Fui desarrollando las habilidades, buscaba encargos y me presentaba a concursos. De un mural saltaba a otro hasta que, por suerte, estoy recorriendo el mundo y me llaman de todas partes para participar en festivales de arte urbano. <strong>Se ha convertido en una parte fundamental de mi trabajo<\/strong>. Aunque el fresco que estamp\u00f3 en la fachada del lavadero de su pueblo natal guarda un lugar especial en su coraz\u00f3n, reconoce haber disfrutado cada encargo por igual. <strong>Desde la calle Alcal\u00e1, en Madrid, junto a la Plaza de Toros de Las Ventas hasta el Mercado de la Cebada o la c\u00e9ntrica calle Salitre. <\/strong><\/p>\n<p>Fases de trabajo<\/p>\n<p class=\"ft-text ft-helper-align-justify\">Nada tiene que ver el encargo de un ayuntamiento particular con la invitaci\u00f3n a un festival de arte urbano. \u201c<strong>Estos \u00faltimos me suelen dar libertad total, pues quieren una pieza m\u00eda seg\u00fan lo que me inspire el entorno<\/strong>. En los pueblos donde me contratan, por ejemplo, suelen querer hacer alusi\u00f3n a algo en concreto y soy yo quien busca la manera de relacionarlo\u201d, comenta. Aunque cada mural es distinto, Marta siempre establece dos fases de trabajo. La primera, enfocada en el dise\u00f1o: \u201cPienso qu\u00e9 voy a pintar e investigo hasta generar la imagen. Este proceso suele durar una semana de oficina\u201d. Seguidamente, llega la ejecuci\u00f3n. \u201c<strong>Comienzo comprando materiales, preparando el viaje y la log\u00edstica\u2026 En la mayor\u00eda de casos es necesario alquilar una gr\u00faa y montar varios andamios<\/strong>. La parte final es pintar, que lleva entre cinco y 10 d\u00edas, dependiendo del tama\u00f1o de la superficie\u201d, a\u00f1ade.<\/p>\n<p><img decoding=\"async\" src=\"https:\/\/www.europesays.com\/es\/wp-content\/uploads\/2026\/08\/67fdc6b7-f06d-4744-9949-edde4424653f_alta-libre-aspect-ratio_default_0_x1115y604.jpg\" width=\"1200\" height=\"975\" alt=\"Mural de Marta Lape\u00f1a en Iniesta, Castilla-La Mancha.\" class=\"ft-helper-img-rd\" loading=\"lazy\" fetchpriority=\"auto\"\/><\/p>\n<p class=\"ft-helper-fontColor-quaternary ft-helper-fontSize-body-S ft-helper-spacer-t-xxs\">Mural de Marta Lape\u00f1a en Iniesta, Castilla-La Mancha.  \/ CEDIDA<\/p>\n<p><img decoding=\"async\" src=\"https:\/\/www.europesays.com\/es\/wp-content\/uploads\/2026\/08\/3da0a4ec-e9ab-4acd-b690-75c945c8261e_alta-libre-aspect-ratio_default_0_x1161y718.jpg\" width=\"1200\" height=\"1114\" alt=\"Mural de Marta Lape\u00f1a en Esl\u00f6v Sk\u00e5ne, Suecia.\" class=\"ft-helper-img-rd\" loading=\"lazy\" fetchpriority=\"auto\"\/><\/p>\n<p class=\"ft-helper-fontColor-quaternary ft-helper-fontSize-body-S ft-helper-spacer-t-xxs\">Mural de Marta Lape\u00f1a en Esl\u00f6v Sk\u00e5ne, Suecia.  \/ CEDIDA<\/p>\n<p class=\"ft-text ft-helper-align-justify\">Si, por el contrario, viaja a otros pa\u00edses, es porque un festival de arte urbano ha contactado con ella para que acuda como artista invitada: \u201c<a class=\"ft-link ft-link--decoration\" href=\"https:\/\/www.epe.es\/es\/madrid\/20260608\/faim-art-madrid-70-artistas-sin-intermediarios-citan-fundacion-pons-131158700\" rel=\"nofollow noopener\" target=\"_blank\"><strong>El equipo se encarga de todo<\/strong><\/a><strong>. Me proporcionan alojamiento, dietas y materiales. Voy mucho m\u00e1s ligera y con mi boceto listo para pintar<\/strong>\u201d. Los a\u00f1os de experiencia han hecho que sienta predilecci\u00f3n por los muros verticales, siendo las paredes horizontales los encargos en los que m\u00e1s sufre. A la hora de sacar las brochas y abrir los botes de pintura, es importante prestar atenci\u00f3n a la meteorolog\u00eda, capaz de arruinar un encargo por completo. \u201c<strong>Si hay mucho viento, es inc\u00f3modo subirse a la gr\u00faa y una pierde el estado de concentraci\u00f3n<\/strong>. Y, si llueve, el proceso puede alargarse o interrumpirse\u201d, zanja.<\/p>\n","protected":false},"excerpt":{"rendered":"En la cabeza de Marta todo es amarillo. Al menos, todo aquello que, en ella, despierta emociones positivas.&hellip;\n","protected":false},"author":2,"featured_media":740809,"comment_status":"","ping_status":"","sticky":false,"template":"","format":"standard","meta":{"footnotes":""},"categories":[173],"tags":[4924,229,233,231,230,232,234,11136,146,147,25,24,205,3013,54218,131463,68187,13054,23],"class_list":["post-740808","post","type-post","status-publish","format-standard","has-post-thumbnail","category-arte-y-diseno","tag-amarillo","tag-arte","tag-arte-y-diseno","tag-arts","tag-arts-and-design","tag-design","tag-diseno","tag-edificios","tag-entertainment","tag-entretenimiento","tag-es","tag-espana","tag-madrid","tag-mundo","tag-muralista","tag-obsesionada","tag-pintando","tag-recorre","tag-spain"],"share_on_mastodon":{"url":"","error":""},"_links":{"self":[{"href":"https:\/\/www.europesays.com\/es\/wp-json\/wp\/v2\/posts\/740808","targetHints":{"allow":["GET"]}}],"collection":[{"href":"https:\/\/www.europesays.com\/es\/wp-json\/wp\/v2\/posts"}],"about":[{"href":"https:\/\/www.europesays.com\/es\/wp-json\/wp\/v2\/types\/post"}],"author":[{"embeddable":true,"href":"https:\/\/www.europesays.com\/es\/wp-json\/wp\/v2\/users\/2"}],"replies":[{"embeddable":true,"href":"https:\/\/www.europesays.com\/es\/wp-json\/wp\/v2\/comments?post=740808"}],"version-history":[{"count":0,"href":"https:\/\/www.europesays.com\/es\/wp-json\/wp\/v2\/posts\/740808\/revisions"}],"wp:featuredmedia":[{"embeddable":true,"href":"https:\/\/www.europesays.com\/es\/wp-json\/wp\/v2\/media\/740809"}],"wp:attachment":[{"href":"https:\/\/www.europesays.com\/es\/wp-json\/wp\/v2\/media?parent=740808"}],"wp:term":[{"taxonomy":"category","embeddable":true,"href":"https:\/\/www.europesays.com\/es\/wp-json\/wp\/v2\/categories?post=740808"},{"taxonomy":"post_tag","embeddable":true,"href":"https:\/\/www.europesays.com\/es\/wp-json\/wp\/v2\/tags?post=740808"}],"curies":[{"name":"wp","href":"https:\/\/api.w.org\/{rel}","templated":true}]}}