{"id":740844,"date":"2026-08-31T20:01:31","date_gmt":"2026-08-31T20:01:31","guid":{"rendered":"https:\/\/www.europesays.com\/es\/740844\/"},"modified":"2026-08-31T20:01:31","modified_gmt":"2026-08-31T20:01:31","slug":"dexter-resurrection-suma-otro-empleo-al-cv-de-michael-c-hall-en-las-nuevas-fotos-del-rodaje-de-la-temporada-2","status":"publish","type":"post","link":"https:\/\/www.europesays.com\/es\/740844\/","title":{"rendered":"Dexter: Resurrection suma otro empleo al CV de Michael C. Hall en las nuevas fotos del rodaje de la temporada 2"},"content":{"rendered":"<p class=\"c-paragraph\">Esta noche es la noche. El <b>Oscuro Pasajero de Dexter Morgan<\/b> ha llevado a su anfitri\u00f3n a rincones de lo m\u00e1s variados para saciar su sed de sangre. Esto ha implicado que Dex tenga empleos muy dispares desde sus comienzos en la serie original hasta <a href=\"https:\/\/www.hobbyconsolas.com\/reviews\/critica-dexter-resurrection-oscuro-pasajero-regresa-mejores-temporadas-aunque-innecesaria-1483349\" rel=\"nofollow noopener\" target=\"_blank\">Dexter: Resurrection<\/a>.<\/p>\n<p class=\"c-paragraph\">La tapadera perfecta de forense analista de salpicaduras de sangre vol\u00f3 por los aires al final de <b>Dexter<\/b>, obligando al personaje de <b>Michael C. Hall<\/b> a refugiarse en la otra punta del pa\u00eds y trabajar como le\u00f1ador.<\/p>\n<p>SkyShowtime por 4,99 euros al mes<\/p>\n<p><img decoding=\"async\" loading=\"lazy\" alt=\"SkyShowtime\" width=\"640\" height=\"616\" src=\"https:\/\/www.europesays.com\/es\/wp-content\/uploads\/2026\/08\/1788206491_14_691acc765aaa0.jpeg\"\/><\/p>\n<p class=\"c-passport__description\">Esta plataforma de streaming ha rebajado sus precios de forma temporal, con un inmenso cat\u00e1logo plagado de joyas como la franquicia Yellowstone.<\/p>\n<p class=\"c-paragraph\">En <a href=\"https:\/\/www.hobbyconsolas.com\/reviews\/critica-dexter-new-blood-oscuro-pasajero-michael-c-hall-regresa-movistar-plus-961267\" rel=\"nofollow noopener\" target=\"_blank\">Dexter: New Blood<\/a> se convirti\u00f3 en el querido dependiente de la tienda de aparejos de caza y pesca de Iron Lake, donde llevaba una vida feliz hasta que el pasado lo alcanz\u00f3. Ya en Dester: Resurrection, la necesidad de una nueva tapadera, adem\u00e1s de su primer objetivo en la Gran Manzana, llev\u00f3 a Dex a convertirse en conductor de VTC.<\/p>\n<p class=\"c-paragraph\">Ahora, con el falso Oscuro Pasajero fuera de circulaci\u00f3n, Dexter iniciar\u00e1 una nueva vida, una con muchos expedientes de asesinos en serie que tachar de su lista. Ya hemos visto en fotos recientes que parece que Dexter volver\u00e1 a ser forense en la nueva temporada de la serie de <a href=\"https:\/\/www.hobbyconsolas.com\/reportajes\/skyshowtime-fondo-precio-cuentas-compartidas-donde-ver-catalogo-mejores-series-peliculas-1211882\" rel=\"nofollow noopener\" target=\"_blank\">SkyShowtime<\/a>, pero parece que su CV va a crecer un poco m\u00e1s.<\/p>\n<p>Dexter Morgan empieza a acumular tantos trabajos como Homer Simpson<\/p>\n<p class=\"c-paragraph\">Las nuevas fotos del rodaje de Dexter: Resurrection temporada 2 presentan a Michael C. Hall ataviado con un <b>uniforme de param\u00e9dico<\/b> junto a una ambulancia de los servicios de emergencias de Nueva York.<\/p>\n<p class=\"c-paragraph\">Las im\u00e1genes no dejan claro el contexto, por lo que es posible que Dex ande camuflado para perseguir a alguno de sus elusivos objetivos. Recordemos que ahora tiene en su poder los archivos de\u00a0<b>Leon Prater<\/b> (Peter Dinklage), en los que se encuentran algunos de los asesinos en serie m\u00e1s infames de Nueva York.<\/p>\n<p class=\"c-paragraph\">La temporada 2 de Dexter: Resurrection contar\u00e1 con los regresos de\u00a0<b>Jack Alcott<\/b> como Harrison,\u00a0<b>Desmond Harrington<\/b> como\u00a0Joey Quinn, <b>Krysten Ritter<\/b> como\u00a0Mia Lapierre y <b>Uma Thurman<\/b> como Charley, entre otros. Se incorpora <b>Brian Cox<\/b> como el Destripador de Nueva York, as\u00ed como\u00a0<b>Dan Stevens,\u00a0Gabriel Luna, Bokeem Woodbine y Nona Parker Johnson<\/b>.<\/p>\n<p class=\"c-paragraph\"><b>Dexter: Resurrection regresa este oto\u00f1o a Showtime<\/b> en Estados Unidos, pero a\u00fan no est\u00e1 confirmada la fecha para su llegada a <b>SkyShowtime <\/b>en Espa\u00f1a.<\/p>\n","protected":false},"excerpt":{"rendered":"Esta noche es la noche. El Oscuro Pasajero de Dexter Morgan ha llevado a su anfitri\u00f3n a rincones&hellip;\n","protected":false},"author":2,"featured_media":740845,"comment_status":"","ping_status":"","sticky":false,"template":"","format":"standard","meta":{"footnotes":""},"categories":[171],"tags":[36045,5509,146,147,25,24,24011,73530,23,4991,214],"class_list":["post-740844","post","type-post","status-publish","format-standard","has-post-thumbnail","category-tv","tag-dexter","tag-empleo","tag-entertainment","tag-entretenimiento","tag-es","tag-espana","tag-otro","tag-resurrection","tag-spain","tag-suma","tag-tv"],"share_on_mastodon":{"url":"https:\/\/pubeurope.com\/@es\/117191908087017828","error":""},"_links":{"self":[{"href":"https:\/\/www.europesays.com\/es\/wp-json\/wp\/v2\/posts\/740844","targetHints":{"allow":["GET"]}}],"collection":[{"href":"https:\/\/www.europesays.com\/es\/wp-json\/wp\/v2\/posts"}],"about":[{"href":"https:\/\/www.europesays.com\/es\/wp-json\/wp\/v2\/types\/post"}],"author":[{"embeddable":true,"href":"https:\/\/www.europesays.com\/es\/wp-json\/wp\/v2\/users\/2"}],"replies":[{"embeddable":true,"href":"https:\/\/www.europesays.com\/es\/wp-json\/wp\/v2\/comments?post=740844"}],"version-history":[{"count":0,"href":"https:\/\/www.europesays.com\/es\/wp-json\/wp\/v2\/posts\/740844\/revisions"}],"wp:featuredmedia":[{"embeddable":true,"href":"https:\/\/www.europesays.com\/es\/wp-json\/wp\/v2\/media\/740845"}],"wp:attachment":[{"href":"https:\/\/www.europesays.com\/es\/wp-json\/wp\/v2\/media?parent=740844"}],"wp:term":[{"taxonomy":"category","embeddable":true,"href":"https:\/\/www.europesays.com\/es\/wp-json\/wp\/v2\/categories?post=740844"},{"taxonomy":"post_tag","embeddable":true,"href":"https:\/\/www.europesays.com\/es\/wp-json\/wp\/v2\/tags?post=740844"}],"curies":[{"name":"wp","href":"https:\/\/api.w.org\/{rel}","templated":true}]}}