{"id":740852,"date":"2026-08-31T20:05:27","date_gmt":"2026-08-31T20:05:27","guid":{"rendered":"https:\/\/www.europesays.com\/es\/740852\/"},"modified":"2026-08-31T20:05:27","modified_gmt":"2026-08-31T20:05:27","slug":"del-porro-al-brote-psicotico-una-enfermera-alerta-de-la-relacion-entre-el-consumo-de-cannabis-y-el-riesgo-de-sufrir-una-crisis-mental","status":"publish","type":"post","link":"https:\/\/www.europesays.com\/es\/740852\/","title":{"rendered":"Del \u00abporro\u00bb al brote psic\u00f3tico: una enfermera alerta de la relaci\u00f3n entre el consumo de cannabis y el riesgo de sufrir una crisis mental"},"content":{"rendered":"<p class=\"wp-block-paragraph\">La <strong>evidencia cient\u00edfica <\/strong>demuestra la relaci\u00f3n entre el consumo de cannabis y el riesgo de sufrir un episodio psic\u00f3tico. Ni es una \u00absustancia blanda\u00bb, ni \u00absolo hace da\u00f1o si se consume de vez en cuando\u00bb. El cannabis no es inofensivo y en determinadas edades y situaciones puede tener <strong>consecuencias graves<\/strong>. As\u00ed lo pone de manifiesto Andrea Lombardero, enfermera especialista en Salud Mental en un nuevo v\u00eddeo divulgativo de la serie Cu\u00eddate con tu Enfermera de Canal Enfermero. <\/p>\n<p class=\"wp-block-paragraph\">\u00abEl cannabis contiene <strong>tetrahidrocannabinol (THC)<\/strong>, el principal componente psicoactivo. El THC act\u00faa sobre los receptores cerebrales relacionados con la percepci\u00f3n, el pensamiento y las emociones. En personas j\u00f3venes, cuyo cerebro a\u00fan est\u00e1 en desarrollo, el consumo regular puede alterar circuitos neuronales clave, afectando la atenci\u00f3n, la memoria, la motivaci\u00f3n y el control emocional\u00bb, explica la especialista. <\/p>\n<p>Del consumo al brote psic\u00f3tico: el riesgo real<\/p>\n<p class=\"wp-block-paragraph\">Un <strong>brote psic\u00f3tico<\/strong> implica una p\u00e9rdida del contacto con la realidad. Puede incluir s\u00edntomas como alucinaciones, delirios, pensamientos desorganizados o una profunda alteraci\u00f3n del comportamiento. \u00abLas personas que consumen cannabis <strong>tienen entre dos y tres veces m\u00e1s riesgo<\/strong> de desarrollar un episodio psic\u00f3tico que quienes no lo consumen. En j\u00f3venes que inician el consumo antes de los 16 a\u00f1os, ese riesgo <strong>puede multiplicarse por cuatro<\/strong>. Cuanto <strong>mayor es la concentraci\u00f3n de THC<\/strong> y <strong>m\u00e1s frecuente el consumo<\/strong>, mayor es el riesgo. Adem\u00e1s, en personas con vulnerabilidad biol\u00f3gica, por ejemplo, antecedentes familiares de esquizofrenia, el cannabis puede <strong>precipitar la aparici\u00f3n de la enfermedad<\/strong> o <strong>agravar los s\u00edntomas<\/strong>\u00ab, sigue. <\/p>\n<p class=\"wp-block-paragraph\">Tal y como indican datos del <strong>Observatorio Europeo de las Drogas y las Toxicoman\u00edas<\/strong>, el cannabis es la sustancia il\u00edcita m\u00e1s consumida en Europa. Casi <strong>un 30% de los j\u00f3venes entre 15 y 24 a\u00f1os<\/strong> lo ha probado alguna vez y en Espa\u00f1a, <strong>uno de cada cinco adolescentes de 14 a 18 a\u00f1os<\/strong> lo consumi\u00f3 en el \u00faltimo a\u00f1o.<\/p>\n<p>Se\u00f1ales de alarma<\/p>\n<p class=\"wp-block-paragraph\">Si en tu entorno hay un adolescente o joven consumidor, es importante prestar atenci\u00f3n a los signos de alarma que indica esta enfermera y ante alguno de ellos acudir lo antes posible al centro de salud. \u00ab<strong>Cambios bruscos en el estado de \u00e1nimo <\/strong>o el comportamiento, aislamiento social o p\u00e9rdida de inter\u00e9s en actividades habituales, la dificultad para concentrarse o bajar el rendimiento escolar, la <strong>aparici\u00f3n de ideas extra\u00f1as<\/strong>, desconfianza excesiva o la percepci\u00f3n de cosas que otros no ven ni oyen o la alteraci\u00f3n del sue\u00f1o o el apetito, son algunos de los <strong>s\u00edntomas <\/strong>que debemos vigilar. Recuerda que un <strong>abordaje temprano <\/strong>puede evitar que el problema evolucione hacia un cuadro grave\u00bb, indica Lombardero. <\/p>\n<p>Comunicaci\u00f3n positiva y alternativas saludables<\/p>\n<p class=\"wp-block-paragraph\">Ante una situaci\u00f3n de este tipo, las familias y los profesionales sanitarios son <strong>agentes fundamentales<\/strong>. \u00abEs importante hablar sin juzgar, fomentar la confianza y el di\u00e1logo es m\u00e1s eficaz que la confrontaci\u00f3n. Tambi\u00e9n <strong>informar sin alarmar<\/strong>, explicando los riesgos con claridad, basando la informaci\u00f3n en <strong>hechos y evidencias<\/strong>. Muy importante, buscar ayuda profesional de enfermeras, m\u00e9dicos y psic\u00f3logos, que pueden orientar sobre <strong>programas de prevenci\u00f3n y deshabituaci\u00f3n<\/strong>. Y, por \u00faltimo, promover alternativas saludables, como practicar deporte, actividades creativas y espacios sociales libres de consumo\u00bb, concluye. <\/p>\n<p class=\"wp-block-paragraph\">El cannabis puede parecer inofensivo, pero <strong>puede tener consecuencias graves para la salud mental<\/strong>. Informarse, hablar y pedir ayuda a tiempo puede marcar la diferencia entre una etapa de riesgo y una vida saludable.<\/p>\n","protected":false},"excerpt":{"rendered":"La evidencia cient\u00edfica demuestra la relaci\u00f3n entre el consumo de cannabis y el riesgo de sufrir un episodio&hellip;\n","protected":false},"author":2,"featured_media":740853,"comment_status":"","ping_status":"","sticky":false,"template":"","format":"standard","meta":{"footnotes":""},"categories":[92],"tags":[21545,5733,3213,44770,25,24,165,166,4474,23],"class_list":["post-740852","post","type-post","status-publish","format-standard","has-post-thumbnail","category-salud","tag-brote-psicotico","tag-cannabis","tag-consumo","tag-enfermera","tag-es","tag-espana","tag-health","tag-salud","tag-salud-mental","tag-spain"],"share_on_mastodon":{"url":"https:\/\/pubeurope.com\/@es\/117191922798938179","error":""},"_links":{"self":[{"href":"https:\/\/www.europesays.com\/es\/wp-json\/wp\/v2\/posts\/740852","targetHints":{"allow":["GET"]}}],"collection":[{"href":"https:\/\/www.europesays.com\/es\/wp-json\/wp\/v2\/posts"}],"about":[{"href":"https:\/\/www.europesays.com\/es\/wp-json\/wp\/v2\/types\/post"}],"author":[{"embeddable":true,"href":"https:\/\/www.europesays.com\/es\/wp-json\/wp\/v2\/users\/2"}],"replies":[{"embeddable":true,"href":"https:\/\/www.europesays.com\/es\/wp-json\/wp\/v2\/comments?post=740852"}],"version-history":[{"count":0,"href":"https:\/\/www.europesays.com\/es\/wp-json\/wp\/v2\/posts\/740852\/revisions"}],"wp:featuredmedia":[{"embeddable":true,"href":"https:\/\/www.europesays.com\/es\/wp-json\/wp\/v2\/media\/740853"}],"wp:attachment":[{"href":"https:\/\/www.europesays.com\/es\/wp-json\/wp\/v2\/media?parent=740852"}],"wp:term":[{"taxonomy":"category","embeddable":true,"href":"https:\/\/www.europesays.com\/es\/wp-json\/wp\/v2\/categories?post=740852"},{"taxonomy":"post_tag","embeddable":true,"href":"https:\/\/www.europesays.com\/es\/wp-json\/wp\/v2\/tags?post=740852"}],"curies":[{"name":"wp","href":"https:\/\/api.w.org\/{rel}","templated":true}]}}