{"id":740856,"date":"2026-08-31T20:07:14","date_gmt":"2026-08-31T20:07:14","guid":{"rendered":"https:\/\/www.europesays.com\/es\/740856\/"},"modified":"2026-08-31T20:07:14","modified_gmt":"2026-08-31T20:07:14","slug":"festival-de-pokemon-go-2026-megaclausura-ofrece-megaincursiones-y-supermegaincursiones","status":"publish","type":"post","link":"https:\/\/www.europesays.com\/es\/740856\/","title":{"rendered":"Festival de Pok\u00e9mon\u00a0GO 2026: Megaclausura ofrece megaincursiones y supermegaincursiones"},"content":{"rendered":"<p>El evento global del Festival de <a href=\"https:\/\/www.pokemon.com\/el\/videojuegos-pokemon\/pokemon-go\" rel=\"nofollow noopener\" target=\"_blank\">Pok\u00e9mon GO<\/a> 2026 tuvo lugar el 11 y 12 de julio de 2026, \u00a1pero a\u00fan nos quedan el Festival de Pok\u00e9mon GO 2026: Megaclausura y Megascensi\u00f3n para quienes no quieren que uno de los mayores eventos del a\u00f1o termine! Megascensi\u00f3n tendr\u00e1 lugar <strong>del 31 de agosto de 2026 a las 10:00 a. m. al 4 de septiembre de 2026 a las 11:59 p. m. en la hora local<\/strong> y el Festival de Pok\u00e9mon GO 2026: Megaclausura estar\u00e1 disponible <strong>el 5 y 6 de septiembre de 2026 de 10:00 a. m. a 6:00 p. m. en la hora local<\/strong>.<\/p>\n<p>La megaevoluci\u00f3n es el tema que une a estos eventos, que cuentan con megaincursiones, un Pase de GO en el que puedes elegir tu camino, h\u00e1bitats que rotan e investigaciones centradas en la megaevoluci\u00f3n. Para comenzar, Megascensi\u00f3n har\u00e1 que los Entrenadores escojan entre Chespin, Fennekin o Froakie dentro de una Investigaci\u00f3n Temporal que ofrece varias opciones. Al completar esta Investigaci\u00f3n Temporal, se obtendr\u00e1 el Pase de GO: Megaclausura, que cuenta con recompensas que ayudar\u00e1n a los Entrenadores a hacer megaevolucionar a sus Pok\u00e9mon.<\/p>\n<p><img loading=\"lazy\" decoding=\"async\" class=\"image-block\" style=\"border-style: solid; border-width: 1px;\" src=\"https:\/\/www.europesays.com\/es\/wp-content\/uploads\/2026\/08\/mega-mewtwo-x.png\" alt=\"\" width=\"1440\" height=\"1440\"\/><\/p>\n<p><img loading=\"lazy\" decoding=\"async\" class=\"image-block\" style=\"border-style: solid; border-width: 1px;\" src=\"https:\/\/www.europesays.com\/es\/wp-content\/uploads\/2026\/08\/mega-mewtwo-y.png\" alt=\"\" width=\"1440\" height=\"1440\"\/><\/p>\n<p>Aunque existen infinitas megaincursiones en las que participar durante este evento, lo m\u00e1s destacado ser\u00e1 el retorno de Mega-Mewtwo X el 5 de septiembre y de Mega-Mewtwo Y el 6 de septiembre. Entra en tantas incursiones como quieras porque no hay l\u00edmite de incursiones remotas el 5 y 6 de septiembre. Todos los Pok\u00e9mon megaevolucionados recibir\u00e1n un potenciador de PC adicional en el fin de semana, y muchos Pok\u00e9mon salvajes con la capacidad de megaevolucionar aparecer\u00e1n durante las horas del evento. Para conocer la lista completa de Pok\u00e9mon salvajes que aparecer\u00e1n, visita el blog de Scopely Explore.<\/p>\n<p>Adem\u00e1s de Mega-Mewtwo X y Mega-Mewtwo Y, los siguientes Pok\u00e9mon aparecer\u00e1n en las megaincursiones dentro de los h\u00e1bitats de cada hora del evento Festival de Pok\u00e9mon GO 2026: Megaclausura.<\/p>\n<p>  5 de septiembre <\/p>\n<p><strong>Vegetaci\u00f3n Frondosa: <\/strong>Mega-Beedrill, Mega-Victreebel, Mega-Pinsir y Mega-Abomasnow<\/p>\n<p><strong>Canal Mental: <\/strong>Mega-Alakazam, Mega-Slowbro, Mega-Starmie y Mega-Medicham<\/p>\n<p><strong>Callej\u00f3n Espeluznante: <\/strong>Mega-Gengar, Mega-Houndoom, Mega-Banette y Mega-Malamar<\/p>\n<p><strong>Circuitoplaza: <\/strong>Mega-Raichu X, Mega-Ampharos y Mega-Manectric<\/p>\n<tr>\n<td>\n<p><strong>Hora<\/strong><\/p>\n<\/td>\n<td>\n<p><strong>H\u00e1bitat<\/strong><\/p>\n<\/td>\n<\/tr>\n<tr>\n<td>\n<p>10:00 a. m.<\/p>\n<\/td>\n<td>\n<p>Vegetaci\u00f3n Frondosa<\/p>\n<\/td>\n<\/tr>\n<tr>\n<td>\n<p>11:00 a. m.<\/p>\n<\/td>\n<td>\n<p>Canal Mental<\/p>\n<\/td>\n<\/tr>\n<tr>\n<td>\n<p>12:00 p. m.<\/p>\n<\/td>\n<td>\n<p>Callej\u00f3n Espeluznante<\/p>\n<\/td>\n<\/tr>\n<tr>\n<td>\n<p>01:00 p. m.<\/p>\n<\/td>\n<td>\n<p>Circuitoplaza<\/p>\n<\/td>\n<\/tr>\n<tr>\n<td>\n<p>02:00 p. m.<\/p>\n<\/td>\n<td>\n<p>Vegetaci\u00f3n Frondosa<\/p>\n<\/td>\n<\/tr>\n<tr>\n<td>\n<p>03:00 p. m.<\/p>\n<\/td>\n<td>\n<p>Canal Mental<\/p>\n<\/td>\n<\/tr>\n<tr>\n<td>\n<p>04:00 p. m.<\/p>\n<\/td>\n<td>\n<p>Callej\u00f3n Espeluznante<\/p>\n<\/td>\n<\/tr>\n<tr>\n<td>\n<p>05:00 p. m.<\/p>\n<\/td>\n<td>\n<p>Circuitoplaza<\/p>\n<\/td>\n<\/tr>\n<p>     6 de septiembre <\/p>\n<p><strong>Forjaf\u00e9rrea Glacial:<\/strong> Mega-Steelix, Mega-Skarmory, Mega-Aggron y Mega-Glalie<\/p>\n<p><strong>Distrito de Combate:<\/strong> Mega-Sharpedo, Mega-Camerupt, Mega-Lopunny y Mega-Falinks<\/p>\n<p><strong>Atalayas Estelares:<\/strong> Mega-Gyarados, Mega-Aerodactyl, Mega-Dragonite y Mega-Altaria<\/p>\n<p><strong>Paseo Prism\u00e1tico: <\/strong>Mega-Raichu Y, Mega-Sableye, Mega-Mawile y Mega-Audino<\/p>\n<tr>\n<td>\n<p><strong>Hora<\/strong><\/p>\n<\/td>\n<td>\n<p><strong>H\u00e1bitat<\/strong><\/p>\n<\/td>\n<\/tr>\n<tr>\n<td>\n<p>10:00 a. m.<\/p>\n<\/td>\n<td>\n<p>Forjaf\u00e9rrea Glacial<\/p>\n<\/td>\n<\/tr>\n<tr>\n<td>\n<p>11:00 a. m.<\/p>\n<\/td>\n<td>\n<p>Distrito de Combate<\/p>\n<\/td>\n<\/tr>\n<tr>\n<td>\n<p>12:00 p. m.<\/p>\n<\/td>\n<td>\n<p>Atalayas Estelares<\/p>\n<\/td>\n<\/tr>\n<tr>\n<td>\n<p>01:00 p. m.<\/p>\n<\/td>\n<td>\n<p>Paseo Prism\u00e1tico<\/p>\n<\/td>\n<\/tr>\n<tr>\n<td>\n<p>02:00 p. m.<\/p>\n<\/td>\n<td>\n<p>Forjaf\u00e9rrea Glacial<\/p>\n<\/td>\n<\/tr>\n<tr>\n<td>\n<p>03:00 p. m.<\/p>\n<\/td>\n<td>\n<p>Distrito de Combate<\/p>\n<\/td>\n<\/tr>\n<tr>\n<td>\n<p>04:00 p. m.<\/p>\n<\/td>\n<td>\n<p>Atalayas Estelares<\/p>\n<\/td>\n<\/tr>\n<tr>\n<td>\n<p>05:00 p. m.<\/p>\n<\/td>\n<td>\n<p>Paseo Prism\u00e1tico<\/p>\n<\/td>\n<\/tr>\n<p>     Evento Megascensi\u00f3n <\/p>\n<p>Megascensi\u00f3n estar\u00e1 disponible del 31 de agosto a las 10:00 a. m. al 4 de septiembre de 2026 a las 11:59 p. m. en la hora local y contar\u00e1 con sus propias bonificaciones del evento, programaci\u00f3n de megaincursiones y Pok\u00e9mon salvajes. Durante el evento, el l\u00edmite de incursiones remotas aumentar\u00e1 a 30 y los Pok\u00e9mon atrapados en las megaincursiones podr\u00e1n tener un fondo especial con tem\u00e1tica de la megaevoluci\u00f3n.<\/p>\n<p>Prep\u00e1rate para enfrentarte a los siguientes Jefes de Incursi\u00f3n megaevolucionados en las megaincursiones.<\/p>\n<ul>\n<li><strong>31 de agosto: <\/strong>Mega-Victreebel, Mega-Dragonite y Mega-Malamar<\/li>\n<li><strong>1 de septiembre: <\/strong>Mega-Falinks<\/li>\n<li><strong>2 de septiembre: <\/strong>Mega-Skarmory<\/li>\n<li><strong>3 de septiembre: <\/strong>Mega-Starmie<\/li>\n<li><strong>4 de septiembre: <\/strong>Mega-Raichu X y Mega-Raichu Y<\/li>\n<\/ul>\n<p>\u00a1P\u00e1sala megagrande!<\/p>\n","protected":false},"excerpt":{"rendered":"El evento global del Festival de Pok\u00e9mon GO 2026 tuvo lugar el 11 y 12 de julio de&hellip;\n","protected":false},"author":2,"featured_media":740857,"comment_status":"","ping_status":"","sticky":false,"template":"","format":"standard","meta":{"footnotes":""},"categories":[81],"tags":[119,123,124,25,24,117,121,122,23,118,120],"class_list":["post-740856","post","type-post","status-publish","format-standard","has-post-thumbnail","category-ciencia-y-tecnologia","tag-ciencia","tag-ciencia-y-tecnologia","tag-cienciaytecnologia","tag-es","tag-espana","tag-science","tag-science-and-technology","tag-scienceandtechnology","tag-spain","tag-technology","tag-tecnologia"],"share_on_mastodon":{"url":"https:\/\/pubeurope.com\/@es\/117191930862044372","error":""},"_links":{"self":[{"href":"https:\/\/www.europesays.com\/es\/wp-json\/wp\/v2\/posts\/740856","targetHints":{"allow":["GET"]}}],"collection":[{"href":"https:\/\/www.europesays.com\/es\/wp-json\/wp\/v2\/posts"}],"about":[{"href":"https:\/\/www.europesays.com\/es\/wp-json\/wp\/v2\/types\/post"}],"author":[{"embeddable":true,"href":"https:\/\/www.europesays.com\/es\/wp-json\/wp\/v2\/users\/2"}],"replies":[{"embeddable":true,"href":"https:\/\/www.europesays.com\/es\/wp-json\/wp\/v2\/comments?post=740856"}],"version-history":[{"count":0,"href":"https:\/\/www.europesays.com\/es\/wp-json\/wp\/v2\/posts\/740856\/revisions"}],"wp:featuredmedia":[{"embeddable":true,"href":"https:\/\/www.europesays.com\/es\/wp-json\/wp\/v2\/media\/740857"}],"wp:attachment":[{"href":"https:\/\/www.europesays.com\/es\/wp-json\/wp\/v2\/media?parent=740856"}],"wp:term":[{"taxonomy":"category","embeddable":true,"href":"https:\/\/www.europesays.com\/es\/wp-json\/wp\/v2\/categories?post=740856"},{"taxonomy":"post_tag","embeddable":true,"href":"https:\/\/www.europesays.com\/es\/wp-json\/wp\/v2\/tags?post=740856"}],"curies":[{"name":"wp","href":"https:\/\/api.w.org\/{rel}","templated":true}]}}