{"id":740870,"date":"2026-08-31T20:19:19","date_gmt":"2026-08-31T20:19:19","guid":{"rendered":"https:\/\/www.europesays.com\/es\/740870\/"},"modified":"2026-08-31T20:19:19","modified_gmt":"2026-08-31T20:19:19","slug":"esdras-sanchez-y-adrian-vasquez-fichaje-y-renovacion","status":"publish","type":"post","link":"https:\/\/www.europesays.com\/es\/740870\/","title":{"rendered":"Esdras S\u00e1nchez y Adri\u00e1n Vasquez, fichaje y renovaci\u00f3n"},"content":{"rendered":"<p>Doble movimiento en las filas del primer equipo del \u00d3bila Club de Basket. De la renovaci\u00f3n de Adri\u00e1n Vasquez a la llega de Esdras S\u00e1nchez. Renovaci\u00f3n y fichaje en las filas de un equipo que va tomando buena forma de cara al comienzo de una temporada 2026-2027 de muchos cambios en el equipo verder\u00f3n.\u00a0\u00a0<\/p>\n<p>Se suma al nuevo proyecto del CUMCarlos Sastre el joven base salmantino \u201318 a\u00f1os\u2013 Esdras S\u00e1nchez de la Cruz en la que ser\u00e1 su primera experiencia en el baloncesto s\u00e9nior. Formado en la Pablo Laso Academy,\u00a0 \u00a0 \u00a0ha formado parte CD San Antonio de\u00a0 Caceres\u00a0 en una temporada 2024-2025 en la que lleg\u00f3 a debutar en Tercera FEBantes de marcharse a Estados Unidos a la Hight School Layton Christian Academy. \u00abBase joven, capacitado para dirigir al equipo y crecer como jugador\u00bb destacan desde el \u00d3bila, poniendo de relieve el manejo de bal\u00f3n de un jugador \u2013puede jugar de base y escolta\u2013 que esta temporada compaginar\u00e1 baloncesto y estudios en \u00c1vila capital.\u00a0<\/p>\n<p>De un nuevo refuerzo a una renovaci\u00f3n importante para el equipo que dirigir\u00e1 Alberto Jim\u00e9nez &#8216;P\u00e1jaro&#8217;, la del p\u00edvot\u00a0 Adri\u00e1n V\u00e1squez, que dar\u00e1 continuidad a estancia en el CUMCarlos Sastre tras un pasado curso con buenos promedios gracias a sus 8 puntos y 8 rebotes de media por partido. N\u00fameros que, dada la configuraci\u00f3n del equipo este a\u00f1o, podr\u00e1 incrementar en una temporada en la que se le espera con un rol mucho m\u00e1s importante en pista que la temporada pasada, donde fue de menos a m\u00e1s en pista.\u00a0<\/p>\n<p>Ya son una docena los jugadores que conforman el equipo Alberto Jim\u00e9nez. Adri\u00e1n Vasquez (p\u00edvot),\u00a0 Agust\u00ednFern\u00e1ndez (alero), Fran Quir\u00f3s (escolta), Ricardo Pe\u00f1alver (p\u00edvot), Jos\u00e9 Luis Horcajo (alero), Mauro Carretero (escolta), Dani Carretero (alero), Carlos Hern\u00e1ndez (alero), Alberto Mart\u00edn (alap\u00edvot), el base gallego Anxo Iglesias (Ulla Oil Rosal\u00eda), el base salmantino Esdras S\u00e1nchez (Hight School Layton Christian Academy) o el alap\u00edvot neerland\u00e9s Thijs Heuker (LWD Basket) son los nombres del nuevo vestuario que comenzar\u00e1 el curso 2026-2027 en el Grupo AA de Tercera FEB\u00a0 fuera de casa ante el c\u00e1ntabro De Morro FinoCantbasket04.\u00a0\u00a0<\/p>\n","protected":false},"excerpt":{"rendered":"Doble movimiento en las filas del primer equipo del \u00d3bila Club de Basket. De la renovaci\u00f3n de Adri\u00e1n&hellip;\n","protected":false},"author":2,"featured_media":740871,"comment_status":"","ping_status":"","sticky":false,"template":"","format":"standard","meta":{"footnotes":""},"categories":[269],"tags":[20622,7607,299,298,3975,168,25,24,629,2612,3923,285,129063,112865,23,167],"class_list":["post-740870","post","type-post","status-publish","format-standard","has-post-thumbnail","category-baloncesto","tag-alberto-martin","tag-avila","tag-baloncesto","tag-basketball","tag-caceres","tag-deportes","tag-es","tag-espana","tag-estados-unidos","tag-feb","tag-federacion-espanola-de-baloncesto","tag-fichajes","tag-jose-luis-horcajo","tag-obila-cb","tag-spain","tag-sports"],"share_on_mastodon":{"url":"https:\/\/pubeurope.com\/@es\/117191977766788618","error":""},"_links":{"self":[{"href":"https:\/\/www.europesays.com\/es\/wp-json\/wp\/v2\/posts\/740870","targetHints":{"allow":["GET"]}}],"collection":[{"href":"https:\/\/www.europesays.com\/es\/wp-json\/wp\/v2\/posts"}],"about":[{"href":"https:\/\/www.europesays.com\/es\/wp-json\/wp\/v2\/types\/post"}],"author":[{"embeddable":true,"href":"https:\/\/www.europesays.com\/es\/wp-json\/wp\/v2\/users\/2"}],"replies":[{"embeddable":true,"href":"https:\/\/www.europesays.com\/es\/wp-json\/wp\/v2\/comments?post=740870"}],"version-history":[{"count":0,"href":"https:\/\/www.europesays.com\/es\/wp-json\/wp\/v2\/posts\/740870\/revisions"}],"wp:featuredmedia":[{"embeddable":true,"href":"https:\/\/www.europesays.com\/es\/wp-json\/wp\/v2\/media\/740871"}],"wp:attachment":[{"href":"https:\/\/www.europesays.com\/es\/wp-json\/wp\/v2\/media?parent=740870"}],"wp:term":[{"taxonomy":"category","embeddable":true,"href":"https:\/\/www.europesays.com\/es\/wp-json\/wp\/v2\/categories?post=740870"},{"taxonomy":"post_tag","embeddable":true,"href":"https:\/\/www.europesays.com\/es\/wp-json\/wp\/v2\/tags?post=740870"}],"curies":[{"name":"wp","href":"https:\/\/api.w.org\/{rel}","templated":true}]}}