{"id":740878,"date":"2026-08-31T20:25:14","date_gmt":"2026-08-31T20:25:14","guid":{"rendered":"https:\/\/www.europesays.com\/es\/740878\/"},"modified":"2026-08-31T20:25:14","modified_gmt":"2026-08-31T20:25:14","slug":"take-that-dara-seis-conciertos-en-espana-en-2027-como-parte-de-su-dreamers-tour","status":"publish","type":"post","link":"https:\/\/www.europesays.com\/es\/740878\/","title":{"rendered":"Take That dar\u00e1 seis conciertos en Espa\u00f1a en 2027 como parte de su &#8216;Dreamers Tour&#8217;"},"content":{"rendered":"<p class=\"c-paragraph\"><a href=\"https:\/\/www.20minutos.es\/tags\/instituciones-empresas\/take-that.html\" title=\"Take That\" rel=\"nofollow noopener\" target=\"_blank\">Take That<\/a> ofrecer\u00e1 seis conciertos en Espa\u00f1a en julio de 2027 como parte de su Dreamers Tour, seg\u00fan ha anunciado este lunes su oficina, aunque <b>sin concretar de momento los puntos<\/b> m\u00e1s all\u00e1 de la cita ya conocida del d\u00eda 11 en Fuengirola (M\u00e1laga).<\/p>\n<p class=\"c-paragraph\">La gira, que llevar\u00e1 el nombre del que ser\u00e1 <b>su pr\u00f3ximo disco, Dreamers<\/b>, que ver\u00e1 la luz a finales de este a\u00f1o a falta de m\u00e1s detalles, estar\u00e1 integrada por 31 citas, con inicio el 3 de junio en Z\u00farich (Suiza) y final el 23 de julio en la ciudad alemana de Tubinga.<\/p>\n<p class=\"c-paragraph\">El hecho de que se conozcan las ubicaciones de casi todos esos conciertos, excepto los espa\u00f1oles, cuyas <b>fechas aparecen acompa\u00f1adas del mensaje \u00aba la espera de ser anunciado\u00bb<\/b>, hace pensar que muchos de esos shows podr\u00edan producirse como parte de ciclos musicales o festivales que a\u00fan no han desvelado su programaci\u00f3n.<\/p>\n<p class=\"c-paragraph\">En concreto, los \u00fanicos detalles que se ofrecen son que habr\u00e1 un concierto en Catalu\u00f1a el 9 de julio, otro en Valencia el 10; les seguir\u00e1 el de Fuengirola el 11 en el recinto Marenostrum, dos en Madrid los d\u00edas 13 y 14 y el \u00faltimo, en Galicia el 15.<\/p>\n<p class=\"c-paragraph\">La nota de prensa subraya que esta gira supone \u00ab<b>el mayor recorrido europeo de la banda en a\u00f1os<\/b>\u00bb y que \u00abnuevas fechas se anunciar\u00e1n durante las pr\u00f3ximas semanas\u00bb.<\/p>\n<p class=\"c-paragraph\">S\u00ed se ha adelantado ya el lanzamiento de un nuevo sencillo de ese disco en ciernes que llevar\u00e1 por nombre <b>Feel My Love y que estar\u00e1 disponible este mismo viernes<\/b>, con la colaboraci\u00f3n del cantante y compositor irland\u00e9s-estadounidense Michael Patrick Kelly.<\/p>\n<p class=\"c-paragraph\">Habr\u00e1 una preventa para fans registrados este mismo martes, 1 de septiembre, a partir de las 10 horas. Los recintos tambi\u00e9n dispondr\u00e1n de su propia preventa a partir de la misma hora del jueves, 3 de septiembre. Por \u00faltimo, la venta general arrancar\u00e1 a las 10 horas del viernes en la web oficial del grupo.<\/p>\n<p class=\"c-paragraph\">Take That es una de las formaciones m\u00e1s c\u00e9lebres y de mayor \u00e9xito comercial surgidas de Reino Unido en los a\u00f1os 90, inicialmente un quinteto del que form\u00f3 parte Robbie Williams antes de buscar su independencia art\u00edstica. Por eso mismo, la reuni\u00f3n de los cinco miembros originales en el disco Progress (2010) fue todo un acontecimiento, aunque ef\u00edmero.<\/p>\n<p class=\"c-paragraph\">Desde 2014, Take That se convirti\u00f3 adem\u00e1s en un tr\u00edo por la salida de un cuarto miembro, Jason Orange, en busca de una vida m\u00e1s tranquila. Desde entonces est\u00e1 integrado por Gary Barlow, Mark Owen y Howard Donald, quienes han lanzado discos como III (2014), Wonderland (2017) y This Life (2023), a la espera del citado Dreamers.<\/p>\n","protected":false},"excerpt":{"rendered":"Take That ofrecer\u00e1 seis conciertos en Espa\u00f1a en julio de 2027 como parte de su Dreamers Tour, seg\u00fan&hellip;\n","protected":false},"author":2,"featured_media":740879,"comment_status":"","ping_status":"","sticky":false,"template":"","format":"standard","meta":{"footnotes":""},"categories":[170],"tags":[10685,146,147,25,24,184,185,23,42159,12601],"class_list":["post-740878","post","type-post","status-publish","format-standard","has-post-thumbnail","category-musica","tag-dara","tag-entertainment","tag-entretenimiento","tag-es","tag-espana","tag-music","tag-musica","tag-spain","tag-take","tag-that"],"share_on_mastodon":{"url":"https:\/\/pubeurope.com\/@es\/117192001331351306","error":""},"_links":{"self":[{"href":"https:\/\/www.europesays.com\/es\/wp-json\/wp\/v2\/posts\/740878","targetHints":{"allow":["GET"]}}],"collection":[{"href":"https:\/\/www.europesays.com\/es\/wp-json\/wp\/v2\/posts"}],"about":[{"href":"https:\/\/www.europesays.com\/es\/wp-json\/wp\/v2\/types\/post"}],"author":[{"embeddable":true,"href":"https:\/\/www.europesays.com\/es\/wp-json\/wp\/v2\/users\/2"}],"replies":[{"embeddable":true,"href":"https:\/\/www.europesays.com\/es\/wp-json\/wp\/v2\/comments?post=740878"}],"version-history":[{"count":0,"href":"https:\/\/www.europesays.com\/es\/wp-json\/wp\/v2\/posts\/740878\/revisions"}],"wp:featuredmedia":[{"embeddable":true,"href":"https:\/\/www.europesays.com\/es\/wp-json\/wp\/v2\/media\/740879"}],"wp:attachment":[{"href":"https:\/\/www.europesays.com\/es\/wp-json\/wp\/v2\/media?parent=740878"}],"wp:term":[{"taxonomy":"category","embeddable":true,"href":"https:\/\/www.europesays.com\/es\/wp-json\/wp\/v2\/categories?post=740878"},{"taxonomy":"post_tag","embeddable":true,"href":"https:\/\/www.europesays.com\/es\/wp-json\/wp\/v2\/tags?post=740878"}],"curies":[{"name":"wp","href":"https:\/\/api.w.org\/{rel}","templated":true}]}}