{"id":740888,"date":"2026-08-31T20:30:20","date_gmt":"2026-08-31T20:30:20","guid":{"rendered":"https:\/\/www.europesays.com\/es\/740888\/"},"modified":"2026-08-31T20:30:20","modified_gmt":"2026-08-31T20:30:20","slug":"nasa-capta-una-misteriosa-medusa-en-la-superficie-de-marte-2","status":"publish","type":"post","link":"https:\/\/www.europesays.com\/es\/740888\/","title":{"rendered":"NASA capta una misteriosa \u00abmedusa\u00bb en la superficie de Marte"},"content":{"rendered":"<p class=\"mb-4 text-lg md:leading-8 break-words\">Hay fotos que tardan a\u00f1os en hacerse virales. Esta es una de ellas. El r\u00f3ver Curiosity la tom\u00f3 con la c\u00e1mara de navegaci\u00f3n derecha el 20 de agosto de 2023, en <a data-ylk=\"slk:el cr\u00e1ter Gale,;elm:context_link;itc:0;sec:content-canvas;cpos:1;pos:1;\" data-yga=\"{&quot;yLinkElement&quot;:&quot;link&quot;,&quot;yLinkElementType&quot;:&quot;article_link&quot;}\" href=\"https:\/\/www.dw.com\/es\/escamas-de-drag\u00f3n-en-marte-el-curiosity-descubre-un-patr\u00f3n-rocoso-que-desconcierta-a-cient\u00edficos\/a-76923309\" class=\"link\" rel=\"noopener noreferrer nofollow\" target=\"_blank\">el cr\u00e1ter Gale,<\/a> pero pas\u00f3 casi inadvertida hasta que alguien la rescat\u00f3 en redes sociales en agosto de 2026.<\/p>\n<p class=\"mb-4 text-lg md:leading-8 break-words\">Desde entonces ha circulado en foros y medios y ha alimentado, <a data-ylk=\"slk:una vez m\u00e1s,;elm:context_link;itc:0;sec:content-canvas;cpos:2;pos:1;\" data-yga=\"{&quot;yLinkElement&quot;:&quot;link&quot;,&quot;yLinkElementType&quot;:&quot;article_link&quot;}\" href=\"https:\/\/www.dw.com\/es\/en-marte-hay-una-pir\u00e1mide-lo-que-esconde-dice-mucho-m\u00e1s-sobre-nosotros-que-sobre-el-planeta-rojo\/a-76527125\" class=\"link\" rel=\"noopener noreferrer nofollow\" target=\"_blank\">una vez m\u00e1s,<\/a> la imaginaci\u00f3n en torno a ese mundo incierto que tenemos como vecino c\u00f3smico.<\/p>\n<p><strong>Una \u00abmedusa\u00bb en el horizonte de Marte<\/strong><\/p>\n<p class=\"mb-4 text-lg md:leading-8 break-words\">En el borde de la imagen, sobre una loma rocosa del horizonte marciano, se distingue una silueta oscura con una especie de cabeza redondeada y filamentos que cuelgan hacia abajo.<\/p>\n<p class=\"mb-4 text-lg md:leading-8 break-words\">Science Alert la compara con uno de los tr\u00edpodes invasores de La guerra de los mundos, de H. G. Wells, aunque tambi\u00e9n recuerda vagamente a uno de los caminantes b\u00edpedos de Star Wars. Sea cual sea la asociaci\u00f3n, el parecido con una m\u00e1quina o criatura suspendida sobre el paisaje es dif\u00edcil de ignorar.<\/p>\n<p class=\"mb-4 text-lg md:leading-8 break-words\">Esa ambig\u00fcedad es precisamente la que ha disparado la fantas\u00eda colectiva sobre posibles se\u00f1ales de vida en el planeta rojo. Pero la emoci\u00f3n \u2013para quienes quieren ver extraterrestres, que <a data-ylk=\"slk:no ser\u00e1n todos;elm:context_link;itc:0;sec:content-canvas;cpos:3;pos:1;\" data-yga=\"{&quot;yLinkElement&quot;:&quot;link&quot;,&quot;yLinkElementType&quot;:&quot;article_link&quot;}\" href=\"https:\/\/www.dw.com\/es\/el-f\u00edsico-michio-kaku-cree-que-establecer-contacto-con-extraterrestres-es-una-idea-terrible\/a-57113155\" class=\"link\" rel=\"noopener noreferrer nofollow\" target=\"_blank\">no ser\u00e1n todos<\/a>\u2013 puede llegar r\u00e1pidamente a su fin cuando se observa un detalle decisivo. La figura no estaba all\u00ed unos segundos antes.<\/p>\n<p><strong>La pista que debilita la explicaci\u00f3n alien\u00edgena<\/strong><\/p>\n<p class=\"mb-4 text-lg md:leading-8 break-words\">La comparaci\u00f3n con las fotograf\u00edas contiguas resulta especialmente reveladora. Science Alert se\u00f1ala que existen dos tomas del mismo lugar realizadas apenas 13 y 25 segundos antes, y en ambas el horizonte aparece sin la extra\u00f1a figura.<\/p>\n<p class=\"mb-4 text-lg md:leading-8 break-words\">EarthSky a\u00f1ade otro dato: 78 minutos m\u00e1s tarde, la misma c\u00e1mara volvi\u00f3 a fotografiar la zona y tampoco hab\u00eda rastro de ella. La extra\u00f1a silueta queda as\u00ed confinada a una sola de las im\u00e1genes comparadas, algo dif\u00edcil de conciliar con un elemento inm\u00f3vil del paisaje marciano.<\/p>\n<p><img alt=\"La misteriosa silueta desapareci\u00f3 en las im\u00e1genes posteriores de Curiosity.&lt;span class=&quot;copyright&quot;&gt;NASA\/JPL-Caltech&lt;\/span&gt;\" loading=\"lazy\" width=\"960\" height=\"540\" decoding=\"async\" data-nimg=\"1\" class=\"rounded-lg\" style=\"color:transparent\" src=\"https:\/\/www.europesays.com\/es\/wp-content\/uploads\/2026\/08\/https:\/\/media.zenfs.com\/es\/deutsche_welle_articles_es_448\/c74648604bee2a8f2c9c62e0b054fcf6.jpg\"\/><\/p>\n<p>La misteriosa silueta desapareci\u00f3 en las im\u00e1genes posteriores de Curiosity.NASA\/JPL-Caltech<\/p>\n<p><strong>\u00bfUn rayo c\u00f3smico como culpable?<\/strong><\/p>\n<p class=\"mb-4 text-lg md:leading-8 break-words\">Una de las explicaciones con m\u00e1s peso es que un <a data-ylk=\"slk:rayo c\u00f3smico;elm:context_link;itc:0;sec:content-canvas;cpos:4;pos:1;\" data-yga=\"{&quot;yLinkElement&quot;:&quot;link&quot;,&quot;yLinkElementType&quot;:&quot;article_link&quot;}\" href=\"https:\/\/www.dw.com\/es\/misterioso-rayo-c\u00f3smico-ultrapoderoso-golpea-la-tierra-sin-que-sepamos-de-d\u00f3nde-viene\/a-67546439\" class=\"link\" rel=\"noopener noreferrer nofollow\" target=\"_blank\">rayo c\u00f3smico<\/a> impactara sobre el sensor. Marte ofrece menos protecci\u00f3n frente a estas part\u00edculas, lo que deja m\u00e1s expuestos los instrumentos del Curiosity.<\/p>\n<p class=\"mb-4 text-lg md:leading-8 break-words\">A diferencia de nuestro planeta, Marte no dispone de un campo magn\u00e9tico global y cuenta con <a data-ylk=\"slk:una atm\u00f3sfera;elm:context_link;itc:0;sec:content-canvas;cpos:5;pos:1;\" data-yga=\"{&quot;yLinkElement&quot;:&quot;link&quot;,&quot;yLinkElementType&quot;:&quot;article_link&quot;}\" href=\"https:\/\/www.dw.com\/es\/descubren-un-mecanismo-clave-que-ayud\u00f3-a-convertir-marte-en-un-desierto\/a-75773480\" class=\"link\" rel=\"noopener noreferrer nofollow\" target=\"_blank\">una atm\u00f3sfera<\/a> cuya masa equivale apenas al 0,5 % de la terrestre, seg\u00fan Science Alert. Esa protecci\u00f3n mucho menor deja los instrumentos del Curiosity m\u00e1s expuestos a las part\u00edculas de alta energ\u00eda procedentes del espacio.<\/p>\n<p class=\"mb-4 text-lg md:leading-8 break-words\">Hay adem\u00e1s un indicio en la propia fotograf\u00eda. El astrof\u00edsico Joseph Farah, citado por PetaPixel, examin\u00f3 la imagen ampliada y observ\u00f3 una fila de p\u00edxeles negros perfectamente alineados, sin suavizado. A su juicio, ese patr\u00f3n encaja mejor con el efecto de una part\u00edcula energ\u00e9tica sobre el sensor que con un objeto f\u00edsico captado por la c\u00e1mara.<\/p>\n<p class=\"mb-4 text-lg md:leading-8 break-words\">No ser\u00eda un fen\u00f3meno excepcional. Ya en 2014, un ingeniero de im\u00e1genes del Laboratorio de Propulsi\u00f3n a Chorro de la NASA explicaba que recib\u00edan fotograf\u00edas del r\u00f3ver con puntos brillantes casi cada semana. En las im\u00e1genes del Curiosity, estos artefactos suelen aparecer como puntos o trazos brillantes, aunque tambi\u00e9n pueden ser oscuros.<\/p>\n<p><img alt=\"Un rayo c\u00f3smico pudo haber impactado el sensor de la c\u00e1mara del r\u00f3ver.&lt;span class=&quot;copyright&quot;&gt;NASA\/JPL-Caltech&lt;\/span&gt;\" loading=\"lazy\" width=\"960\" height=\"540\" decoding=\"async\" data-nimg=\"1\" class=\"rounded-lg\" style=\"color:transparent\" src=\"https:\/\/www.europesays.com\/es\/wp-content\/uploads\/2026\/08\/https:\/\/media.zenfs.com\/es\/deutsche_welle_articles_es_448\/5ab2c9517e59d0485b51a0f0292c86be.jpg\"\/><\/p>\n<p>Un rayo c\u00f3smico pudo haber impactado el sensor de la c\u00e1mara del r\u00f3ver.NASA\/JPL-Caltech<\/p>\n<p><strong>Otras hip\u00f3tesis sobre la anomal\u00eda<\/strong><\/p>\n<p class=\"mb-4 text-lg md:leading-8 break-words\">Con todo, atribuir la silueta a un rayo c\u00f3smico no es la \u00fanica opci\u00f3n. El origen de la anomal\u00eda tambi\u00e9n podr\u00eda encontrarse en alguna de las etapas necesarias para convertir lo registrado por la c\u00e1mara en la imagen que finalmente llega a la Tierra. Un error electr\u00f3nico, un problema durante la compresi\u00f3n o una anomal\u00eda en la transmisi\u00f3n de los datos podr\u00edan alterar determinados p\u00edxeles.<\/p>\n<p class=\"mb-4 text-lg md:leading-8 break-words\">Tambi\u00e9n cabe la posibilidad de que la c\u00e1mara captara un fen\u00f3meno pasajero, como un <a data-ylk=\"slk:remolino de polvo.;elm:context_link;itc:0;sec:content-canvas;cpos:6;pos:1;\" data-yga=\"{&quot;yLinkElement&quot;:&quot;link&quot;,&quot;yLinkElementType&quot;:&quot;article_link&quot;}\" href=\"https:\/\/www.dw.com\/es\/descubren-que-los-vientos-de-marte-son-m\u00e1s-feroces-de-lo-pensado\/a-74291317\" class=\"link\" rel=\"noopener noreferrer nofollow\" target=\"_blank\">remolino de polvo.<\/a> Pero sin datos de viento ni im\u00e1genes de apoyo de otra c\u00e1mara, no hay forma de comprobar esa hip\u00f3tesis con el material disponible.<\/p>\n<p class=\"mb-4 text-lg md:leading-8 break-words\">La incertidumbre sigue ah\u00ed, aunque las explicaciones relacionadas con la imagen parecen m\u00e1s plausibles. Y quiz\u00e1 eso baste. Marte no necesita monstruos ni conspiraciones para resultar extra\u00f1o. Le basta con ser Marte.<\/p>\n<p><a data-ylk=\"ct:story;elm:img;itc:0;\" class=\"stretched-box\" href=\"https:\/\/trib.al\/yG4LVEm\" rel=\"noopener noreferrer nofollow\" target=\"_blank\"><img alt=\"S\u00edguenos en WhatsApp\" loading=\"lazy\" width=\"728\" height=\"90\" decoding=\"async\" data-nimg=\"1\" class=\"rounded-lg\" style=\"color:transparent\" src=\"https:\/\/www.europesays.com\/es\/wp-content\/uploads\/2026\/08\/https:\/\/d29szjachogqwa.cloudfront.net\/images\/user-uploaded\/siguenos_en_whatsapp_%282%29.png\"\/><\/a><\/p>\n","protected":false},"excerpt":{"rendered":"Hay fotos que tardan a\u00f1os en hacerse virales. Esta es una de ellas. El r\u00f3ver Curiosity la tom\u00f3&hellip;\n","protected":false},"author":2,"featured_media":740889,"comment_status":"","ping_status":"","sticky":false,"template":"","format":"standard","meta":{"footnotes":""},"categories":[81],"tags":[131479,131490,13154,131482,119,123,124,131484,131472,131471,158,131477,131485,25,24,131491,131473,131470,131476,127156,131488,131480,131481,131483,131486,642,131474,117,131475,121,122,23,118,120,16743,131478,131487,131489],"class_list":["post-740888","post","type-post","status-publish","format-standard","has-post-thumbnail","category-ciencia-y-tecnologia","tag-a-su-juicio","tag-anos-en-hacerse","tag-brillantes","tag-brillantes-casi-cada","tag-ciencia","tag-ciencia-y-tecnologia","tag-cienciaytecnologia","tag-cosmico-como","tag-curiosity-capto-la-extrana-medusa","tag-curiosity-la-tomo","tag-el","tag-el-origen-de-la","tag-en-las-imagenes-del-curiosity","tag-es","tag-espana","tag-esta-es-una-de-ellas","tag-gale","tag-gale-de-marte","tag-la-extrana-silueta","tag-la-figura","tag-la-incertidumbre-sigue-ahi","tag-la-misteriosa-silueta-desaparecio","tag-la-pista-que","tag-marte-no-dispone-de-un","tag-marte-ofrece-menos-proteccion-frente","tag-nasa","tag-pero-la-emocion","tag-science","tag-science-alert","tag-science-and-technology","tag-scienceandtechnology","tag-spain","tag-technology","tag-tecnologia","tag-un","tag-una-medusa","tag-una-de-las-explicaciones-con-mas-peso-es-que-un","tag-ya-en-2014"],"share_on_mastodon":{"url":"","error":"Validation failed: Text character limit of 500 exceeded"},"_links":{"self":[{"href":"https:\/\/www.europesays.com\/es\/wp-json\/wp\/v2\/posts\/740888","targetHints":{"allow":["GET"]}}],"collection":[{"href":"https:\/\/www.europesays.com\/es\/wp-json\/wp\/v2\/posts"}],"about":[{"href":"https:\/\/www.europesays.com\/es\/wp-json\/wp\/v2\/types\/post"}],"author":[{"embeddable":true,"href":"https:\/\/www.europesays.com\/es\/wp-json\/wp\/v2\/users\/2"}],"replies":[{"embeddable":true,"href":"https:\/\/www.europesays.com\/es\/wp-json\/wp\/v2\/comments?post=740888"}],"version-history":[{"count":0,"href":"https:\/\/www.europesays.com\/es\/wp-json\/wp\/v2\/posts\/740888\/revisions"}],"wp:featuredmedia":[{"embeddable":true,"href":"https:\/\/www.europesays.com\/es\/wp-json\/wp\/v2\/media\/740889"}],"wp:attachment":[{"href":"https:\/\/www.europesays.com\/es\/wp-json\/wp\/v2\/media?parent=740888"}],"wp:term":[{"taxonomy":"category","embeddable":true,"href":"https:\/\/www.europesays.com\/es\/wp-json\/wp\/v2\/categories?post=740888"},{"taxonomy":"post_tag","embeddable":true,"href":"https:\/\/www.europesays.com\/es\/wp-json\/wp\/v2\/tags?post=740888"}],"curies":[{"name":"wp","href":"https:\/\/api.w.org\/{rel}","templated":true}]}}