{"id":74089,"date":"2025-08-26T19:04:14","date_gmt":"2025-08-26T19:04:14","guid":{"rendered":"https:\/\/www.europesays.com\/es\/74089\/"},"modified":"2025-08-26T19:04:14","modified_gmt":"2025-08-26T19:04:14","slug":"el-gobierno-aprueba-el-plan-de-lucha-contra-la-corrupcion-y-crea-una-comision-interministerial-para-su-puesta-en-marcha-y-seguimiento-ministerio-de-hacienda","status":"publish","type":"post","link":"https:\/\/www.europesays.com\/es\/74089\/","title":{"rendered":"El Gobierno aprueba el Plan de Lucha contra la Corrupci\u00f3n y crea una Comisi\u00f3n Interministerial para su puesta en marcha y seguimiento: Ministerio de Hacienda"},"content":{"rendered":"<p>El Consejo de Ministros ha aprobado hoy el Plan Estatal de Lucha contra la Corrupci\u00f3n que fue anunciado por el presidente del Gobierno, Pedro S\u00e1nchez, el pasado 9 de julio en el Congreso de los Diputados, con medidas enfocadas en la prevenci\u00f3n y el castigo de este tipo de conductas. Asimismo, tambi\u00e9n ha dado luz verde a la creaci\u00f3n de una Comisi\u00f3n Interministerial que permitir\u00e1 la puesta en marcha, impulso y seguimiento del citado plan.<\/p>\n<p>Con la aprobaci\u00f3n de este Plan el Gobierno pretende establecer una hoja de ruta clara que permita seguir avanzando hacia una Administraci\u00f3n m\u00e1s \u00edntegra y transparente. De esta forma, se profundiza en nuevas actuaciones para combatir la corrupci\u00f3n.\u00a0\u00a0<\/p>\n<p>Las medidas siguen las recomendaciones del Grupo de Estados contra la Corrupci\u00f3n del Consejo de Europa (GRECO), de la OCDE, de la Comisi\u00f3n Europea y de la Convenci\u00f3n de Naciones Unidas contra la corrupci\u00f3n, e incorporan aportaciones de la sociedad civil, planteados en el Foro de Gobierno Abierto.\u00a0<\/p>\n<p><strong>Cinco ejes y quince medidas<\/strong><\/p>\n<p>Para ello, el Plan se divide en cinco ejes y contempla quince medidas.\u00a0<\/p>\n<p>&#8211; Eje 1: Prevenci\u00f3n de riesgos y fortalecimiento de los controles frente a la corrupci\u00f3n para reducir su incidencia. En este eje destaca la creaci\u00f3n de una Agencia Independiente de Integridad P\u00fablica, como \u00f3rgano central en la Administraci\u00f3n General del Estado para la prevenci\u00f3n, supervisi\u00f3n y persecuci\u00f3n de la corrupci\u00f3n. La Agencia tendr\u00e1 facultades para iniciar investigaciones, supervisar el cumplimiento de normativas clave y articular mecanismos de protecci\u00f3n para informantes.<\/p>\n<p>Este eje tambi\u00e9n contempla extender la metodolog\u00eda de prevenci\u00f3n del fraude aplicada en la adjudicaci\u00f3n de los fondos Next Generation del Plan de Recuperaci\u00f3n, Transformaci\u00f3n y Resiliencia; as\u00ed como impulsar la Ley de Administraci\u00f3n Abierta y fomentar un sistema de participaci\u00f3n ciudadana en la prevenci\u00f3n de la corrupci\u00f3n.<\/p>\n<p>En ese sentido, se pretende, entre otras cuestiones, realizar controles aleatorios del patrimonio de los altos cargos.<\/p>\n<p>En ese primer eje se potenciar\u00e1 el uso de la Big Data y la Inteligencia Artificial en la Plataforma de Contrataci\u00f3n del Sector P\u00fablico para aumentar el control; y se impulsar\u00e1 la aprobaci\u00f3n de la conocida como \u2018Ley de lobbies\u2019.\u00a0<\/p>\n<p>Por \u00faltimo, en este primer eje se contempla reforzar la vigilancia y aumentar la transparencia sobre la financiaci\u00f3n y actividad de los partidos pol\u00edticos. En este sentido, el plan propone la obligaci\u00f3n de realizar auditor\u00edas externas e independientes para partidos y sus fundaciones con financiaci\u00f3n p\u00fablica superior a 50.000 euros, as\u00ed como la reducci\u00f3n del umbral de publicaci\u00f3n de donaciones individualizadas de 25.000 euros a 2.500 euros, as\u00ed como el plazo de publicaci\u00f3n a un mes desde su recepci\u00f3n.<\/p>\n<p>&#8211; Eje 2: Protecci\u00f3n de los informantes de irregularidades o casos de corrupci\u00f3n. En ese aspecto se pretende fortalecer la Ley 2\/2023 para una mayor protecci\u00f3n de los denunciantes e incluir mejoras en los canales de alerta, as\u00ed como protecci\u00f3n del anonimato, garant\u00edas legales y sanciones contra represalias.<\/p>\n<p>&#8211; Eje 3: Investigar, juzgar y sancionar la corrupci\u00f3n ya detectada. Dentro de ese apartado se apuesta por reforzar la Fiscal\u00eda Anticorrupci\u00f3n, con m\u00e1s plazas y medios, y el Poder Judicial, a trav\u00e9s de la creaci\u00f3n de secciones especializadas en cada tribunal de instancia. Adem\u00e1s, se otorgar\u00e1 car\u00e1cter preferente a las causas que involucren a cargos p\u00fablicos y se ampliar\u00e1n los plazos de prescripci\u00f3n de los delitos.\u00a0<\/p>\n<p>Tambi\u00e9n se establecer\u00e1n mecanismos de control y sanci\u00f3n frente a empresas corruptoras, modificando el C\u00f3digo Penal con m\u00e1s penas y nuevos delitos contra la Administraci\u00f3n, y se elevar\u00e1n las sanciones.\u00a0<\/p>\n<p>Asimismo, este eje incluye crear una \u2018blacklisting\u2019, que contempla la inhabilitaci\u00f3n para contratar, recibir subvenciones y gozar de beneficios fiscales o sociales para aquellas empresas condenadas en firme por corrupci\u00f3n.\u00a0<\/p>\n<p>&#8211; Eje 4: Recuperaci\u00f3n de los activos procedentes de actividades corruptas, mediante el refuerzo de la Oficina de Recuperaci\u00f3n y Gesti\u00f3n de Activos (ORGA). Adem\u00e1s, se crear\u00e1 la figura del \u2018decomiso administrativo\u2019 o \u2018decomiso preventivo\u2019, que permitir\u00e1 incautar bienes vinculados a actividades delictivas sin necesidad de condena previa y no solo vinculada al \u00e1mbito penal.<\/p>\n<p>&#8211; Eje 5: Promover una cultura anticorrupci\u00f3n, con programas de formaci\u00f3n obligatoria y difusi\u00f3n de buenas pr\u00e1cticas en materia de integridad y prevenci\u00f3n de la corrupci\u00f3n dirigidos al empleado p\u00fablico; campa\u00f1as sociales para fortalecer la concienciaci\u00f3n anticorrupci\u00f3n; y la realizaci\u00f3n de encuestas anuales sobre percepci\u00f3n de la corrupci\u00f3n.\u00a0\u00a0<\/p>\n<p><strong>Real Decreto para crear la Comisi\u00f3n Interministerial\u00a0<\/strong><\/p>\n<p>Junto a la aprobaci\u00f3n del Plan Estatal, el Consejo de Ministros ha aprobado un Real Decreto por el que se crea la Comisi\u00f3n Interministerial que impulsar\u00e1 dicha iniciativa.\u00a0<\/p>\n<p>Esta comisi\u00f3n servir\u00e1 para la coordinaci\u00f3n pol\u00edtica y t\u00e9cnica entre todos los ministerios, la supervisi\u00f3n de las actuaciones de los distintos departamentos, as\u00ed como para impulsar la elaboraci\u00f3n de propuestas. De esta forma, se encargar\u00e1 de garantizar su impulso y su correcta implementaci\u00f3n, seguimiento y evaluaci\u00f3n, velando por la coherencia del despliegue del Plan en todos los niveles de la Administraci\u00f3n del Estado.<\/p>\n<p>Esta comisi\u00f3n la presidir\u00e1 la titular del Ministerio de Hacienda y formar\u00e1n parte de ella los titulares de los ministerios de Trabajo y Econom\u00eda Social; Presidencia, Justicia y Relaciones con las Cortes; Interior; Cultura; y Transformaci\u00f3n Digital y de la Funci\u00f3n P\u00fablica; la Direcci\u00f3n del Gabinete del presidente del Gobierno; y el m\u00e1ximo representante de la Agencia Independiente de Integridad P\u00fablica, una vez que \u00e9sta se haya constituido.<\/p>\n<p><strong>Reforzar las Administraciones frente a la corrupci\u00f3n<\/strong><\/p>\n<p>Con la puesta en marcha de estas medidas el Gobierno pretende reforzar su compromiso con una gobernanza \u00edntegra, eficaz y transparente, afianzando as\u00ed la confianza de la ciudadan\u00eda en las instituciones p\u00fablicas y avanzando hacia un modelo institucional m\u00e1s robusto frente a la corrupci\u00f3n, una de las amenazas m\u00e1s graves para la democracia.<\/p>\n<p>De hecho, estas acciones se suman a las m\u00e1s de 30 iniciativas que este Gobierno ha puesto en marcha para la defensa de la democracia y la lucha contra la corrupci\u00f3n, como la Ley de protecci\u00f3n del informante, o el Plan de Acci\u00f3n por la Democracia.<\/p>\n<p>De esta forma,  Espa\u00f1a se coloca entre los pa\u00edses que abordan la corrupci\u00f3n desde un enfoque estrat\u00e9gico, institucional y transversal.<\/p>\n<p>Esta informaci\u00f3n puede ser usada en parte o en su integridad sin necesidad de citar fuentes<\/p>\n<p>\u200b<\/p>\n","protected":false},"excerpt":{"rendered":"El Consejo de Ministros ha aprobado hoy el Plan Estatal de Lucha contra la Corrupci\u00f3n que fue anunciado&hellip;\n","protected":false},"author":2,"featured_media":74090,"comment_status":"","ping_status":"","sticky":false,"template":"","format":"standard","meta":{"footnotes":""},"categories":[5],"tags":[948,17,18,7553,10699,10702,767,25515,10697,25,24,13,14,2746,582,10700,11,26636,19,20,591,3402,9,10,15,16,2568,10701,6990,10698,8707,23,10704,12,21,22,10703],"class_list":{"0":"post-74089","1":"post","2":"type-post","3":"status-publish","4":"format-standard","5":"has-post-thumbnail","7":"category-titulares","8":"tag-aprueba","9":"tag-breaking-news","10":"tag-breakingnews","11":"tag-comision","12":"tag-companies","13":"tag-confidence","14":"tag-corrupcion","15":"tag-crea","16":"tag-employ","17":"tag-es","18":"tag-espana","19":"tag-featured-news","20":"tag-featurednews","21":"tag-finance","22":"tag-gobierno","23":"tag-growth","24":"tag-headlines","25":"tag-interministerial","26":"tag-latest-news","27":"tag-latestnews","28":"tag-lucha","29":"tag-marcha","30":"tag-news","31":"tag-noticias","32":"tag-noticias-destacadas","33":"tag-noticiasdestacadas","34":"tag-plan","35":"tag-public-administration","36":"tag-puesta","37":"tag-reforms","38":"tag-seguimiento","39":"tag-spain","40":"tag-stability","41":"tag-titulares","42":"tag-ultimas-noticias","43":"tag-ultimasnoticias","44":"tag-welfare"},"share_on_mastodon":{"url":"","error":""},"_links":{"self":[{"href":"https:\/\/www.europesays.com\/es\/wp-json\/wp\/v2\/posts\/74089","targetHints":{"allow":["GET"]}}],"collection":[{"href":"https:\/\/www.europesays.com\/es\/wp-json\/wp\/v2\/posts"}],"about":[{"href":"https:\/\/www.europesays.com\/es\/wp-json\/wp\/v2\/types\/post"}],"author":[{"embeddable":true,"href":"https:\/\/www.europesays.com\/es\/wp-json\/wp\/v2\/users\/2"}],"replies":[{"embeddable":true,"href":"https:\/\/www.europesays.com\/es\/wp-json\/wp\/v2\/comments?post=74089"}],"version-history":[{"count":0,"href":"https:\/\/www.europesays.com\/es\/wp-json\/wp\/v2\/posts\/74089\/revisions"}],"wp:featuredmedia":[{"embeddable":true,"href":"https:\/\/www.europesays.com\/es\/wp-json\/wp\/v2\/media\/74090"}],"wp:attachment":[{"href":"https:\/\/www.europesays.com\/es\/wp-json\/wp\/v2\/media?parent=74089"}],"wp:term":[{"taxonomy":"category","embeddable":true,"href":"https:\/\/www.europesays.com\/es\/wp-json\/wp\/v2\/categories?post=74089"},{"taxonomy":"post_tag","embeddable":true,"href":"https:\/\/www.europesays.com\/es\/wp-json\/wp\/v2\/tags?post=74089"}],"curies":[{"name":"wp","href":"https:\/\/api.w.org\/{rel}","templated":true}]}}