{"id":740910,"date":"2026-08-31T20:46:12","date_gmt":"2026-08-31T20:46:12","guid":{"rendered":"https:\/\/www.europesays.com\/es\/740910\/"},"modified":"2026-08-31T20:46:12","modified_gmt":"2026-08-31T20:46:12","slug":"las-imagenes-de-las-esculturas-de-la-p-danadas-en-palencia","status":"publish","type":"post","link":"https:\/\/www.europesays.com\/es\/740910\/","title":{"rendered":"Las im\u00e1genes de las esculturas de la P da\u00f1adas en Palencia"},"content":{"rendered":"<p class=\"v-d-p\" style=\"\">Las esculturas con forma de P han vuelto a sufrir la acci\u00f3n de los v\u00e1ndalos. Varias de las piezas expuestas en la Calle Mayor han  &#8230; amanecido con da\u00f1os desde que se instalaran el pasado s\u00e1bado. No han sido destrozadas a golpes como otros a\u00f1os, pero s\u00ed han sufrido algunos destrozos o han sido da\u00f1adas con rotuladores.<\/p>\n<p>                <img decoding=\"async\" loading=\"lazy\" src=\"https:\/\/www.europesays.com\/es\/wp-content\/uploads\/2026\/08\/pesvandalizadas-9.jpg\" class=\"v-a-img\" alt=\"Las im\u00e1genes de las esculturas de la P da\u00f1adas en Palencia\"\/><\/p>\n","protected":false},"excerpt":{"rendered":"Las esculturas con forma de P han vuelto a sufrir la acci\u00f3n de los v\u00e1ndalos. Varias de las&hellip;\n","protected":false},"author":2,"featured_media":740911,"comment_status":"","ping_status":"","sticky":false,"template":"","format":"standard","meta":{"footnotes":""},"categories":[173],"tags":[229,233,231,230,90754,232,234,146,147,25,8426,24,1641,6442,23],"class_list":["post-740910","post","type-post","status-publish","format-standard","has-post-thumbnail","category-arte-y-diseno","tag-arte","tag-arte-y-diseno","tag-arts","tag-arts-and-design","tag-danadas","tag-design","tag-diseno","tag-entertainment","tag-entretenimiento","tag-es","tag-esculturas","tag-espana","tag-imagenes","tag-palencia","tag-spain"],"share_on_mastodon":{"url":"https:\/\/pubeurope.com\/@es\/117192084884952098","error":""},"_links":{"self":[{"href":"https:\/\/www.europesays.com\/es\/wp-json\/wp\/v2\/posts\/740910","targetHints":{"allow":["GET"]}}],"collection":[{"href":"https:\/\/www.europesays.com\/es\/wp-json\/wp\/v2\/posts"}],"about":[{"href":"https:\/\/www.europesays.com\/es\/wp-json\/wp\/v2\/types\/post"}],"author":[{"embeddable":true,"href":"https:\/\/www.europesays.com\/es\/wp-json\/wp\/v2\/users\/2"}],"replies":[{"embeddable":true,"href":"https:\/\/www.europesays.com\/es\/wp-json\/wp\/v2\/comments?post=740910"}],"version-history":[{"count":0,"href":"https:\/\/www.europesays.com\/es\/wp-json\/wp\/v2\/posts\/740910\/revisions"}],"wp:featuredmedia":[{"embeddable":true,"href":"https:\/\/www.europesays.com\/es\/wp-json\/wp\/v2\/media\/740911"}],"wp:attachment":[{"href":"https:\/\/www.europesays.com\/es\/wp-json\/wp\/v2\/media?parent=740910"}],"wp:term":[{"taxonomy":"category","embeddable":true,"href":"https:\/\/www.europesays.com\/es\/wp-json\/wp\/v2\/categories?post=740910"},{"taxonomy":"post_tag","embeddable":true,"href":"https:\/\/www.europesays.com\/es\/wp-json\/wp\/v2\/tags?post=740910"}],"curies":[{"name":"wp","href":"https:\/\/api.w.org\/{rel}","templated":true}]}}