{"id":740916,"date":"2026-08-31T20:55:17","date_gmt":"2026-08-31T20:55:17","guid":{"rendered":"https:\/\/www.europesays.com\/es\/740916\/"},"modified":"2026-08-31T20:55:17","modified_gmt":"2026-08-31T20:55:17","slug":"budimir-de-penalti-consolida-ante-el-getafe-el-buen-arranque-de-osasuna-futbol-deportes","status":"publish","type":"post","link":"https:\/\/www.europesays.com\/es\/740916\/","title":{"rendered":"Budimir, de penalti, consolida ante el Getafe el buen arranque de Osasuna | F\u00fatbol | Deportes"},"content":{"rendered":"<p class=\"\">Un gol de Ante Budimir de penalti decidi\u00f3 el Osasuna-Getafe de la tercera jornada de La Liga para poner al conjunto rojillo en puestos europeos y dejar al equipo madrile\u00f1o con una victoria y dos derrotas. El delantero de Osasuna desequilibr\u00f3 un encuentro parejo que no tuvo un due\u00f1o claro y que sit\u00faa al equipo de <a href=\"https:\/\/elpais.com\/deportes\/futbol\/2026-08-27\/osasuna-saca-redito-en-balaidos-de-la-inferioridad-numerica-del-celta.html\" target=\"_self\" rel=\"nofollow noopener\" title=\"https:\/\/elpais.com\/deportes\/futbol\/2026-08-27\/osasuna-saca-redito-en-balaidos-de-la-inferioridad-numerica-del-celta.html\">Luis Miguel Ramis <\/a>con 7 puntos y sin conocer la derrota, en un arranque de temporada s\u00f3lido con solo un gol encajado.<\/p>\n<p><img decoding=\"async\" fetchpriority=\"low\" title=\"Osasuna\" loading=\"lazy\" src=\"https:\/\/www.europesays.com\/es\/wp-content\/uploads\/2026\/08\/1788209716_5_13.png\"  width=\"80\" height=\"80\"\/><\/p>\n<p>1 <\/p>\n<p> Sergio Herrera, I\u00f1igo Arguibide, Alejandro Catena, Jorge Herrando (Enzo Boyomo, min. 38), Abel Bretones, Moi G\u00f3mez (Kike Barja, min. 76), Rub\u00e9n Garc\u00eda (Jonathan Dubasin, min. 45), Jon Moncayola, Aimar Oroz (Ra\u00fal Garc\u00eda, min. 70), Iker Mu\u00f1oz (Lucas Torr\u00f3, min. 70) y Ante Budimir <\/p>\n<p>0 <\/p>\n<p><img decoding=\"async\" fetchpriority=\"low\" title=\"Getafe\" loading=\"lazy\" src=\"https:\/\/www.europesays.com\/es\/wp-content\/uploads\/2026\/08\/1788209717_764_172.png\"  width=\"80\" height=\"80\"\/><\/p>\n<p> David Soria, Kiko Femen\u00eda, Djen\u00e9 Dakonam, Johan Mojica, Zaid Romero, Andr\u00e9s Garc\u00eda (Alberto Risco, min. 64), Orel Mangala, Ram\u00f3n Terrats, Francho Serrano (Nemanja Gudelj, min. 75), Mart\u00edn Satriano (Borja Mayoral, min. 85) y Enes \u00dcnal <\/p>\n<p><b>Goles<\/b> 1-0 min. 46: Ante Budimir <\/p>\n<p><b>Arbitro<\/b> Jon Ander Gonz\u00e1lez Esteban<\/p>\n<p>Tarjetas amarillas Jorge Herrando (min. 16), Djene (min. 44), Mojica (min. 57), Enes \u00dcnal (min. 59), Orel Mangala (min. 64), Iker Mu\u00f1oz (min. 66), Raul Garc\u00eda de Haro (min. 79), Herrera (min. 92), Kike Barja (min. 93) <\/p>\n<p class=\"\">El Getafe lo intent\u00f3 hasta el final, pero no logr\u00f3 desordenar al equipo local y crear el suficiente peligro para sumar en Pamplona. Tras 40 minutos de un partido sin due\u00f1o en el que ninguno de los dos equipos pudo dominar el choque, el \u00e1rbitro, tras revisi\u00f3n del VAR, se\u00f1al\u00f3 penalti por agarr\u00f3n de Djen\u00e9 sobre Budimir a la salida de un c\u00f3rner. El croata enga\u00f1\u00f3 a <a href=\"https:\/\/elpais.com\/deportes\/futbol\/2026-08-23\/david-soria-sostiene-al-getafe-y-enes-unal-acaba-con-el-racing.html\" target=\"_self\" rel=\"nofollow noopener\" title=\"https:\/\/elpais.com\/deportes\/futbol\/2026-08-23\/david-soria-sostiene-al-getafe-y-enes-unal-acaba-con-el-racing.html\">David Soria <\/a>y puso el 1-0 en el marcador.<\/p>\n<p class=\"\">Tras el descanso y la entrada de Dubasin en Osasuna, los rojillos trataron de estirar la banda derecha, pero fue el Getafe el que m\u00e1s se acerc\u00f3 en una jugada que termin\u00f3 en gol de Enes \u00dcnal tras un pase de Andr\u00e9s Garc\u00eda, que posteriormente fue anulado por fuera de juego del delantero turco. Los locales, en un bloque defensivo m\u00e1s bajo, se dedicaron a aguantar el empuje visitante. Tras los primeros minutos, el partido recuper\u00f3 la din\u00e1mica de la primera mitad en la que ambos equipos trataban de controlar, el Getafe con la necesidad del resultado en contra y Osasuna para cerrar el partido.<\/p>\n<p class=\"\">Ambos intercambiaron golpes. Los azulones tuvieron la ocasi\u00f3n m\u00e1s clara en la bota izquierda de Terrats cuando remat\u00f3 un centro al \u00e1rea. <a href=\"https:\/\/elpais.com\/deportes\/2022-02-05\/sergio-herrera-frustra-a-un-sevilla-decepcionante.html\" target=\"_self\" rel=\"nofollow noopener\" title=\"https:\/\/elpais.com\/deportes\/2022-02-05\/sergio-herrera-frustra-a-un-sevilla-decepcionante.html\">Fue Sergio Herrera <\/a>quien sac\u00f3 el disparo en la l\u00ednea de gol. Por parte de los de Ramis, Barja tuvo un disparo por encima de la porter\u00eda y un globo de Dubasin tambi\u00e9n sembr\u00f3 el peligro en la meta visitante. <\/p>\n<p class=\"\">Los cambios de ambos entrenadores no lograron cambiar el estilo de partido. Durante los minutos finales, el Getafe se volc\u00f3 a por el empate y encerr\u00f3 a Osasuna, que trat\u00f3 de sorprender al contraataque, sin eficacia.<\/p>\n","protected":false},"excerpt":{"rendered":"Un gol de Ante Budimir de penalti decidi\u00f3 el Osasuna-Getafe de la tercera jornada de La Liga para&hellip;\n","protected":false},"author":2,"featured_media":740917,"comment_status":"","ping_status":"","sticky":false,"template":"","format":"standard","meta":{"footnotes":""},"categories":[93],"tags":[7137,1540,168,927,27925,1539,25,24,282,1538,3303,24538,1210,16524,621,1945,23,167],"class_list":["post-740916","post","type-post","status-publish","format-standard","has-post-thumbnail","category-deportes","tag-budimir","tag-competiciones","tag-deportes","tag-deportistas","tag-el-sadar","tag-entrenadores","tag-es","tag-espana","tag-futbol","tag-futbolistas","tag-getafe-cf","tag-jose-bordalas","tag-laliga-ea-sports","tag-luis-miguel-ramis","tag-osasuna","tag-primera-division","tag-spain","tag-sports"],"share_on_mastodon":{"url":"https:\/\/pubeurope.com\/@es\/117192119363737970","error":""},"_links":{"self":[{"href":"https:\/\/www.europesays.com\/es\/wp-json\/wp\/v2\/posts\/740916","targetHints":{"allow":["GET"]}}],"collection":[{"href":"https:\/\/www.europesays.com\/es\/wp-json\/wp\/v2\/posts"}],"about":[{"href":"https:\/\/www.europesays.com\/es\/wp-json\/wp\/v2\/types\/post"}],"author":[{"embeddable":true,"href":"https:\/\/www.europesays.com\/es\/wp-json\/wp\/v2\/users\/2"}],"replies":[{"embeddable":true,"href":"https:\/\/www.europesays.com\/es\/wp-json\/wp\/v2\/comments?post=740916"}],"version-history":[{"count":0,"href":"https:\/\/www.europesays.com\/es\/wp-json\/wp\/v2\/posts\/740916\/revisions"}],"wp:featuredmedia":[{"embeddable":true,"href":"https:\/\/www.europesays.com\/es\/wp-json\/wp\/v2\/media\/740917"}],"wp:attachment":[{"href":"https:\/\/www.europesays.com\/es\/wp-json\/wp\/v2\/media?parent=740916"}],"wp:term":[{"taxonomy":"category","embeddable":true,"href":"https:\/\/www.europesays.com\/es\/wp-json\/wp\/v2\/categories?post=740916"},{"taxonomy":"post_tag","embeddable":true,"href":"https:\/\/www.europesays.com\/es\/wp-json\/wp\/v2\/tags?post=740916"}],"curies":[{"name":"wp","href":"https:\/\/api.w.org\/{rel}","templated":true}]}}