{"id":74093,"date":"2025-08-26T19:06:09","date_gmt":"2025-08-26T19:06:09","guid":{"rendered":"https:\/\/www.europesays.com\/es\/74093\/"},"modified":"2025-08-26T19:06:09","modified_gmt":"2025-08-26T19:06:09","slug":"las-torres-de-cotillas-disfruta-de-la-corrida-benefica-de-las-fiestas-patronales-a-favor-de-la-iglesia-de-nuestra-senora-de-la-salceda-las-torres-de-cotillas","status":"publish","type":"post","link":"https:\/\/www.europesays.com\/es\/74093\/","title":{"rendered":"Las Torres de Cotillas disfruta de la corrida ben\u00e9fica de las fiestas patronales a favor de la iglesia de Nuestra Se\u00f1ora de la Salceda &#8211; Las Torres de Cotillas"},"content":{"rendered":"<p>\t              <img decoding=\"async\" src=\"https:\/\/www.europesays.com\/es\/wp-content\/uploads\/2025\/08\/p_260820251705531.jpg\" alt=\"Las Torres de Cotillas disfruta de la corrida ben\u00e9fica de las fiestas patronales a favor de la iglesia de Nuestra Se\u00f1ora de la Salceda\" class=\"fotoportada\" width=\"160\" height=\"106,75\" itemprop=\"image\"\/><\/p>\n<p>Las fiestas patronales 2025 celebraron ayer domingo 24 de agosto una corrida de toros ben\u00e9fica a favor de la iglesia de Nuestra Se\u00f1ora de la Salceda, organizada por el Cabildo Superior de Cofrad\u00edas local. Una cita protagonizada en la plaza de toros port\u00e1til por el diestro torre\u00f1o Emilio Serna, que tore\u00f3 en solitario cuatro astados de ganader\u00edas portuguesas, donando sus honorarios para este festejo.<\/p>\n<p>Antes del pase\u00edllo, la academia de danza V\u00edctor Campos ofreci\u00f3 un espectacular baile con aires taurinos. Luego, la labor del diestro se sald\u00f3 en el primer astado con dos orejas, mientras que en la del segundo se llev\u00f3 la ovaci\u00f3n del p\u00fablico, en el tercero repiti\u00f3 las dos orejas y en el cuarto dos orejas y rabo.<\/p>\n<p>A este evento asistieron la presidenta del Cabildo, \u00c1ngeles Sola; la teniente de alcalde, Isabel Mar\u00eda Zapata; el concejal de Industria, Francisco Jos\u00e9 Torres; el concejal de Seguridad Ciudadana, Pablo Alberto Ruiz; la concejal de Servicios Sociales, M\u00aa Dolores S\u00e1nchez, y el p\u00e1rroco de Nuestra Se\u00f1ora de la Salceda, Antonio S\u00e1nchez.<\/p>\n<p>Entre otras autoridades, tambi\u00e9n estuvieron presentes el diputado de la Asamblea Regional de Murcia, Pascual salvador; el exvicepresidente de la Generalidad Valenciana y torero retirado, Jos\u00e9 Vicente Barrera, y el primer teniente de alcalde de Molina de segura, Antonio Mart\u00ednez.<\/p>\n<p>Este evento taurino contaba con la colaboraci\u00f3n del Ayuntamiento torre\u00f1o y el Gobierno regional, y destin\u00f3 su recaudaci\u00f3n a la conservaci\u00f3n y mejora del templo parroquial de la patrona del municipio.<\/p>\n","protected":false},"excerpt":{"rendered":"Las fiestas patronales 2025 celebraron ayer domingo 24 de agosto una corrida de toros ben\u00e9fica a favor de&hellip;\n","protected":false},"author":2,"featured_media":74094,"comment_status":"","ping_status":"","sticky":false,"template":"","format":"standard","meta":{"footnotes":""},"categories":[277],"tags":[517,373,15986,4995,168,2308,25,24,1667,20174,1478,28358,28359,23,167,374,28357],"class_list":{"0":"post-74093","1":"post","2":"type-post","3":"status-publish","4":"format-standard","5":"has-post-thumbnail","7":"category-toreo","8":"tag-actualidad","9":"tag-bullfighting","10":"tag-caravaca","11":"tag-cartagena","12":"tag-deportes","13":"tag-empresas","14":"tag-es","15":"tag-espana","16":"tag-informacion","17":"tag-lorca","18":"tag-murcia","19":"tag-noticias-de-la-region-de-murcia","20":"tag-noticias-de-murcia","21":"tag-spain","22":"tag-sports","23":"tag-toreo","24":"tag-yecla"},"share_on_mastodon":{"url":"","error":""},"_links":{"self":[{"href":"https:\/\/www.europesays.com\/es\/wp-json\/wp\/v2\/posts\/74093","targetHints":{"allow":["GET"]}}],"collection":[{"href":"https:\/\/www.europesays.com\/es\/wp-json\/wp\/v2\/posts"}],"about":[{"href":"https:\/\/www.europesays.com\/es\/wp-json\/wp\/v2\/types\/post"}],"author":[{"embeddable":true,"href":"https:\/\/www.europesays.com\/es\/wp-json\/wp\/v2\/users\/2"}],"replies":[{"embeddable":true,"href":"https:\/\/www.europesays.com\/es\/wp-json\/wp\/v2\/comments?post=74093"}],"version-history":[{"count":0,"href":"https:\/\/www.europesays.com\/es\/wp-json\/wp\/v2\/posts\/74093\/revisions"}],"wp:featuredmedia":[{"embeddable":true,"href":"https:\/\/www.europesays.com\/es\/wp-json\/wp\/v2\/media\/74094"}],"wp:attachment":[{"href":"https:\/\/www.europesays.com\/es\/wp-json\/wp\/v2\/media?parent=74093"}],"wp:term":[{"taxonomy":"category","embeddable":true,"href":"https:\/\/www.europesays.com\/es\/wp-json\/wp\/v2\/categories?post=74093"},{"taxonomy":"post_tag","embeddable":true,"href":"https:\/\/www.europesays.com\/es\/wp-json\/wp\/v2\/tags?post=74093"}],"curies":[{"name":"wp","href":"https:\/\/api.w.org\/{rel}","templated":true}]}}