{"id":740932,"date":"2026-08-31T21:06:20","date_gmt":"2026-08-31T21:06:20","guid":{"rendered":"https:\/\/www.europesays.com\/es\/740932\/"},"modified":"2026-08-31T21:06:20","modified_gmt":"2026-08-31T21:06:20","slug":"sergio-garcia-jugara-dos-torneos-consecutivos-del-dp-world-tour-por-primera-vez-desde-2021","status":"publish","type":"post","link":"https:\/\/www.europesays.com\/es\/740932\/","title":{"rendered":"Sergio Garc\u00eda jugar\u00e1 dos torneos consecutivos del DP World Tour por primera vez desde 2021"},"content":{"rendered":"<p>&#13;<br \/>\n        &#13;<br \/>\n&#13;<br \/>\n        &#13;<\/p>\n<p>            <a href=\"https:\/\/www.europesays.com\/es\/wp-content\/uploads\/2026\/08\/Omega-European-Masters-2019-_SDM3642.webp\" data-caption=\"Sergio Garc\u00eda. (\u00a9 Golffile | Stefano DiMaria)\"><img decoding=\"async\" loading=\"lazy\" width=\"1200\" height=\"800\" class=\"entry-thumb td-modal-image\" src=\"https:\/\/www.europesays.com\/es\/wp-content\/uploads\/2026\/08\/Omega-European-Masters-2019-_SDM3642.webp\" alt=\"\" title=\"Omega European Masters\"\/><\/a>Sergio Garc\u00eda. (\u00a9 Golffile | Stefano DiMaria)<\/p>\n<p>            Sergio Garc\u00eda va a jugar esta semana el Omega European Masters. Ha recibido una invitaci\u00f3n para disputar un torneo que ya gan\u00f3 all\u00e1 por el a\u00f1o 2005. No juega como antiguo campe\u00f3n o cualquier otra categor\u00eda del DP World Tour porque, como recordar\u00e1n, est\u00e1 suspendido p<\/p>\n<p>Para seguir leyendo, Suscr\u00edbete<\/p>\n<p>    Subscription OptionsMENSUAL<\/p>\n<p>Unlimited  Entradas<\/p>\n<p>Unlimited  Galer\u00edas<\/p>\n<p>Unlimited  \u00c1lbumes<\/p>\n<p>Unlimited  P\u00e1ginas<\/p>\n<p>ANUAL + LIBRO<\/p>\n<p>Unlimited  Entradas<\/p>\n<p>Unlimited  Galer\u00edas<\/p>\n<p>Unlimited  \u00c1lbumes<\/p>\n<p>Unlimited  P\u00e1ginas<\/p>\n<p>ANUAL<\/p>\n<p>Unlimited  Entradas<\/p>\n<p>Unlimited  Galer\u00edas<\/p>\n<p>Unlimited  \u00c1lbumes<\/p>\n<p>Unlimited  P\u00e1ginas<\/p>\n<p>    Recibe 30 mulligans para gastar en <a href=\"https:\/\/thegame.ten-golf.com\" target=\"_blank\" rel=\"nofollow noopener\">TheGame<\/a> junto a tu suscripci\u00f3n anual (al final de la temporada se quitar\u00e1n los mulligans no gastados)<\/p>\n<p>    Pincha <a href=\"https:\/\/ten-golf.com\/tengolf-pone-en-marcha-el-muro-de-pago-y-crea-el-club-tengolf\" target=\"_blank\" rel=\"nofollow noopener\">aqu\u00ed<\/a> para saber m\u00e1s sobre las distintas suscripciones<\/p>\n<p>        &#13;<br \/>\n&#13;<br \/>\n        &#13;<br \/>\n            &#13;<br \/>\n            &#13;<br \/>\n&#13;<\/p>\n<p class=\"join-telegram\"><img decoding=\"async\" class=\"loading\" src=\"https:\/\/www.europesays.com\/es\/wp-content\/uploads\/2026\/08\/1788210380_2_telegram-icon.png\" alt=\"\"\/> S\u00edguenos tambi\u00e9n en <a href=\"https:\/\/telegram.org\/\" target=\"_blank\" style=\"font-weight: normal;\" rel=\"nofollow noopener\">Telegram<\/a> en el canal <a href=\"https:\/\/t.me\/tengolf\" target=\"_blank\" rel=\"nofollow\">@tengolf<\/a><\/p>\n<p>        &#13;<br \/>\n        <a class=\"will-load\" name=\"end-article\" data-id=\"post-225511\"\/>&#13;<\/p>\n","protected":false},"excerpt":{"rendered":"&#13; &#13; &#13; &#13; Sergio Garc\u00eda. (\u00a9 Golffile | Stefano DiMaria) Sergio Garc\u00eda va a jugar esta semana&hellip;\n","protected":false},"author":2,"featured_media":740933,"comment_status":"","ping_status":"","sticky":false,"template":"","format":"standard","meta":{"footnotes":""},"categories":[275],"tags":[33227,6783,168,7316,25,24,329,336,29061,339,340,1909,1910,2625,23,167],"class_list":["post-740932","post","type-post","status-publish","format-standard","has-post-thumbnail","category-golf","tag-amgen-irish-open","tag-calendario","tag-deportes","tag-dp-world-tour","tag-es","tag-espana","tag-golf","tag-notificacion","tag-omega-european-masters","tag-portada-america","tag-portada-global","tag-portada-top","tag-portada-top-america","tag-sergio-garcia","tag-spain","tag-sports"],"share_on_mastodon":{"url":"https:\/\/pubeurope.com\/@es\/117192163751478732","error":""},"_links":{"self":[{"href":"https:\/\/www.europesays.com\/es\/wp-json\/wp\/v2\/posts\/740932","targetHints":{"allow":["GET"]}}],"collection":[{"href":"https:\/\/www.europesays.com\/es\/wp-json\/wp\/v2\/posts"}],"about":[{"href":"https:\/\/www.europesays.com\/es\/wp-json\/wp\/v2\/types\/post"}],"author":[{"embeddable":true,"href":"https:\/\/www.europesays.com\/es\/wp-json\/wp\/v2\/users\/2"}],"replies":[{"embeddable":true,"href":"https:\/\/www.europesays.com\/es\/wp-json\/wp\/v2\/comments?post=740932"}],"version-history":[{"count":0,"href":"https:\/\/www.europesays.com\/es\/wp-json\/wp\/v2\/posts\/740932\/revisions"}],"wp:featuredmedia":[{"embeddable":true,"href":"https:\/\/www.europesays.com\/es\/wp-json\/wp\/v2\/media\/740933"}],"wp:attachment":[{"href":"https:\/\/www.europesays.com\/es\/wp-json\/wp\/v2\/media?parent=740932"}],"wp:term":[{"taxonomy":"category","embeddable":true,"href":"https:\/\/www.europesays.com\/es\/wp-json\/wp\/v2\/categories?post=740932"},{"taxonomy":"post_tag","embeddable":true,"href":"https:\/\/www.europesays.com\/es\/wp-json\/wp\/v2\/tags?post=740932"}],"curies":[{"name":"wp","href":"https:\/\/api.w.org\/{rel}","templated":true}]}}