{"id":740936,"date":"2026-08-31T21:10:19","date_gmt":"2026-08-31T21:10:19","guid":{"rendered":"https:\/\/www.europesays.com\/es\/740936\/"},"modified":"2026-08-31T21:10:19","modified_gmt":"2026-08-31T21:10:19","slug":"el-fichaje-sorpresa-de-xevi-pujol-para-sekulic-en-el-barca-de-basket-185-puntos-de-media-por-partido","status":"publish","type":"post","link":"https:\/\/www.europesays.com\/es\/740936\/","title":{"rendered":"El fichaje sorpresa de Xevi Pujol para Sekulic en el Bar\u00e7a de basket: 18,5 puntos de media por partido"},"content":{"rendered":"<p>                <a href=\"https:\/\/cronicaglobal.elespanol.com\/culemania\/secciones\/\" class=\"kicker--section\" rel=\"nofollow noopener\" target=\"_blank\">Secciones<\/a><\/p>\n<p>\n    El t\u00e9cnico esloveno cuenta con un jugador muy vers\u00e1til que aportar\u00e1 muchos puntos y defensa en el equipo azulgrana\n<\/p>\n<p>    Noticias relacionadas<\/p>\n<p class=\"paragraph\" id=\"paragraph_1\"><a data-forcefollow=\"false\" data-sponsored=\"false\" href=\"https:\/\/cronicaglobal.elespanol.com\/culemania\/secciones\/20260830\/fichaje-barca-desconcertante-xevi-pujol-plantilla-sekulic\/1003742790395_0.html?utm_cmp_rs=linksinline\" target=\"_blank\" rel=\"nofollow noopener\">El Bar\u00e7a de basket <\/a>encara el curso 2026-27 con tanta ilusi\u00f3n como dudas.<strong> Xevi Pujol<\/strong>, el nuevo ide\u00f3logo de la secci\u00f3n, apost\u00f3 por la mayor revoluci\u00f3n de la historia de la secci\u00f3n, con 10 salidas y 11 altas. Todav\u00eda falta un p\u00edvot de primer nivel, pero el nuevo t\u00e9cnico, Aleksander Sekulic, contar\u00e1 con un equipo muy f\u00edsico, ideal para jugar un baloncesto muy r\u00e1pido, con jugadores contrastados y otros que tendr\u00e1n la gran oportunidad de reivindicarse en Europa. Una pieza muy importante, aunque tal vez poco espectacular, ser\u00e1 <strong>Olivier Nkamhoua.<\/strong><\/p>\n<p class=\"paragraph\" id=\"paragraph_2\"><a data-forcefollow=\"false\" data-sponsored=\"false\" href=\"https:\/\/cronicaglobal.elespanol.com\/culemania\/secciones\/20260820\/xevi-pujol-barca-basket-fichajes-futuro-estrella\/1003742788031_0.html?utm_cmp_rs=linksinline\" rel=\"noopener noreferrer nofollow\" target=\"_blank\">El Bar\u00e7a de basket<\/a><strong> <\/strong>ultima la configuraci\u00f3n de su nueva plantilla. El club ha cerrado ya 10 fichajes (<strong>J<\/strong><strong>ustin<\/strong><strong> <\/strong><strong>Robinson, Umoja Gibson, Agust\u00edn Ubal, Tyrese Martin, Stanley Umude,<\/strong><strong> <\/strong><strong>Olivier Nkamhoua, Tosan Evbuomwan, Josh Nebo, Olek Balcerowski y Yoan Makoundou<\/strong>) y ultima la contrataci\u00f3n de otro alero: Justin Minaha, de 27 a\u00f1os.<\/p>\n<p>Buenos n\u00fameros con Finlandia<\/p>\n<p class=\"paragraph\" id=\"paragraph_3\">Minaha, que ha disputado 57 partidos en la NBA, cuenta con la nacionalidad dominicana y no ocupar\u00e1 plaza de extracomunitario (s\u00ed lo son <strong>Justin Robinson<\/strong> y <strong>Tyrese Martin<\/strong>). El alero estadounidense destaca por su intensidad defensiva y puede anular a jugadores con un perfil muy diferente, desde bases a ala-p\u00edvots.<\/p>\n<p><img decoding=\"async\" alt=\"Olivier Nkamhoua, nuevo ala-p\u00edvot para el Bar\u00e7a de basket\" data-imgm=\"true\" height=\"960\" loading=\"lazy\"  src=\"https:\/\/www.europesays.com\/es\/wp-content\/uploads\/2026\/08\/h:960&#038;h=Pi11gprE.jpeg\"  width=\"1706\"\/><\/p>\n<p>                                                            Olivier Nkamhoua, nuevo ala-p\u00edvot para el Bar\u00e7a de basket<\/p>\n<p>                    FCB<\/p>\n<p class=\"paragraph\" id=\"paragraph_4\">En principio, Minaha debe ser un actor secundario. M\u00e1s protagonismo deber\u00eda tener <strong>Olivier Nkamhoua.<\/strong> El ala-p\u00edvot finland\u00e9s es un jugador con muy buena mano, que ha anotado 19 y 18 puntos en los dos \u00faltimos partidos con su selecci\u00f3n, contra Suecia y Estonia. Ante los estonios, Nkamhoua captur\u00f3 8 rebotes. Tambi\u00e9n destaca por su buena defensa.<\/p>\n<p>Fichaje planificado con tiempo<\/p>\n<p class=\"paragraph\" id=\"paragraph_5\">El fichaje de Nkamhoua fue uno de los primeros que cerr\u00f3 el Bar\u00e7a para iniciar un nuevo ciclo. <strong>Su contrataci\u00f3n fue liderada por Mario Bruno, entonces ayudante de Juan Carlos Navarro y ahora de Xevi Pujol<\/strong><strong>, <\/strong>el nuevo manager general. Incluso <strong>Xavi Pascual <\/strong>dio el visto bueno a dicha contrataci\u00f3n.<\/p>\n<p><img decoding=\"async\" alt=\"Olivier Nkamhoua\" data-imgm=\"true\" height=\"576\" loading=\"lazy\"  src=\"https:\/\/www.europesays.com\/es\/wp-content\/uploads\/2026\/08\/h:576&#038;h=cnSooI_6.jpeg\"  width=\"1024\"\/><\/p>\n<p class=\"paragraph\" id=\"paragraph_6\">El Bar\u00e7a de <strong>Sekulic <\/strong>ser\u00e1 un Bar\u00e7a mucho m\u00e1s din\u00e1mico, polivalente e intenso que el de<strong> Xavi Pascual. <\/strong>El t\u00e9cnico esloveno apuesta por un baloncesto ofensivo, con mucho ritmo, mucho menos elaborado que el del entrenador de Gav\u00e0. Y Nkamhoua es un jugador alto con buenos porcentajes de tiro, que puede jugar de alero y ala-p\u00edvot.<\/p>\n","protected":false},"excerpt":{"rendered":"Secciones El t\u00e9cnico esloveno cuenta con un jugador muy vers\u00e1til que aportar\u00e1 muchos puntos y defensa en el&hellip;\n","protected":false},"author":2,"featured_media":740937,"comment_status":"","ping_status":"","sticky":false,"template":"","format":"standard","meta":{"footnotes":""},"categories":[269],"tags":[299,298,168,25,24,4469,7342,4470,23,167],"class_list":["post-740936","post","type-post","status-publish","format-standard","has-post-thumbnail","category-baloncesto","tag-baloncesto","tag-basketball","tag-deportes","tag-es","tag-espana","tag-fcb-basket","tag-palau-blaugrana","tag-secciones","tag-spain","tag-sports"],"share_on_mastodon":{"url":"https:\/\/pubeurope.com\/@es\/117192179642622102","error":""},"_links":{"self":[{"href":"https:\/\/www.europesays.com\/es\/wp-json\/wp\/v2\/posts\/740936","targetHints":{"allow":["GET"]}}],"collection":[{"href":"https:\/\/www.europesays.com\/es\/wp-json\/wp\/v2\/posts"}],"about":[{"href":"https:\/\/www.europesays.com\/es\/wp-json\/wp\/v2\/types\/post"}],"author":[{"embeddable":true,"href":"https:\/\/www.europesays.com\/es\/wp-json\/wp\/v2\/users\/2"}],"replies":[{"embeddable":true,"href":"https:\/\/www.europesays.com\/es\/wp-json\/wp\/v2\/comments?post=740936"}],"version-history":[{"count":0,"href":"https:\/\/www.europesays.com\/es\/wp-json\/wp\/v2\/posts\/740936\/revisions"}],"wp:featuredmedia":[{"embeddable":true,"href":"https:\/\/www.europesays.com\/es\/wp-json\/wp\/v2\/media\/740937"}],"wp:attachment":[{"href":"https:\/\/www.europesays.com\/es\/wp-json\/wp\/v2\/media?parent=740936"}],"wp:term":[{"taxonomy":"category","embeddable":true,"href":"https:\/\/www.europesays.com\/es\/wp-json\/wp\/v2\/categories?post=740936"},{"taxonomy":"post_tag","embeddable":true,"href":"https:\/\/www.europesays.com\/es\/wp-json\/wp\/v2\/tags?post=740936"}],"curies":[{"name":"wp","href":"https:\/\/api.w.org\/{rel}","templated":true}]}}