{"id":740948,"date":"2026-08-31T21:24:11","date_gmt":"2026-08-31T21:24:11","guid":{"rendered":"https:\/\/www.europesays.com\/es\/740948\/"},"modified":"2026-08-31T21:24:11","modified_gmt":"2026-08-31T21:24:11","slug":"los-principales-riesgos-para-la-salud-visual-durante-las-fiestas","status":"publish","type":"post","link":"https:\/\/www.europesays.com\/es\/740948\/","title":{"rendered":"Los principales riesgos para la salud visual durante las fiestas"},"content":{"rendered":"<p>Verbenas, conciertos, ferias y celebraciones multitudinarias como las que se viven en distintas ciudades de Espa\u00f1a son sin\u00f3nimo de verano y de un evitable n\u00famero de accidentes que pueden afectar a la salud visual. Traumatismos o golpes en aglomeraciones, irritaciones e infecciones relacionadas con el agua o salpicaduras de alcohol en los ojos son &#8230;            &#13;\n        <\/p>\n<p class=\"MsoNormal\">Verbenas, conciertos, ferias y celebraciones multitudinarias&#13;<br \/>\ncomo las que se viven en distintas ciudades de Espa\u00f1a son sin\u00f3nimo de verano y&#13;<br \/>\nde un evitable n\u00famero de accidentes que pueden afectar a la salud visual.&#13;<br \/>\n<strong>Traumatismos o golpes en aglomeraciones, irritaciones <\/strong>e infecciones&#13;<br \/>\nrelacionadas con el agua o salpicaduras de alcohol en los ojos son algunos de&#13;<br \/>\nlos m\u00e1s habituales.<\/p>\n<p class=\"MsoNormal\">\u00abEn ambientes festivos con mucha gente y movimientos bruscos&#13;<br \/>\nes relativamente f\u00e1cil que un empuj\u00f3n, una ca\u00edda o un golpe accidental acabe&#13;<br \/>\nafectando la zona ocular\u00bb, explica el doctor <strong>Carlos Lisa, oftalm\u00f3logo del&#13;<br \/>\nInstituto Oftalmol\u00f3gico Fern\u00e1ndez-Vega.<\/strong> \u00abY, aunque a veces el da\u00f1o parezca&#13;<br \/>\nleve, un traumatismo ocular puede requerir valoraci\u00f3n urgente ya que puede&#13;<br \/>\ncausar lesiones internas que no siempre se ven a simple vista\u00bb.<\/p>\n<p class=\"MsoNormal\">Hay s\u00edntomas que deben tomarse especialmente en serio, \u00absi&#13;<br \/>\ntras un golpe aparece dolor intenso, p\u00e9rdida de visi\u00f3n, visi\u00f3n doble,&#13;<br \/>\ndestellos, un `velo&#8217;, o una deformidad evidente, conviene no esperar y acudir&#13;<br \/>\nal especialista lo antes posible. Adem\u00e1s, hay que recordar que, ante un golpe,&#13;<br \/>\nno debe presionarse ni frotarse el ojo, porque puede empeorar la lesi\u00f3n\u00bb,&#13;<br \/>\nadvierte el doctor.<\/p>\n<p class=\"MsoNormal\">El verano tambi\u00e9n implica m\u00e1s contacto con el agua, ya sea&#13;<br \/>\nen piscinas, mar o duchas, algo en lo que deben tener especial precauci\u00f3n&#13;<br \/>\naquellas personas que usan lentillas. El<strong> agua, incluida la del grifo<\/strong>, puede&#13;<br \/>\ncontener microorganismos que en contacto con las lentillas puede aumentar el&#13;<br \/>\nriesgo de infecciones oculares. \u00abEl problema no es solo la irritaci\u00f3n por cloro&#13;<br \/>\no sal, si se usan lentes de contacto en el agua, se incrementa el riesgo de&#13;<br \/>\ninfecci\u00f3n en la c\u00f3rnea, y algunas pueden ser graves si no se tratan a tiempo\u00bb,&#13;<br \/>\nadvierte el doctor.<\/p>\n<p class=\"MsoNormal\"><strong>\u00bfC\u00f3mo proteger los ojos este verano?<\/strong><\/p>\n<p class=\"MsoNormal\">El Dr. Lisa recuerda que muchos incidentes se pueden evitar&#13;<br \/>\ncon medidas sencillas como, por ejemplo, extremar la higiene de manos antes de&#13;<br \/>\ntocarse los ojos, evitar frotarlos tras el ba\u00f1o,<strong> usar gafas de nataci\u00f3n<\/strong> cuando&#13;<br \/>\nsea necesario y respetar las pautas de uso de las lentes de contacto,&#13;<br \/>\nespecialmente en ambientes acu\u00e1ticos.<\/p>\n<p class=\"MsoNormal\">\u00abAnte cualquier molestia ocular que no remita o que se&#13;<br \/>\nintensifique, se debe buscar valoraci\u00f3n profesional, ya que un diagn\u00f3stico&#13;<br \/>\nprecoz es determinante para evitar complicaciones. En especial,<strong> si se presentan&#13;<br \/>\ns\u00edntomas como dolor intenso,<\/strong> disminuci\u00f3n de visi\u00f3n, fotofobia marcada,&#13;<br \/>\nsensaci\u00f3n de cuerpo extra\u00f1o persistente, secreci\u00f3n o si la molestia aparece&#13;<br \/>\ntras un golpe o una salpicadura. En salud ocular, minutos u horas pueden marcar&#13;<br \/>\nla diferencia\u00bb, finaliza el doctor Lisa.<\/p>\n<p>        <\/p>\n","protected":false},"excerpt":{"rendered":"Verbenas, conciertos, ferias y celebraciones multitudinarias como las que se viven en distintas ciudades de Espa\u00f1a son sin\u00f3nimo&hellip;\n","protected":false},"author":2,"featured_media":740949,"comment_status":"","ping_status":"","sticky":false,"template":"","format":"standard","meta":{"footnotes":""},"categories":[92],"tags":[6384,22148,8638,907,29109,7291,25,24,6971,43,165,131498,40081,689,28624,7292,8832,2032,131497,18551,166,23,17400,5706,3352],"class_list":["post-740948","post","type-post","status-publish","format-standard","has-post-thumbnail","category-salud","tag-buscar","tag-complicaciones","tag-cualquier","tag-debe","tag-determinante","tag-diagnostico","tag-es","tag-espana","tag-evitar","tag-fiestas","tag-health","tag-intensifique","tag-molestia","tag-no","tag-ocular","tag-precoz","tag-principales","tag-profesional","tag-remita","tag-riesgos","tag-salud","tag-spain","tag-valoracion","tag-visual","tag-ya"],"share_on_mastodon":{"url":"https:\/\/pubeurope.com\/@es\/117192233070326298","error":""},"_links":{"self":[{"href":"https:\/\/www.europesays.com\/es\/wp-json\/wp\/v2\/posts\/740948","targetHints":{"allow":["GET"]}}],"collection":[{"href":"https:\/\/www.europesays.com\/es\/wp-json\/wp\/v2\/posts"}],"about":[{"href":"https:\/\/www.europesays.com\/es\/wp-json\/wp\/v2\/types\/post"}],"author":[{"embeddable":true,"href":"https:\/\/www.europesays.com\/es\/wp-json\/wp\/v2\/users\/2"}],"replies":[{"embeddable":true,"href":"https:\/\/www.europesays.com\/es\/wp-json\/wp\/v2\/comments?post=740948"}],"version-history":[{"count":0,"href":"https:\/\/www.europesays.com\/es\/wp-json\/wp\/v2\/posts\/740948\/revisions"}],"wp:featuredmedia":[{"embeddable":true,"href":"https:\/\/www.europesays.com\/es\/wp-json\/wp\/v2\/media\/740949"}],"wp:attachment":[{"href":"https:\/\/www.europesays.com\/es\/wp-json\/wp\/v2\/media?parent=740948"}],"wp:term":[{"taxonomy":"category","embeddable":true,"href":"https:\/\/www.europesays.com\/es\/wp-json\/wp\/v2\/categories?post=740948"},{"taxonomy":"post_tag","embeddable":true,"href":"https:\/\/www.europesays.com\/es\/wp-json\/wp\/v2\/tags?post=740948"}],"curies":[{"name":"wp","href":"https:\/\/api.w.org\/{rel}","templated":true}]}}