{"id":740952,"date":"2026-08-31T21:26:09","date_gmt":"2026-08-31T21:26:09","guid":{"rendered":"https:\/\/www.europesays.com\/es\/740952\/"},"modified":"2026-08-31T21:26:09","modified_gmt":"2026-08-31T21:26:09","slug":"asi-podria-lucir-el-iphone-20-de-apple-quizas-quieras-saltarte-el-iphone-18","status":"publish","type":"post","link":"https:\/\/www.europesays.com\/es\/740952\/","title":{"rendered":"As\u00ed podr\u00eda lucir el iPhone 20 de Apple, quiz\u00e1s quieras saltarte el iPhone 18"},"content":{"rendered":"<p>A pesar de que Jon Prosser se enfrenta a una <a data-external=\"1\" href=\"https:\/\/www.elnacional.cat\/es\/tecnologia\/apple-denuncia-al-insider-que-filtro-el-diseno-de-ios-26_1589915_102.html\" rel=\"nofollow noopener\" target=\"_blank\" title=\"demanda por parte de Apple\">demanda por parte de Apple<\/a>, eso no parece frenarle a la hora de filtrar los planes para los futuros iPhone. La informaci\u00f3n publicada en el canal de YouTube Front Page Tech muestra <strong>lo que ser\u00eda el iPhone 20 en lo que a dise\u00f1o se refiere<\/strong>. Se aprecia un cambio directo en el m\u00f3dulo de c\u00e1maras, que <strong>dejar\u00eda de lado la estructura cuadrada con disposici\u00f3n triangular<\/strong>. Un cambio exterior que recuerda directamente al iPhone X por el tipo de bordes.<\/p>\n<p>Seg\u00fan el v\u00eddeo, el iPhone 20 contar\u00eda con una franja horizontal para las c\u00e1maras, similar al estilo de Google, pero recordando ligeramente al dise\u00f1o del iPhone Air. De hecho, es probable que veamos un anticipo de este m\u00f3dulo en el nuevo modelo de segunda generaci\u00f3n, que considera\u00a0la inclusi\u00f3n de una segunda lente. Sin embargo, hay una apuesta interna que beneficiar\u00e1 claramente a los usuarios: <strong>el silicio-carbono es un aliado clave para las bater\u00edas, y Apple podr\u00eda apostar por fin por esta tecnolog\u00eda con el objetivo de lograr un dise\u00f1o m\u00e1s fino<\/strong>.<\/p>\n<p>El iPhone 20 deja ver su aspecto definitivo tras la filtraci\u00f3n de Jon Prosser<\/p>\n<p>&#13;<br \/>\n&#13;<br \/>\n&#13;<br \/>\nJon Prosser aconseja dejar pasar al iPhone 18 Pro e ir a por el iPhone 20&#13;<\/p>\n<p>Los bordes planos volver\u00edan a quedar atr\u00e1s, tal y como ocurri\u00f3 en etapas anteriores. Los rumores previos apuntaban a que este iPhone estar\u00eda fabricado mayoritariamente en cristal y con un bisel de pantalla m\u00e1s reducido, algo que se confirma en el v\u00eddeo del filtrador. <strong>Por su parte, el iPhone 20 Pro mantendr\u00eda la esencia del iPhone 17 Pro en lo relativo al m\u00f3dulo de c\u00e1mara ampliado<\/strong>, el esc\u00e1ner LiDAR y el flash LED. En lo relativo a la bater\u00eda, la filtraci\u00f3n es clara: incorporar\u00e1 silicio-carbono para ofrecer la m\u00e1xima autonom\u00eda posible, reduciendo al mismo tiempo el grosor. Hemos visto c\u00f3mo otros fabricantes de la competencia han sacado partido a esta tecnolog\u00eda hasta alcanzar los 10 000 mAh. Apple se quedar\u00e1 muy lejos de esas cifras en un futuro cercano, pero s\u00ed <strong>podr\u00e1 mantener la buena autonom\u00eda de sus modelos Pro Max ofreciendo un dispositivo m\u00e1s ligero<\/strong>.<\/p>\n<p>Aunque no se especifica la capacidad exacta de ninguno de los iPhone 20, el objetivo est\u00e1 claro: acercarse<strong>\u00a0lo m\u00e1ximo posible a los fabricantes chinos, que ya ofrecen los 7000 mAh como est\u00e1ndar<\/strong>. Para rematar la filtraci\u00f3n, el chip A21 Pro ser\u00eda el encargado de dar vida al iPhone 20 Pro. Fabricado por TSMC con un proceso de 2 nan\u00f3metros, Apple est\u00e1 a punto de hacer oficial esta arquitectura con los iPhone 18 Pro. El iPhone 20, por su parte, montar\u00eda una variante del chip est\u00e1ndar. <strong>Quedar\u00eda justo un a\u00f1o para ver estos dispositivos en el mercado, pero primero habr\u00e1 que esperar al iPhone 18 Pro y al iPhone Ultra<\/strong>. Parece casi seguro que los de Cupertino se saltar\u00e1n la generaci\u00f3n 19 para dar el salto directo al iPhone 20.<\/p>\n","protected":false},"excerpt":{"rendered":"A pesar de que Jon Prosser se enfrenta a una demanda por parte de Apple, eso no parece&hellip;\n","protected":false},"author":2,"featured_media":740953,"comment_status":"","ping_status":"","sticky":false,"template":"","format":"standard","meta":{"footnotes":""},"categories":[81],"tags":[119,123,124,25,24,117,121,122,23,118,120],"class_list":["post-740952","post","type-post","status-publish","format-standard","has-post-thumbnail","category-ciencia-y-tecnologia","tag-ciencia","tag-ciencia-y-tecnologia","tag-cienciaytecnologia","tag-es","tag-espana","tag-science","tag-science-and-technology","tag-scienceandtechnology","tag-spain","tag-technology","tag-tecnologia"],"share_on_mastodon":{"url":"https:\/\/pubeurope.com\/@es\/117192241429032721","error":""},"_links":{"self":[{"href":"https:\/\/www.europesays.com\/es\/wp-json\/wp\/v2\/posts\/740952","targetHints":{"allow":["GET"]}}],"collection":[{"href":"https:\/\/www.europesays.com\/es\/wp-json\/wp\/v2\/posts"}],"about":[{"href":"https:\/\/www.europesays.com\/es\/wp-json\/wp\/v2\/types\/post"}],"author":[{"embeddable":true,"href":"https:\/\/www.europesays.com\/es\/wp-json\/wp\/v2\/users\/2"}],"replies":[{"embeddable":true,"href":"https:\/\/www.europesays.com\/es\/wp-json\/wp\/v2\/comments?post=740952"}],"version-history":[{"count":0,"href":"https:\/\/www.europesays.com\/es\/wp-json\/wp\/v2\/posts\/740952\/revisions"}],"wp:featuredmedia":[{"embeddable":true,"href":"https:\/\/www.europesays.com\/es\/wp-json\/wp\/v2\/media\/740953"}],"wp:attachment":[{"href":"https:\/\/www.europesays.com\/es\/wp-json\/wp\/v2\/media?parent=740952"}],"wp:term":[{"taxonomy":"category","embeddable":true,"href":"https:\/\/www.europesays.com\/es\/wp-json\/wp\/v2\/categories?post=740952"},{"taxonomy":"post_tag","embeddable":true,"href":"https:\/\/www.europesays.com\/es\/wp-json\/wp\/v2\/tags?post=740952"}],"curies":[{"name":"wp","href":"https:\/\/api.w.org\/{rel}","templated":true}]}}