{"id":740958,"date":"2026-08-31T21:29:28","date_gmt":"2026-08-31T21:29:28","guid":{"rendered":"https:\/\/www.europesays.com\/es\/740958\/"},"modified":"2026-08-31T21:29:28","modified_gmt":"2026-08-31T21:29:28","slug":"recorre-140-kilometros-tras-olvidar-en-un-descuido-a-su-hijo-de-10-anos-en-una-gasolinera-de-caceres-la-voz-de-galicia","status":"publish","type":"post","link":"https:\/\/www.europesays.com\/es\/740958\/","title":{"rendered":"Recorre 140 kil\u00f3metros tras olvidar en un descuido a su hijo de 10 a\u00f1os en una gasolinera de C\u00e1ceres &#8211; La Voz de Galicia"},"content":{"rendered":"<ol>\n<li><a href=\"https:\/\/news.google.com\/rss\/articles\/CBMi8gFBVV95cUxOeDJVbDlQLVJTcmJXRlR4bE5MR3F4MlVkd0JqdlVKelFBWUFGS2hYOHFKYXZaZXJOSkhzTVh1cEhRb0ZpbTJrdTBGOERYazFtUl9BOW9ibXktbnNoeW51RGpTSVd2RWladzFtT3hJMnFoZHVYVjVyYS1IR1J2R3RKa285MWZLYS1Ydmx6b0lDejhtaHdoTWNTQ2NJVWY4VEdraUxpRFdXakZvaFQtcmgza2x4Y2NEdTU3eFY4QUJzWGVlUm5fZWNpYUV2VzVfdTkyR2xjeE81bEVTaFpFYW5Cc1B2czBJbDB3WUVEQjliS1RNd9IBjgJBVV95cUxOTlRfMzAzcjZxOWNjYnFvcnRhTzNrdjJKOE12TlByLXp1VHlscy0zOUZGMzhkb2lDZXYtakhpUml3dlZld3gtdkNQSTZJaTRCNFVqMUJQNGtzcTZJNFlreHFxMFRMUkFKYWNpOHJaZVJ6QmVfbHZxTWZSTWtXWWcyOU9BT1h4QkIzakRzZUNvNDlRVERUdXlRVFJkQTl0UWJBbkQwZ1I4Nm96UzdFMHBoTE5mX0dyNWZ5bzQ2WUFhdGxBV3M4NVZHcWYwVFVhTHd1MjQ4ZFlvSWNhdnZzb3lRN0lWNjNSTVBJd3R2YUtWenFCTktDa1JuWktmdHAxUXhCdGgtVWtUMTlFbG81Unc?oc=5\" target=\"_blank\" rel=\"nofollow noopener\">Recorre 140 kil\u00f3metros tras olvidar en un descuido a su hijo de 10 a\u00f1os en una gasolinera de C\u00e1ceres<\/a>&nbsp;&nbsp;La Voz de Galicia<\/li>\n<li><a href=\"https:\/\/news.google.com\/rss\/articles\/CBMiigFBVV95cUxQWVRsM2djRXVGY2FiZ3IyQ0lKUXJyQWVlOGhoRldIVW5sZ2Q3Ylpaak1CZ3BEWFRBamtmNnVxdm15RUY3dTluTUF3VkNhOXg2TlRlTU1SXzRlOGZ2RkVYcTQ3bTJRRjFPVDdYVWZWamEzeXVkdS1zNHhKanpjZklXRXdHNVhRYktsZlHSAYoBQVVfeXFMT3VjTEtkdGNDWm1fTjZTUjVkRV92b3pSVERPMUhkRHRteTRpTDZ6T2cyMUVhYm1FYTYyX3FkcGxqdjJNNEZnY1Fod0UzbWVBTHdseHMzbnFvQm52TVYtVG9XVFRCM3ZHdUY3MDRpaVJIdnhKdGhFTktnNlFtUnhURjBfRjhFU3hQUFZ3?oc=5\" target=\"_blank\" rel=\"nofollow noopener\">Un padre conduce 140 km hasta que la Guardia Civil le alerta de que su hijo de diez a\u00f1os se le ha olvidado en una gasolinera de C\u00e1ceres<\/a>&nbsp;&nbsp;El Mundo<\/li>\n<li><a href=\"https:\/\/news.google.com\/rss\/articles\/CBMiiwJBVV95cUxQeVdrZ08xN2ZKNGxnMy0wbGZZU2U4aXBxc2RFNGttUXpxeXMxYlFoVHg5VmRmTVlqaHNSQW50eHlucG0zS3VYZlRZdlRnLTFmSlhMeXlUcmg5R3hSMW5OSHQ5amUxTmpCVmN6LWxkZE43Y3NZTFpjOTBiTmZkYUxadE1JaEZSai1paVRjZnM2a0RjeVVGZmVMRnNuTkhmWFAyQXBYUTNEU0EtSHhkZGVsT2lScUdMd0RERDZCZ2l2dndVdXF6eW1jOHJrT2U2Tzl0b01iZ0hpUmtXdkkzYTJ1YTVjSjhOTk5LYTdDM1c0V1hMZU1OTkhrTTFCX3NleUU3UEM0anA2LWN6YzDSAYsCQVVfeXFMT1dOMTNaZWdZTWxWaUthRTZCU245UlRsYTBOVU0xMjMtMlEtbUxGcjBXdTVQRnEyamlkZzJEakw2RHM4eDFNUGhsTjBkc3ludFhYQmxKVkFzMy1ma2JFcWxoU2lCZTdNMk9iMEk2QUh3OF9ESE5lQlJwY2hqMmV6Z1F3N0ZSZG1jZlBKWnYwWGQ4enFycGdxTFdkeGgxYnYzYm5GV1dUWWJhOEJfZl9ickJRSnljRi1fWEhTVV92Zl9nTldLeGw1OFpSTmk3bVhMOHJickxkTkpUdXp4TVQ1ODRpdWlnT0UxUGZiWWZJWmxjenBXbVk2RTBuOHRMTk1OeVI0LUNzbXFmWnJJ?oc=5\" target=\"_blank\" rel=\"nofollow noopener\">Un padre olvida a su hijo de diez a\u00f1os en una gasolinera de C\u00e1ceres y se da cuenta 140 kil\u00f3metros despu\u00e9s cuando se dirig\u00eda a B\u00e9lgica<\/a>&nbsp;&nbsp;LaSexta<\/li>\n<li><a href=\"https:\/\/news.google.com\/rss\/articles\/CBMi8gFBVV95cUxNTjdRUDhMY3F6TVZzbkFIQk9FTnJFb1NOQloyMll5aDJxci1OOEdzVU5YOHNSU1UxUTVrc0pibGtvNDRrSVE2WmxzNEVTUEVDRWNFWlJiVG1Za2ZKajJxNXctajVsM1VvbHQtVHlaWnlMdGFfME5sZHFUbVpzaEdwVjY1ZFJoV2twZTdqRlcwRE10RVpuQVlJbXNfblNQMU9DcGJZaTF2bzdNeDlLUHF2VG51di1PT2k2anQ0RzJyMGxNRXB3ZmRFOFdLXzJMbTBKMmQwcEh6UXpaTnl1TzZSUks3RDRGNi16UWpobEZCbzBfZw?oc=5\" target=\"_blank\" rel=\"nofollow noopener\">El trabajador de la gasolinera de C\u00e1ceres que encontr\u00f3 al ni\u00f1o olvidado por su padre: \u00abEstaba desesperado y llorando\u00bb<\/a>&nbsp;&nbsp;Telecinco<\/li>\n<li><a href=\"https:\/\/news.google.com\/rss\/articles\/CBMi1AFBVV95cUxPanFjcE1sMktSMTNLMmFJdC14S2hmN1ZFbENnbHcxUUJhYW5nWm02RHI1T1QzSGtmdjZ2eE15d19aRU5MZkdIOFBVN0c2bDJKYmtoMDk5dzc2WGNCYTlZNlBZaDZDOEdOeGxSMHlDdGVOcWdTeVdJZ3BmQ2VWcG9qOU1WUHNmS1BLWDI0S0VfaDNtVlVMWWtEM3ZnM2NkRmpNQ19oN19keU9yMkdSTzBmTTJKckhDSVVRS2ZBcUxULTlhcVAya0xCMXpPRjEzSVQzV2FictIB2gFBVV95cUxQa25MWjNqT1lYTUFYZ0hkWnZfWklkNXhUd3JTZURjVnQzWUZjaWY3VGtzdm02WlVWc0tQYWNyMHdjMHF4dFV4ZHoxR20tRkZSdW1TN2N3OVR5NnREWEk0WWZRNnQxRmdPSHpiNTV5YUo4Y1lNU2R3VW42U1gzRllzb0tDRkp0dGlVTTFjZzZGckRSbUFMaVB2OExzTWZMY0NHVW5xczMxRG5yVUxmblZydWI1amRwc3U4c1pDYVNxbGxDV0pMNmJabjRsdTFKSjFWejZjSG1pOExKdw?oc=5\" target=\"_blank\" rel=\"nofollow noopener\">Un padre olvida a su hijo de 10 a\u00f1os en una gasolinera de C\u00e1ceres y se da cuenta tras conducir 140 kil\u00f3metros<\/a>&nbsp;&nbsp;El Espa\u00f1ol<\/li>\n<\/ol>\n","protected":false},"excerpt":{"rendered":"Recorre 140 kil\u00f3metros tras olvidar en un descuido a su hijo de 10 a\u00f1os en una gasolinera de&hellip;\n","protected":false},"author":2,"featured_media":740959,"comment_status":"","ping_status":"","sticky":false,"template":"","format":"standard","meta":{"footnotes":""},"categories":[8],"tags":[90080,17,18,3975,25,24,7234,13,14,1160,11,19,20,9,10,15,16,23,12,21,22],"class_list":["post-740958","post","type-post","status-publish","format-standard","has-post-thumbnail","category-espana","tag-a-6","tag-breaking-news","tag-breakingnews","tag-caceres","tag-es","tag-espana","tag-extremadura","tag-featured-news","tag-featurednews","tag-guardia-civil","tag-headlines","tag-latest-news","tag-latestnews","tag-news","tag-noticias","tag-noticias-destacadas","tag-noticiasdestacadas","tag-spain","tag-titulares","tag-ultimas-noticias","tag-ultimasnoticias"],"share_on_mastodon":{"url":"https:\/\/pubeurope.com\/@es\/117192252845070922","error":""},"_links":{"self":[{"href":"https:\/\/www.europesays.com\/es\/wp-json\/wp\/v2\/posts\/740958","targetHints":{"allow":["GET"]}}],"collection":[{"href":"https:\/\/www.europesays.com\/es\/wp-json\/wp\/v2\/posts"}],"about":[{"href":"https:\/\/www.europesays.com\/es\/wp-json\/wp\/v2\/types\/post"}],"author":[{"embeddable":true,"href":"https:\/\/www.europesays.com\/es\/wp-json\/wp\/v2\/users\/2"}],"replies":[{"embeddable":true,"href":"https:\/\/www.europesays.com\/es\/wp-json\/wp\/v2\/comments?post=740958"}],"version-history":[{"count":0,"href":"https:\/\/www.europesays.com\/es\/wp-json\/wp\/v2\/posts\/740958\/revisions"}],"wp:featuredmedia":[{"embeddable":true,"href":"https:\/\/www.europesays.com\/es\/wp-json\/wp\/v2\/media\/740959"}],"wp:attachment":[{"href":"https:\/\/www.europesays.com\/es\/wp-json\/wp\/v2\/media?parent=740958"}],"wp:term":[{"taxonomy":"category","embeddable":true,"href":"https:\/\/www.europesays.com\/es\/wp-json\/wp\/v2\/categories?post=740958"},{"taxonomy":"post_tag","embeddable":true,"href":"https:\/\/www.europesays.com\/es\/wp-json\/wp\/v2\/tags?post=740958"}],"curies":[{"name":"wp","href":"https:\/\/api.w.org\/{rel}","templated":true}]}}