{"id":740962,"date":"2026-08-31T21:34:12","date_gmt":"2026-08-31T21:34:12","guid":{"rendered":"https:\/\/www.europesays.com\/es\/740962\/"},"modified":"2026-08-31T21:34:12","modified_gmt":"2026-08-31T21:34:12","slug":"liv-golf-planea-declararse-en-quiebra-de-forma-inminente-expansion","status":"publish","type":"post","link":"https:\/\/www.europesays.com\/es\/740962\/","title":{"rendered":"LIV Golf planea declararse en quiebra de forma inminente &#8211; Expansi\u00f3n"},"content":{"rendered":"<ol>\n<li><a href=\"https:\/\/news.google.com\/rss\/articles\/CBMilgFBVV95cUxPQlNfWmN4bEpieHp2Q3ZoT3JtOTQ2dnNVRXFuWkZKQVk4S1hQNENSUDJscFBNRGxDWkRrV3c3SG9tS1ZFSUxfeGJYTlRNUVRkdW80T0RkdzQwclhNOG1DS2t0RE5fOG4wQ1d4dW9jSkNYVG1sUkJncldiYUNEcFI3WjNPb2JibHpNVGQ2WlZ5VlY1S19BcUHSAZYBQVVfeXFMT3RWc3UxSGlxR3k2WjVYV29pZ29QLVhGV1g1bXJySFNmeGdkWFFuMVRUYmdBWWN4VEpzR2djbVd2ZFBrTk1leU1QNXpiQV8xWnN5VnYxeHhvWnNfYjJpaHkwS0FMb19RTF9aS2ViekxsVjI2ZmJjaEFhZjR6ZGI2TE1WSGRBZ2lEMnVjTXRHd3pJZS01TTl3?oc=5\" target=\"_blank\" rel=\"nofollow noopener\">LIV Golf planea declararse en quiebra de forma inminente<\/a>&nbsp;&nbsp;Expansi\u00f3n<\/li>\n<li><a href=\"https:\/\/news.google.com\/rss\/articles\/CBMiqwFBVV95cUxOQ0tWWlM2ZkJRS3R4eHlMcm5GcTI1eXd1dEc2M1NuR2YzNUEwenVmenRsZk1RamR2TVBDNlh5T2NVQ1pka1pYSUNlRWVrdFNTN1VSU3A1VDVMM3Y2UElESnhEcTV4ZkROMzhBV3JiU1EydXc4YjBQVUZJdUxScUh6WkVXRzNIUHlWMlZYNXpMdFRuQmFramJmdFJaQm5UOEhxOG90MFoyR3kzb3M?oc=5\" target=\"_blank\" rel=\"nofollow noopener\">El sue\u00f1o saud\u00ed de revolucionar el golf se asoma al precipicio por falta de financiaci\u00f3n<\/a>&nbsp;&nbsp;El Confidencial<\/li>\n<li><a href=\"https:\/\/news.google.com\/rss\/articles\/CBMisAFBVV95cUxNMGZCeDdMX2RGU3lWM2FlcjBhTVpfcHpPaWhLMkpNZ0NjeEZObkpUbDE0SUtxaWE0cDhGN05Jb1l1MU1qSkc1aEhuSFpJbXY2RGpkSVl2UDhpLTlhT3dPa0pNOEJPcXdVSU96enRxLU9HcXN3anRtVWpLZ28wS25Lb0gxN0lNeFJSSGpveS1tUWFWbjBweWVTbUZUZmVCSlR6WmdqcHdZbkxPc0ZaUktXMtIBsAFBVV95cUxNZWVvVnUzQ2hBYkxWSTFXVTBhejd0RV9KaDVzZktWaHpCd1VnUFYtRXhjQTlmMFQ3M1IybmM4azI1ZlBWeGVHaHQ1UWFNSHM1Q1ZrazJCLXlUd0pXU3ZET3FRNFRDa00tRVh2d2lQeV9wTWxLLXhuMWdnaHROSmZWYXlVamdEMnlKVVBGdlpacVFnLUgxdmg5Tno4bWIzWVZhMmhraEJXOF9aX0JpYWlxYw?oc=5\" target=\"_blank\" rel=\"nofollow noopener\">LIV Golf ofrece quitas a los jugadores y camina hacia el concurso de acreedores<\/a>&nbsp;&nbsp;MARCA<\/li>\n<li><a href=\"https:\/\/news.google.com\/rss\/articles\/CBMikAJBVV95cUxOZXgyTkJic1YzbkRjUWpjSGF0azhMbzlxYnhsTUJEeG9nSVdtVGhFbTJTYXVBMENpcWZoUFlXSFlXTEVyRE43U0FUcjBkd0NxRHRhVUtCVnM5Y19oc0UwQW9fWHNsTmRMa2RObE82YXVIZ2JmNURmNUVkcFNieEotTTRMM3BITFdnVm5Cd1JoVHB1MDRSRjVrUW5SMzZnMVZWSTk3UXFQUWx0YmpLRjg4NGV5T1hjcDJfQUJ1cUJTekdaVjRXbjlfbDFhVzNPQTZjTXB5Nm9TM3k4UGFZWE5wcjRpT3F1R3FvRTJmRWNUclVMUFpjYmQ2VnRWeG1famlheUVQQ2t5ZVc3UnMtSk45Qw?oc=5\" target=\"_blank\" rel=\"nofollow noopener\">Arabia Saud\u00ed fracasa en su conquista del golf: la quiebra de su torneo saca las costuras de sus inversiones deportivas<\/a>&nbsp;&nbsp;El Economista<\/li>\n<li><a href=\"https:\/\/news.google.com\/rss\/articles\/CBMipAFBVV95cUxQdjhaQjRuRGh3Qk1sOUdkeVVlNkpYa1c5dm1XVGdVSlpfeVRRMUVBTVVNbWxOQVpuS3BtS3ZkV3RQcmxvRjg3cVZ1WXIxbUJ6UU85RWNsMFRyMWVRaEJGT2RCRDc2enA1ZFdKVXdxOE5mOXVGTG1oWXpTWE1PQlM0SmZ2X1dqTUY1S3JmRUVlQ2RaRVoyWUhvajk2OUVVQW9lNDFkdg?oc=5\" target=\"_blank\" rel=\"nofollow noopener\">LIV Golf se encamina hacia la quiebra: Rahm, cada vez m\u00e1s lejos de la liga<\/a>&nbsp;&nbsp;El Correo<\/li>\n<\/ol>\n","protected":false},"excerpt":{"rendered":"LIV Golf planea declararse en quiebra de forma inminente&nbsp;&nbsp;Expansi\u00f3n El sue\u00f1o saud\u00ed de revolucionar el golf se asoma&hellip;\n","protected":false},"author":2,"featured_media":740963,"comment_status":"","ping_status":"","sticky":false,"template":"","format":"standard","meta":{"footnotes":""},"categories":[275],"tags":[168,28584,25,24,19613,329,84640,23,167],"class_list":["post-740962","post","type-post","status-publish","format-standard","has-post-thumbnail","category-golf","tag-deportes","tag-economia-financial-times","tag-es","tag-espana","tag-financial-times","tag-golf","tag-nec","tag-spain","tag-sports"],"share_on_mastodon":{"url":"https:\/\/pubeurope.com\/@es\/117192272493546918","error":""},"_links":{"self":[{"href":"https:\/\/www.europesays.com\/es\/wp-json\/wp\/v2\/posts\/740962","targetHints":{"allow":["GET"]}}],"collection":[{"href":"https:\/\/www.europesays.com\/es\/wp-json\/wp\/v2\/posts"}],"about":[{"href":"https:\/\/www.europesays.com\/es\/wp-json\/wp\/v2\/types\/post"}],"author":[{"embeddable":true,"href":"https:\/\/www.europesays.com\/es\/wp-json\/wp\/v2\/users\/2"}],"replies":[{"embeddable":true,"href":"https:\/\/www.europesays.com\/es\/wp-json\/wp\/v2\/comments?post=740962"}],"version-history":[{"count":0,"href":"https:\/\/www.europesays.com\/es\/wp-json\/wp\/v2\/posts\/740962\/revisions"}],"wp:featuredmedia":[{"embeddable":true,"href":"https:\/\/www.europesays.com\/es\/wp-json\/wp\/v2\/media\/740963"}],"wp:attachment":[{"href":"https:\/\/www.europesays.com\/es\/wp-json\/wp\/v2\/media?parent=740962"}],"wp:term":[{"taxonomy":"category","embeddable":true,"href":"https:\/\/www.europesays.com\/es\/wp-json\/wp\/v2\/categories?post=740962"},{"taxonomy":"post_tag","embeddable":true,"href":"https:\/\/www.europesays.com\/es\/wp-json\/wp\/v2\/tags?post=740962"}],"curies":[{"name":"wp","href":"https:\/\/api.w.org\/{rel}","templated":true}]}}