{"id":741000,"date":"2026-08-31T22:03:20","date_gmt":"2026-08-31T22:03:20","guid":{"rendered":"https:\/\/www.europesays.com\/es\/741000\/"},"modified":"2026-08-31T22:03:20","modified_gmt":"2026-08-31T22:03:20","slug":"lucas-andy-y-lucas-nos-cuenta-los-detalles-sobre-su-nueva-nariz-se-me-cayeron-dos-lagrimas-cuando-la-vi-vuelvo-a-ser-yo","status":"publish","type":"post","link":"https:\/\/www.europesays.com\/es\/741000\/","title":{"rendered":"Lucas (Andy y Lucas) nos cuenta los detalles sobre su nueva nariz: \u00abSe me cayeron dos l\u00e1grimas cuando la vi, vuelvo a ser yo\u00bb"},"content":{"rendered":"<p><img loading=\"lazy\" decoding=\"async\" src=\"https:\/\/www.europesays.com\/es\/wp-content\/uploads\/2026\/08\/1788213800_385_cortazar-beatriz.jpg\" itemtype=\"\/\/schema.org\/ImageObject\" itemprop=\"url\" alt=\"Beatriz Cort\u00e1zar\" width=\"64\" height=\"64\" pinger-seen=\"true\"\/><\/p>\n<p>Una de las im\u00e1genes m\u00e1s esperadas de estas \u00faltimas semanas <a href=\"https:\/\/www.eleconomista.es\/informalia\/famosos\/noticias\/14010900\/08\/26\/lucas-andy-y-lucas-ya-no-esconde-su-nueva-nariz-el-resultado-es-fantastico-casi-increible.html\" title=\"Lucas (Andy y Lucas) ya no esconde su nueva nariz: &quot;El resultado es fant\u00e1stico, casi incre\u00edble&quot;\" rel=\"nofollow noopener\" target=\"_blank\">era la del cantante Lucas y su nueva nariz<\/a> tras pasar una vez m\u00e1s por un quir\u00f3fano, aunque en esta ocasi\u00f3n en Turqu\u00eda. A la vista de que en Espa\u00f1a ning\u00fan m\u00e9dico se atrev\u00eda a volver a tocar esa nariz, <b>Lucas busc\u00f3 y rebusc\u00f3 hasta que di\u00f3 a parar con un m\u00e9dico turco <\/b>que le aseguro Iba a solucionar el estropicio que le hab\u00edan hecho.<\/p>\n<p><b>Acompa\u00f1ado tambi\u00e9n de una doctora catalana<\/b> (o m\u00e1s bien asesorado), el que fuera integrante del d\u00fao Andy y Lucas viaj\u00f3 a primeros de verano a Turqu\u00eda y ah\u00ed se someti\u00f3 a esta complicad\u00edsima intervenci\u00f3n. En la tarde de este lunes, el programa Y ahora Sonsoles ha emitido las primeras im\u00e1genes del resultado de esa operaci\u00f3n<a href=\"https:\/\/www.eleconomista.es\/informalia\/famosos\/noticias\/14010900\/08\/26\/lucas-andy-y-lucas-ya-no-esconde-su-nueva-nariz-el-resultado-es-fantastico-casi-increible.html\" title=\"Lucas (Andy y Lucas) ya no esconde su nueva nariz: &quot;El resultado es fant\u00e1stico, casi incre\u00edble&quot;\" rel=\"nofollow noopener\" target=\"_blank\">y la verdad es que no puede ser m\u00e1s exitoso<\/a>.<\/p>\n<p>Lucas est\u00e1 incre\u00edble con su nueva nariz y ahora se entiende la alegr\u00eda que ten\u00eda Cuando hace pocas semanas. Hablamos con \u00e9l tambi\u00e9n para estas mismas p\u00e1ginas y nos cont\u00f3 que estaba muy contento. <b>\u00abTodav\u00eda estoy muy inflamado. Evidentemente me hubiera gustado que no se me hubiera visto mi nueva nariz <\/b>hasta que pase un tiempo pero qu\u00e9 te voy a decir. La prensa is enter\u00e1is de todo. Estoy feliz. Con este doctor Me ha ca\u00eddo un \u00e1ngel del cielo. Cuando me quitaron el vendaje me qued\u00e9 impactado. Volv\u00eda a ser yo\u00bb, me asegura muy emocionado y tambi\u00e9n sorprendido por c\u00f3mo han conseguido dar con su paradero.<\/p>\n<p><b>Lucas tiene que seguir en Turqu\u00eda porque quiere hacer las cosas perfectamente bien y sabe que el tiempo va a su favor<\/b>. Tambi\u00e9n es consciente que los cuidados en estas primeras semanas son muy Importantes y por eso acata toda la medicaci\u00f3n que le han recetado, as\u00ed como los pasos que hay que dar para que esa nariz nueva y todav\u00eda inflamada deje de ser una preocupaci\u00f3n. Lucas, ahora mismo lleva unos retenedores que tendr\u00e1 que \u00abtener al menos seis semanas m\u00e1s\u00bb y que son necesarios para que todo vuelva a funcionar perfectamente. Es verdad que, como me repite, hubiera deseado ense\u00f1ar \u00e9l mismo su nueva nariz cuando pase un poco m\u00e1s de tiempo, pero la fama es lo que tiene y en cuanto le han visto por las calles de Turqu\u00eda han aparecido esas im\u00e1genes.<\/p>\n<p>En cuanto todo se asiente y los m\u00e9dicos se lo permitan, Lucas posar\u00e1 orgulloso con su nueva nariz y contar\u00e1 al detalle c\u00f3mo ha sido un proceso que le ha hecho verter amargas l\u00e1grimas de impotencia y sufrir los ataques m\u00e1s virulentos de las haters de las redes sociales. \u00abLa verdad es que el m\u00e9dico me ha dejado incre\u00edble. Cuando me volv\u00ed a ver, me saltaron dos l\u00e1grimas porque no me lo pod\u00eda creer. <b>Me ha ca\u00eddo un \u00e1ngel del cielo<\/b>. Estoy muy feliz porque pens\u00e9 que ya nunca iba a poder recuperar mi f\u00edsico\u00bb, me confiesa un Lucas, que est\u00e1 entre sorprendido y emocionado ahora que encima empieza a recibir mensajes de felicitaci\u00f3n una vez se ha conocido su nuevo perfil.<\/p>\n<p>WhatsApp<a href=\"https:\/\/api.whatsapp.com\/send?text=https:\/\/www.eleconomista.es\/informalia\/famosos\/noticias\/14010924\/08\/26\/lucas-andy-y-lucas-nos-cuenta-los-detalles-sobre-su-nueva-nariz-se-me-cayeron-dos-lagrimas-cuando-la-vi-vuelvo-a-ser-yo.html?utm_source%3Dwhatsapp%26utm_medium%3Dshare_button&amp;id=1648118629957_whatsapp\" target=\"_blank\" data-action=\"share\/whatsapp\/share\" aria-label=\"Compartir en Whatsapp\" rel=\"nofollow noopener\"><\/a>Facebook<a id=\"fb-share\" href=\"#\" target=\"_blank\" rel=\"noopener noreferrer\" aria-label=\"Compartir en Facebook\"><\/a>Twitter<a href=\"https:\/\/twitter.com\/share?text=Lucas+%28Andy+y+Lucas%29+nos+cuenta+los+detalles+sobre+su+nueva+nariz%3A+%22Se+me+cayeron+dos+l%C3%A1grimas+cuando+la+vi%2C+vuelvo+a+ser+yo%22&amp;url=https:\/\/www.eleconomista.es\/informalia\/famosos\/noticias\/14010924\/08\/26\/lucas-andy-y-lucas-nos-cuenta-los-detalles-sobre-su-nueva-nariz-se-me-cayeron-dos-lagrimas-cuando-la-vi-vuelvo-a-ser-yo.html&amp;via=Informalia&amp;id=1648118839245_twitter\" target=\"_blank\" aria-label=\"Compartir en Twitter\" rel=\"nofollow noopener\"><\/a>Linkedin<a onclick=\"return abrirLinkedin();\" href=\"https:\/\/www.linkedin.com\/shareArticle?text=Lucas+%28Andy+y+Lucas%29+nos+cuenta+los+detalles+sobre+su+nueva+nariz%3A+%22Se+me+cayeron+dos+l%C3%A1grimas+cuando+la+vi%2C+vuelvo+a+ser+yo%22&amp;url=https:\/\/www.eleconomista.es\/informalia\/famosos\/noticias\/14010924\/08\/26\/lucas-andy-y-lucas-nos-cuenta-los-detalles-sobre-su-nueva-nariz-se-me-cayeron-dos-lagrimas-cuando-la-vi-vuelvo-a-ser-yo.html&amp;mini=true\" target=\"_blank\" aria-label=\"Compartir en linkedin\" rel=\"nofollow noopener\"><\/a>Beloud<a href=\"https:\/\/beloud.com\/share?text=Lucas+%28Andy+y+Lucas%29+nos+cuenta+los+detalles+sobre+su+nueva+nariz%3A+%22Se+me+cayeron+dos+l%C3%A1grimas+cuando+la+vi%2C+vuelvo+a+ser+yo%22&amp;url=https:\/\/www.eleconomista.es\/informalia\/famosos\/noticias\/14010924\/08\/26\/lucas-andy-y-lucas-nos-cuenta-los-detalles-sobre-su-nueva-nariz-se-me-cayeron-dos-lagrimas-cuando-la-vi-vuelvo-a-ser-yo.html&amp;via=Informalia&amp;id=1648118839245_beloud\" target=\"_blank\" aria-label=\"Compartir en beloud\" rel=\"nofollow noopener\"><\/a>Bluesky<a href=\"https:\/\/bsky.app\/intent\/compose?text=https:\/\/bsky.app\/intent\/compose?text=https:\/\/www.eleconomista.es\/informalia\/famosos\/noticias\/14010924\/08\/26\/lucas-andy-y-lucas-nos-cuenta-los-detalles-sobre-su-nueva-nariz-se-me-cayeron-dos-lagrimas-cuando-la-vi-vuelvo-a-ser-yo.html&amp;url=https:\/\/www.eleconomista.es\/informalia\/famosos\/noticias\/14010924\/08\/26\/lucas-andy-y-lucas-nos-cuenta-los-detalles-sobre-su-nueva-nariz-se-me-cayeron-dos-lagrimas-cuando-la-vi-vuelvo-a-ser-yo.html&amp;via=elEconomistaes&amp;id=1648118839245_bluesky\" target=\"_blank\" aria-label=\"Compartir en bluesky\" rel=\"nofollow noopener\"><\/a><\/p>\n<p><script async src=\"https:\/\/platform.twitter.com\/widgets.js\" charset=\"utf-8\"><\/script><\/p>\n","protected":false},"excerpt":{"rendered":"Una de las im\u00e1genes m\u00e1s esperadas de estas \u00faltimas semanas era la del cantante Lucas y su nueva&hellip;\n","protected":false},"author":2,"featured_media":741001,"comment_status":"","ping_status":"","sticky":false,"template":"","format":"standard","meta":{"footnotes":""},"categories":[174],"tags":[255,146,147,25,24,256,260,23],"class_list":["post-741000","post","type-post","status-publish","format-standard","has-post-thumbnail","category-famosos","tag-celebrities","tag-entertainment","tag-entretenimiento","tag-es","tag-espana","tag-famosos","tag-gente","tag-spain"],"share_on_mastodon":{"url":"https:\/\/pubeurope.com\/@es\/117192387231717984","error":""},"_links":{"self":[{"href":"https:\/\/www.europesays.com\/es\/wp-json\/wp\/v2\/posts\/741000","targetHints":{"allow":["GET"]}}],"collection":[{"href":"https:\/\/www.europesays.com\/es\/wp-json\/wp\/v2\/posts"}],"about":[{"href":"https:\/\/www.europesays.com\/es\/wp-json\/wp\/v2\/types\/post"}],"author":[{"embeddable":true,"href":"https:\/\/www.europesays.com\/es\/wp-json\/wp\/v2\/users\/2"}],"replies":[{"embeddable":true,"href":"https:\/\/www.europesays.com\/es\/wp-json\/wp\/v2\/comments?post=741000"}],"version-history":[{"count":0,"href":"https:\/\/www.europesays.com\/es\/wp-json\/wp\/v2\/posts\/741000\/revisions"}],"wp:featuredmedia":[{"embeddable":true,"href":"https:\/\/www.europesays.com\/es\/wp-json\/wp\/v2\/media\/741001"}],"wp:attachment":[{"href":"https:\/\/www.europesays.com\/es\/wp-json\/wp\/v2\/media?parent=741000"}],"wp:term":[{"taxonomy":"category","embeddable":true,"href":"https:\/\/www.europesays.com\/es\/wp-json\/wp\/v2\/categories?post=741000"},{"taxonomy":"post_tag","embeddable":true,"href":"https:\/\/www.europesays.com\/es\/wp-json\/wp\/v2\/tags?post=741000"}],"curies":[{"name":"wp","href":"https:\/\/api.w.org\/{rel}","templated":true}]}}