{"id":741012,"date":"2026-08-31T22:12:15","date_gmt":"2026-08-31T22:12:15","guid":{"rendered":"https:\/\/www.europesays.com\/es\/741012\/"},"modified":"2026-08-31T22:12:15","modified_gmt":"2026-08-31T22:12:15","slug":"team-one-cumple-12-anos-promoviendo-el-deporte-con-diabetes","status":"publish","type":"post","link":"https:\/\/www.europesays.com\/es\/741012\/","title":{"rendered":"Team One cumple 12 a\u00f1os promoviendo el deporte con diabetes"},"content":{"rendered":"<p class=\"PDq2pG_selectionAnchorContainer\" data-start=\"627\" data-end=\"1009\">La Asociaci\u00f3n Espa\u00f1ola para el Deporte con Diabetes Team One\u00a0ha celebrado su duod\u00e9cimo aniversario poniendo el foco en la actividad f\u00edsica, la educaci\u00f3n diabetol\u00f3gica y el acompa\u00f1amiento a las personas reci\u00e9n diagnosticadas. La entidad, fundada en 2014, prepara adem\u00e1s nuevas iniciativas de formaci\u00f3n y apoyo para la temporada 2026-2027. Fundada el 16 de agosto de 2014, la organizaci\u00f3n trabaja para fomentar la pr\u00e1ctica de actividad f\u00edsica y deporte entre las personas con diabetes y para dar visibilidad a quienes compatibilizan el manejo de esta condici\u00f3n con la pr\u00e1ctica deportiva.<\/p>\n<p data-start=\"1394\" data-end=\"1672\">Durante estos a\u00f1os, la asociaci\u00f3n asegura haber acompa\u00f1ado a deportistas con <strong data-start=\"1471\" data-end=\"1508\">diabetes tipo 1 y diabetes tipo 2<\/strong>, adem\u00e1s de familias y profesionales sanitarios, participando en pruebas deportivas de \u00e1mbito local, nacional e internacional.<\/p>\n<p data-start=\"1674\" data-end=\"1880\">El aniversario llega acompa\u00f1ado de una nueva hoja de ruta para el curso 2026-2027, en la que la organizaci\u00f3n quiere prestar especial atenci\u00f3n a las personas que acaban de recibir un diagn\u00f3stico de diabetes.<\/p>\n<p>Deporte y diabetes: formaci\u00f3n para practicar ejercicio con seguridad<\/p>\n<p data-start=\"1955\" data-end=\"2203\">La actividad f\u00edsica forma parte del manejo de la diabetes, pero practicar deporte implica conocer c\u00f3mo puede responder la glucosa al ejercicio y c\u00f3mo influyen factores como la intensidad y duraci\u00f3n de la actividad, la alimentaci\u00f3n o el tratamiento.<\/p>\n<p data-start=\"2205\" data-end=\"2362\">Precisamente por ello, uno de los objetivos anunciados por Team One para la nueva temporada ser\u00e1 reforzar la <strong data-start=\"2314\" data-end=\"2361\">educaci\u00f3n sobre diabetes y ejercicio f\u00edsico<\/strong>.<\/p>\n<p data-start=\"2364\" data-end=\"2720\">La asociaci\u00f3n prev\u00e9 organizar jornadas y seminarios online sobre gesti\u00f3n de la glucemia, nutrici\u00f3n y ejercicio estructurado en colaboraci\u00f3n con equipos sanitarios de endocrinolog\u00eda. Tambi\u00e9n plantea aumentar la presencia de sus deportistas en competiciones nacionales y ampliar su red de colaboraciones institucionales.<\/p>\n<p>M\u00e1s apoyo tras el diagn\u00f3stico de diabetes<\/p>\n<p data-start=\"2768\" data-end=\"2953\">Otra de las prioridades para 2026-2027 ser\u00e1 el denominado <strong data-start=\"2826\" data-end=\"2858\">\u201cacompa\u00f1amiento en el debut\u201d<\/strong>, es decir, el apoyo a las personas que han sido diagnosticadas recientemente y a sus familias.<\/p>\n<p data-start=\"2955\" data-end=\"3133\">Seg\u00fan los planes recogidos en la nota de prensa, Team One quiere reforzar sus programas de acogida y mentor\u00eda deportiva para este colectivo.<\/p>\n<p data-start=\"3135\" data-end=\"3474\">Este acompa\u00f1amiento puede resultar especialmente relevante en un momento en el que surgen numerosas dudas sobre la vida cotidiana y la pr\u00e1ctica de ejercicio. La propuesta de la asociaci\u00f3n busca incorporar el deporte dentro de ese proceso de adaptaci\u00f3n, junto con la educaci\u00f3n diabetol\u00f3gica y el seguimiento de los profesionales sanitarios.<\/p>\n<p>Team One y su reto de 12 kil\u00f3metros<\/p>\n<p data-start=\"3534\" data-end=\"3701\">Como parte de la conmemoraci\u00f3n, Team One organiz\u00f3 entre el <strong data-start=\"3593\" data-end=\"3625\">16 y el 23 de agosto de 2026<\/strong> el reto virtual <strong data-start=\"3642\" data-end=\"3670\">\u201c12 A\u00f1os, 12 Kil\u00f3metros\u201d<\/strong> a trav\u00e9s de su club en Strava.<\/p>\n<p data-start=\"3703\" data-end=\"3958\">La propuesta permit\u00eda completar los 12 kil\u00f3metros de una sola vez o acumularlos durante los diferentes d\u00edas del reto. Adem\u00e1s, no estaba limitada a una \u00fanica disciplina: pod\u00edan registrarse kil\u00f3metros realizados corriendo, en bicicleta, nadando o caminando.<\/p>\n<p data-start=\"3960\" data-end=\"4227\">La campa\u00f1a se acompa\u00f1\u00f3 en redes sociales de las etiquetas <strong data-start=\"4018\" data-end=\"4033\">#12A\u00f1osAEDD<\/strong> y <strong data-start=\"4036\" data-end=\"4060\">#TeamOneEnMovimiento<\/strong>, con las que la organizaci\u00f3n invit\u00f3 a los participantes a compartir su experiencia con el ejercicio y la gesti\u00f3n de la glucemia.<\/p>\n<p>Doce a\u00f1os de comunidad Team One<\/p>\n<p data-start=\"4256\" data-end=\"4605\">Team One define su misi\u00f3n como la promoci\u00f3n de la actividad f\u00edsica y el deporte como elementos importantes en el manejo de la diabetes. Para ello desarrolla actividades divulgativas, formaci\u00f3n, retos deportivos e iniciativas dirigidas a crear comunidad y mejorar la calidad de vida de las personas con diabetes.<\/p>\n<p data-start=\"4607\" data-end=\"4817\">Desde la presidencia y la junta directiva de la asociaci\u00f3n destacan que estos doce a\u00f1os han sido posibles gracias a la participaci\u00f3n de deportistas, familias, profesionales sanitarios y entidades colaboradoras.<\/p>\n<p data-start=\"4819\" data-end=\"5035\">El siguiente objetivo ser\u00e1 consolidar esa labor durante la temporada 2026-2027, combinando <strong data-start=\"4910\" data-end=\"4961\">deporte, educaci\u00f3n en diabetes y acompa\u00f1amiento<\/strong>, especialmente entre quienes se enfrentan por primera vez al diagn\u00f3stico.<\/p>\n<p data-start=\"5063\" data-end=\"5418\">La experiencia acumulada durante estos doce a\u00f1os refleja tambi\u00e9n un mensaje importante: tener diabetes no excluye de la pr\u00e1ctica deportiva. Sin embargo, especialmente cuando existe tratamiento con insulina u otros medicamentos que pueden provocar hipoglucemia, el ejercicio requiere educaci\u00f3n diabetol\u00f3gica, planificaci\u00f3n y una adaptaci\u00f3n individualizada.<\/p>\n<p data-start=\"5420\" data-end=\"5608\">La nueva etapa anunciada por Team One buscar\u00e1 precisamente reforzar ese conocimiento y facilitar que m\u00e1s personas con diabetes incorporen la actividad f\u00edsica a su vida de manera informada.<\/p>\n<p data-start=\"5420\" data-end=\"5608\">M\u00e1s info: <a href=\"https:\/\/www.team-one.es\" rel=\"nofollow noopener\" target=\"_blank\">https:\/\/www.team-one.es<\/a><\/p>\n","protected":false},"excerpt":{"rendered":"La Asociaci\u00f3n Espa\u00f1ola para el Deporte con Diabetes Team One\u00a0ha celebrado su duod\u00e9cimo aniversario poniendo el foco en&hellip;\n","protected":false},"author":2,"featured_media":741013,"comment_status":"","ping_status":"","sticky":false,"template":"","format":"standard","meta":{"footnotes":""},"categories":[81],"tags":[119,123,124,25,24,117,121,122,23,118,120],"class_list":["post-741012","post","type-post","status-publish","format-standard","has-post-thumbnail","category-ciencia-y-tecnologia","tag-ciencia","tag-ciencia-y-tecnologia","tag-cienciaytecnologia","tag-es","tag-espana","tag-science","tag-science-and-technology","tag-scienceandtechnology","tag-spain","tag-technology","tag-tecnologia"],"share_on_mastodon":{"url":"https:\/\/pubeurope.com\/@es\/117192421765666743","error":""},"_links":{"self":[{"href":"https:\/\/www.europesays.com\/es\/wp-json\/wp\/v2\/posts\/741012","targetHints":{"allow":["GET"]}}],"collection":[{"href":"https:\/\/www.europesays.com\/es\/wp-json\/wp\/v2\/posts"}],"about":[{"href":"https:\/\/www.europesays.com\/es\/wp-json\/wp\/v2\/types\/post"}],"author":[{"embeddable":true,"href":"https:\/\/www.europesays.com\/es\/wp-json\/wp\/v2\/users\/2"}],"replies":[{"embeddable":true,"href":"https:\/\/www.europesays.com\/es\/wp-json\/wp\/v2\/comments?post=741012"}],"version-history":[{"count":0,"href":"https:\/\/www.europesays.com\/es\/wp-json\/wp\/v2\/posts\/741012\/revisions"}],"wp:featuredmedia":[{"embeddable":true,"href":"https:\/\/www.europesays.com\/es\/wp-json\/wp\/v2\/media\/741013"}],"wp:attachment":[{"href":"https:\/\/www.europesays.com\/es\/wp-json\/wp\/v2\/media?parent=741012"}],"wp:term":[{"taxonomy":"category","embeddable":true,"href":"https:\/\/www.europesays.com\/es\/wp-json\/wp\/v2\/categories?post=741012"},{"taxonomy":"post_tag","embeddable":true,"href":"https:\/\/www.europesays.com\/es\/wp-json\/wp\/v2\/tags?post=741012"}],"curies":[{"name":"wp","href":"https:\/\/api.w.org\/{rel}","templated":true}]}}