{"id":741046,"date":"2026-08-31T22:39:14","date_gmt":"2026-08-31T22:39:14","guid":{"rendered":"https:\/\/www.europesays.com\/es\/741046\/"},"modified":"2026-08-31T22:39:14","modified_gmt":"2026-08-31T22:39:14","slug":"dimite-marta-tejero-directora-del-instituto-aragones-de-servicios-sociales","status":"publish","type":"post","link":"https:\/\/www.europesays.com\/es\/741046\/","title":{"rendered":"Dimite Marta Tejero, directora del Instituto Aragon\u00e9s de Servicios Sociales"},"content":{"rendered":"<p class=\"c-paragraph\">La directora gerente del Instituto Aragon\u00e9s de Servicios Sociales (IASS), M<b>arta Tejero, ha presentado este lunes, 31 de agosto, su dimisi\u00f3n <\/b>debido a motivos personales, tal y como ha informado el Ejecutivo auton\u00f3mico en un comunicado. El Departamento de Desregulaci\u00f3n, Bienestar Social y Familia del Gobierno de Arag\u00f3n, que dirige Alejandro Nolasco (Vox), ha agradecido a Tejero los servicios prestados durante el tiempo que ha estado al frente del IASS.<\/p>\n<p class=\"c-paragraph\">Seg\u00fan el citado organismo, la ya exdirectora gerente ha desarrollado una labor en aras a la mejora constante de los servicios sociales de la Comunidad. \u00abSu gesti\u00f3n fue fundamental para permitir el traslado de las personas mayores que tuvieron que ser desalojadas a consecuencia del <a href=\"https:\/\/www.heraldo.es\/noticias\/aragon\/2026\/07\/16\/los-residentes-desalojados-incendio-las-cinco-villas-pasan-su-primera-noche-zaragoza-estamos-muy-bien-atendidos-2037706.html\" title=\"Los residentes desalojados del incendio de las Cinco Villas pasan su primera noche en Zaragoza: &quot;Estamos muy bien atendidos&quot;\" rel=\"nofollow noopener\" target=\"_blank\">incendio forestal en las Cinco Villas a la residencia Mimara en Zaragoza<\/a>, de titularidad privada, en Zaragoza durante el pasado mes de julio\u00bb, ha se\u00f1alado el comunicado<\/p>\n<p class=\"c-paragraph\">Desde el 3 de octubre de 2025 hasta ser nombrada directora general del Instituto Aragon\u00e9s de Servicios Sociales, Marta Tejero ocupaba el puesto de jefa de servicio de Atenci\u00f3n a la Infancia y Adolescencia de Arag\u00f3n.\u00a0Asimismo fue docente en el grado de Psicolog\u00eda en la Universidad San Jorge hasta este mismo curso.<\/p>\n<p class=\"c-paragraph\">En el curr\u00edculum publicado con motivo de su nombramiento por la DGA figura que Tejero cuenta con m\u00e1s de catorce a\u00f1os de experiencia en la Administraci\u00f3n P\u00fablica. Y que tambi\u00e9n <b>ejerci\u00f3 como psic\u00f3loga en el Ayuntamiento de Zaragoza, en el \u00e1mbito de los Servicios Sociales Generales.<\/b><\/p>\n","protected":false},"excerpt":{"rendered":"La directora gerente del Instituto Aragon\u00e9s de Servicios Sociales (IASS), Marta Tejero, ha presentado este lunes, 31 de&hellip;\n","protected":false},"author":2,"featured_media":741047,"comment_status":"","ping_status":"","sticky":false,"template":"","format":"standard","meta":{"footnotes":""},"categories":[8],"tags":[4499,17,18,11723,25,24,13,14,11,131520,19,20,131519,9,10,15,16,19497,23,12,21,22,624],"class_list":["post-741046","post","type-post","status-publish","format-standard","has-post-thumbnail","category-espana","tag-aragon","tag-breaking-news","tag-breakingnews","tag-dimision","tag-es","tag-espana","tag-featured-news","tag-featurednews","tag-headlines","tag-iass","tag-latest-news","tag-latestnews","tag-marta-tejero","tag-news","tag-noticias","tag-noticias-destacadas","tag-noticiasdestacadas","tag-servicios-sociales","tag-spain","tag-titulares","tag-ultimas-noticias","tag-ultimasnoticias","tag-vox"],"share_on_mastodon":{"url":"https:\/\/pubeurope.com\/@es\/117192527992413035","error":""},"_links":{"self":[{"href":"https:\/\/www.europesays.com\/es\/wp-json\/wp\/v2\/posts\/741046","targetHints":{"allow":["GET"]}}],"collection":[{"href":"https:\/\/www.europesays.com\/es\/wp-json\/wp\/v2\/posts"}],"about":[{"href":"https:\/\/www.europesays.com\/es\/wp-json\/wp\/v2\/types\/post"}],"author":[{"embeddable":true,"href":"https:\/\/www.europesays.com\/es\/wp-json\/wp\/v2\/users\/2"}],"replies":[{"embeddable":true,"href":"https:\/\/www.europesays.com\/es\/wp-json\/wp\/v2\/comments?post=741046"}],"version-history":[{"count":0,"href":"https:\/\/www.europesays.com\/es\/wp-json\/wp\/v2\/posts\/741046\/revisions"}],"wp:featuredmedia":[{"embeddable":true,"href":"https:\/\/www.europesays.com\/es\/wp-json\/wp\/v2\/media\/741047"}],"wp:attachment":[{"href":"https:\/\/www.europesays.com\/es\/wp-json\/wp\/v2\/media?parent=741046"}],"wp:term":[{"taxonomy":"category","embeddable":true,"href":"https:\/\/www.europesays.com\/es\/wp-json\/wp\/v2\/categories?post=741046"},{"taxonomy":"post_tag","embeddable":true,"href":"https:\/\/www.europesays.com\/es\/wp-json\/wp\/v2\/tags?post=741046"}],"curies":[{"name":"wp","href":"https:\/\/api.w.org\/{rel}","templated":true}]}}