{"id":741066,"date":"2026-08-31T22:59:19","date_gmt":"2026-08-31T22:59:19","guid":{"rendered":"https:\/\/www.europesays.com\/es\/741066\/"},"modified":"2026-08-31T22:59:19","modified_gmt":"2026-08-31T22:59:19","slug":"colores-del-iphone-18-pro-estos-serian-los-tonos-de-2026","status":"publish","type":"post","link":"https:\/\/www.europesays.com\/es\/741066\/","title":{"rendered":"Colores del iPhone 18 Pro: estos ser\u00edan los tonos de 2026"},"content":{"rendered":"<p>Mientras los iPhone 18 Pro y <a href=\"https:\/\/revistamercado.do\/technology\/devices\/en-que-colores-saldra-el-iphone-18-pro-max-las-filtraciones-del-nuevo-celular\/\" rel=\"nofollow noopener\" target=\"_blank\">iPhone 18 Pro Max<\/a> se perfilan como los protagonistas de la presentaci\u00f3n, <strong>el modelo est\u00e1ndar tendr\u00eda que esperar hasta 2027.<\/strong> Y aunque todav\u00eda falta la confirmaci\u00f3n oficial de Apple, uno de los detalles que m\u00e1s conversaci\u00f3n ha generado alrededor de los pr\u00f3ximos tel\u00e9fonos es, precisamente, su apariencia.<\/p>\n<p style=\"text-align: center;\"><strong>Te puede interesar: <a href=\"https:\/\/revistamercado.do\/business\/wearables-salud-apple-google-oura\/\" rel=\"nofollow noopener\" target=\"_blank\">Apple, Google y Oura llevan los wearables m\u00e1s all\u00e1 del fitness: \u00bfqu\u00e9 buscan en el negocio de la salud?<\/a><\/strong><\/p>\n<p>La compa\u00f1\u00eda todav\u00eda no ha confirmado oficialmente las tonalidades, pero las filtraciones m\u00e1s recientes apuntan a una paleta que combina un rojo cereza oscuro con opciones m\u00e1s cl\u00e1sicas como plata, gris y azul claro.<\/p>\n<p> Dark Cherry, el nuevo color que quiere llamar la atenci\u00f3n <\/p>\n<p><strong>La tonalidad que m\u00e1s se repite en las filtraciones es Dark Cherry,<\/strong> un rojo oscuro que se aleja bastante de los tonos intensos y brillantes. Las descripciones que han circulado lo sit\u00faan entre el vino, el borgo\u00f1a y algunos matices cercanos al p\u00farpura y al caf\u00e9.<\/p>\n<p>La elecci\u00f3n no ser\u00eda casual. Apple sorprendi\u00f3 con <strong>el Cosmic Orange en los iPhone 17 Pro y Pro Max,<\/strong> dejando atr\u00e1s durante una generaci\u00f3n la habitual combinaci\u00f3n de colores discretos en sus tel\u00e9fonos profesionales. Para 2026, la apuesta parece ser nuevamente por una tonalidad distintiva, aunque mucho m\u00e1s sobria.<\/p>\n<p>De acuerdo con la informaci\u00f3n que <strong>ha circulado durante los \u00faltimos meses<\/strong>, Dark Cherry ser\u00eda el acabado elegido como color protagonista para la comunicaci\u00f3n de los nuevos modelos Pro.<\/p>\n<p style=\"text-align: center;\"><strong>Te puede interesar: <a href=\"https:\/\/revistamercado.do\/technology\/devices\/dilema-para-los-fans-de-apple-por-que-las-filtraciones-del-iphone-18-pro-invitan-a-no-renovar-este-ano\/\" rel=\"nofollow noopener\" target=\"_blank\">Dilema para los fans de Apple: Por qu\u00e9 las filtraciones del iPhone 18 Pro invitan a no renovar este a\u00f1o<\/a><\/strong><\/p>\n<p> Cuatro opciones estar\u00edan sobre la mesa <\/p>\n<p>Las filtraciones m\u00e1s detalladas hablan de cuatro colores para <strong>el iPhone 18 Pro y el iPhone 18 Pro Max. Se trata de Dark Cherry, Light Blue, Dark Gray y Silver.<\/strong><\/p>\n<p>El azul claro ser\u00eda una de las opciones m\u00e1s suaves de la propuesta. Su apariencia ha sido comparada con el tono Mist Blue utilizado en la generaci\u00f3n anterior, mientras que el gris oscuro recuperar\u00eda una est\u00e9tica mucho m\u00e1s tradicional dentro de la familia Pro.<\/p>\n<p>La plata, por su parte, representar\u00eda la alternativa m\u00e1s cl\u00e1sica de todas. Es un acabado que encaja f\u00e1cilmente con el lenguaje visual que Apple ha utilizado durante a\u00f1os en sus modelos de gama alta.<\/p>\n<p>En conjunto, la propuesta resulta interesante porque mezcla dos tendencias diferentes. Por un lado, un color mucho m\u00e1s expresivo como <strong>Dark Cherry; por otro, tres opciones capaces de atraer a quienes prefieren un tel\u00e9fono m\u00e1s discreto.<\/strong><\/p>\n<p> \u00bfY el iPhone 18 normal? <\/p>\n<p>Aqu\u00ed es donde conviene hacer una pausa. Aunque el nombre<strong> iPhone 18 aparece constantemente en las b\u00fasquedas y conversaciones sobre la nueva generaci\u00f3n, el modelo est\u00e1ndar no ser\u00eda uno de los protagonistas del evento de septiembre.<\/strong><\/p>\n<p>La estrategia de Apple cambiar\u00eda este a\u00f1o. En lugar de presentar simult\u00e1neamente todas las versiones de una generaci\u00f3n, la compa\u00f1\u00eda estar\u00eda preparando primero el lanzamiento de los modelos premium <strong>iPhone 18 Pro y iPhone 18 Pro Max, para despu\u00e9s llevar el iPhone 18<\/strong> est\u00e1ndar al mercado durante la primera mitad de 2027. Tambi\u00e9n se espera la llegada de otros modelos, entre ellos un nuevo iPhone de entrada y una segunda generaci\u00f3n del iPhone Air.<\/p>\n<p> Un detalle que todav\u00eda puede cambiar <\/p>\n<p>Aunque los cuatro colores mencionados han aparecido en diferentes reportes, todav\u00eda no existe una confirmaci\u00f3n definitiva por parte de Apple. En mayo, incluso circularon im\u00e1genes de unidades ficticias que mostraban supuestamente los acabados<strong> Light Blue, Black, Silver y Dark Cherry<\/strong>. Sin embargo, posteriormente se mantuvo abierta la posibilidad de que la compa\u00f1\u00eda realice cambios antes de cerrar definitivamente la producci\u00f3n.<\/p>\n<p>El negro y el gris oscuro, de hecho, han aparecido de manera intercambiable en distintas filtraciones. Esta diferencia entre los reportes es una se\u00f1al de que la selecci\u00f3n final de colores todav\u00eda podr\u00eda variar antes de la presentaci\u00f3n oficial.<\/p>\n<p style=\"text-align: center;\"><strong>Te puede interesar: <a href=\"https:\/\/revistamercado.do\/technology\/devices\/cuanto-costara-el-iphone-plegable-de-apple-esto-dicen-las-filtraciones\/\" rel=\"nofollow noopener\" target=\"_blank\">\u00bfCu\u00e1nto costar\u00e1 el iPhone plegable de Apple? Esto dicen las filtraciones<\/a><\/strong><\/p>\n<p> La respuesta llegar\u00e1 en septiembre <\/p>\n<p>La inc\u00f3gnita podr\u00eda despejarse muy pronto. Apple ya confirm\u00f3 que su pr\u00f3ximo gran evento <strong>se celebrar\u00e1 el 9 de septiembre, bajo el lema \u201cSurprise and shine\u201d<\/strong>. All\u00ed se espera la presentaci\u00f3n de los nuevos<strong> iPhone 18 Pro y Pro Max<\/strong>, adem\u00e1s de otros productos que podr\u00edan convertir esta presentaci\u00f3n en uno de los lanzamientos m\u00e1s particulares de la compa\u00f1\u00eda en los \u00faltimos a\u00f1os.<\/p>\n<p>Hasta entonces, Dark Cherry se mantiene como uno de los detalles que m\u00e1s expectativas ha generado. Si las filtraciones terminan acertando, Apple volver\u00eda a apostar por un color distintivo para sus modelos Pro, aunque esta vez con una propuesta mucho m\u00e1s sobria y elegante.<\/p>\n<p><strong><\/p>\n<p><a href=\"https:\/\/revistamercado.do\/suscribe\" target=\"_self\" class=\"boton-suscribete-articulos\" rel=\"nofollow noopener\">Suscr\u00edbete a la revista<\/a> y <a href=\"https:\/\/revistamercado.do\/mercado-newsletter\" target=\"_self\" rel=\"nofollow noopener\">reg\u00edstrate a nuestros newsletters<\/a> para recibir el mejor contenido en tu buz\u00f3n de entrada.<\/p>\n<p><\/strong><\/p>\n","protected":false},"excerpt":{"rendered":"Mientras los iPhone 18 Pro y iPhone 18 Pro Max se perfilan como los protagonistas de la presentaci\u00f3n,&hellip;\n","protected":false},"author":2,"featured_media":741067,"comment_status":"","ping_status":"","sticky":false,"template":"","format":"standard","meta":{"footnotes":""},"categories":[81],"tags":[119,123,124,131522,25,24,117,121,122,23,118,120],"class_list":["post-741066","post","type-post","status-publish","format-standard","has-post-thumbnail","category-ciencia-y-tecnologia","tag-ciencia","tag-ciencia-y-tecnologia","tag-cienciaytecnologia","tag-colores-del-iphone-18-pro","tag-es","tag-espana","tag-science","tag-science-and-technology","tag-scienceandtechnology","tag-spain","tag-technology","tag-tecnologia"],"share_on_mastodon":{"url":"https:\/\/pubeurope.com\/@es\/117192606811578076","error":""},"_links":{"self":[{"href":"https:\/\/www.europesays.com\/es\/wp-json\/wp\/v2\/posts\/741066","targetHints":{"allow":["GET"]}}],"collection":[{"href":"https:\/\/www.europesays.com\/es\/wp-json\/wp\/v2\/posts"}],"about":[{"href":"https:\/\/www.europesays.com\/es\/wp-json\/wp\/v2\/types\/post"}],"author":[{"embeddable":true,"href":"https:\/\/www.europesays.com\/es\/wp-json\/wp\/v2\/users\/2"}],"replies":[{"embeddable":true,"href":"https:\/\/www.europesays.com\/es\/wp-json\/wp\/v2\/comments?post=741066"}],"version-history":[{"count":0,"href":"https:\/\/www.europesays.com\/es\/wp-json\/wp\/v2\/posts\/741066\/revisions"}],"wp:featuredmedia":[{"embeddable":true,"href":"https:\/\/www.europesays.com\/es\/wp-json\/wp\/v2\/media\/741067"}],"wp:attachment":[{"href":"https:\/\/www.europesays.com\/es\/wp-json\/wp\/v2\/media?parent=741066"}],"wp:term":[{"taxonomy":"category","embeddable":true,"href":"https:\/\/www.europesays.com\/es\/wp-json\/wp\/v2\/categories?post=741066"},{"taxonomy":"post_tag","embeddable":true,"href":"https:\/\/www.europesays.com\/es\/wp-json\/wp\/v2\/tags?post=741066"}],"curies":[{"name":"wp","href":"https:\/\/api.w.org\/{rel}","templated":true}]}}