{"id":741082,"date":"2026-08-31T23:14:14","date_gmt":"2026-08-31T23:14:14","guid":{"rendered":"https:\/\/www.europesays.com\/es\/741082\/"},"modified":"2026-08-31T23:14:14","modified_gmt":"2026-08-31T23:14:14","slug":"el-edificio-de-salmona-donde-modificaron-una-escalera-esta-protegido-desde-2010-planos-originales-resolucion-y-la-advertencia-sobre-intervenciones","status":"publish","type":"post","link":"https:\/\/www.europesays.com\/es\/741082\/","title":{"rendered":"El edificio de Salmona donde modificaron una escalera est\u00e1 protegido desde 2010: planos originales, resoluci\u00f3n y la advertencia sobre intervenciones"},"content":{"rendered":"<p>El estudio de dise\u00f1o Deconama public\u00f3 un video con el antes y el despu\u00e9s de la remodelaci\u00f3n de un apartamento en Bogot\u00e1. En las im\u00e1genes, el equipo retira y cambia de direcci\u00f3n parte de una escalera de la obra original de Rogelio Salmona y la reemplaza por una de madera, cemento y vidrio, con barandas transparentes y luces led. El registro se volvi\u00f3 viral y puso a discutir hasta d\u00f3nde puede intervenir una vivienda quien habita un inmueble patrimonial.<\/p>\n<p>El apartamento est\u00e1 en el <b>Edificio Altos de Santa Ana, sobre los cerros orientales de Usaqu\u00e9n<\/b>, seg\u00fan estableci\u00f3 este diario tras las declaraciones del IDPC. La resoluci\u00f3n registra ese predio en la carrera 5 con 109.<\/p>\n<p>El inmueble, a diferencia de otros de la zona, tiene una <b>declaratoria de patrimonio<\/b>. La Secretar\u00eda Distrital de Planeaci\u00f3n lo declar\u00f3 <b>Bien de Inter\u00e9s Cultural del \u00e1mbito distrital en 2010<\/b>, en categor\u00eda de <b>conservaci\u00f3n tipol\u00f3gica<\/b>, una figura que obliga a conservar el tipo arquitect\u00f3nico del edificio.\u00a0<\/p>\n<p class=\"c-cuerpo__media__txt\">Escaleras de Rogelio Salmona Foto:Redes sociales<\/p>\n<p>Esta ma\u00f1ana, en declaraciones a medios, el director del Instituto Distrital de Patrimonio Cultural, <b>Diego Parra<\/b>, asegur\u00f3 que esa protecci\u00f3n <b>cubre las circulaciones, los espacios, las fachadas y las escaleras<\/b>, incluidas las internas.<\/p>\n<p>Ante el hecho, el IDPC <b>abri\u00f3 una investigaci\u00f3n<\/b> contra los propietarios del apartamento y contra quienes ejecutaron la obra, y advirti\u00f3 que el caso puede terminar en <b>sanci\u00f3n econ\u00f3mica<\/b> y en la <b>orden de reconstruir la escalera<\/b> con base en los <b>planos originales<\/b>, que el instituto conserva.<\/p>\n<p>Lo que dice la <b>resoluci\u00f3n<\/b> y la <b>advertencia sobre intervenciones<\/b><\/p>\n<p>El acto que declar\u00f3 el edificio es la <b>Resoluci\u00f3n 2043 del 16 de noviembre de 2010<\/b>, firmada por la entonces secretaria de Planeaci\u00f3n, <b>Mar\u00eda Camila Uribe S\u00e1nchez<\/b>. La competencia para declarar patrimonio distrital estuvo en esa entidad hasta 2015, cuando pas\u00f3 a la <b>Secretar\u00eda de Cultura<\/b>.\u00a0<\/p>\n<p>En el inventario que hoy administran el IDPC y el Catastro Distrital, el edificio aparece con la <b>ficha 0084083707<\/b>, en la categor\u00eda de <b>conservaci\u00f3n tipol\u00f3gica<\/b> que corresponde al <b>nivel 2 de intervenci\u00f3n<\/b>.<\/p>\n<p>La <b>Unidad de Datos<\/b> rastre\u00f3 ese documento y estableci\u00f3, sin embargo, que la <b>declaratoria ven\u00eda de a\u00f1os atr\u00e1s<\/b>.\u00a0<\/p>\n<p class=\"c-cuerpo__media__txt\">Resoluci\u00f3n 2043 del 2010 &#8211; Bogot\u00e1 Foto:EL TIEMPO<\/p>\n<p>El <b>Decreto Distrital 490 de 2007<\/b> orden\u00f3 estudiar la <b>obra de Salmona<\/b> para sumarla al inventario de patrimonio de la ciudad y la Resoluci\u00f3n 2043 ejecut\u00f3 parte de ese encargo. En un mismo acto, el Distrito protegi\u00f3 un <b>grupo de trabajos del arquitecto en Bogot\u00e1<\/b>, entre ellos la Casa G\u00f3mez, el Edificio El Museo, la Casa Puente, el Edificio El Pinar, el Gimnasio La Fontana y la Casa Altos del Chic\u00f3.<\/p>\n<p>Para 2010, el <b>Consejo Asesor de Patrimonio<\/b> recomend\u00f3 la declaratoria porque el edificio cumple dos de los siete <b>criterios de calificaci\u00f3n<\/b> del Plan de Ordenamiento: el tercero, que lo describe como un ejemplo culturalmente importante de un tipo de edificaci\u00f3n; y el sexto, al ser un ejemplo destacado de la obra de un arquitecto de trayectoria reconocida en el pa\u00eds o fuera de \u00e9l. Y agrega que el inmueble no necesita un <b>Plan Especial de Manejo y Protecci\u00f3n<\/b>.<\/p>\n<p>El mismo texto trae un antecedente directo del caso actual. En 2010, la resoluci\u00f3n ya registraba <b>intervenciones previas<\/b> en el edificio, el cierre parcial de terrazas, la instalaci\u00f3n de vidrios en balcones y la conexi\u00f3n de redes de gas y calentadores. El acto <b>admite cambios de acabados al interior<\/b>, sobre todo en cocinas y ba\u00f1os, y deja fuera de ese margen los <b>elementos que definen el tipo del edificio<\/b>. Ah\u00ed queda el punto que revive la remodelaci\u00f3n conocida el fin de semana.<\/p>\n<p>\u00abLa edificaci\u00f3n se encuentra en buen estado de conservaci\u00f3n salvo por manchas en fachadas resultado de la no aplicaci\u00f3n o aplicaci\u00f3n insuficiente de un hidro repelente. <b>La mayor parte del deterioro puede atribuirse a intervenciones deliberadas y err\u00f3neas<\/b> como la aplicaci\u00f3n de ceras o lacas a pisos y fachadas en ladrillo (productos que impiden la adecuada respiraci\u00f3n del material arcilloso). Adem\u00e1s de las intervenciones inadecuadas anteriormente referidas, cabe mencionar el <b>cierre parcial de terrazas<\/b>, la instalaci\u00f3n de vidrios en balcones y la posterior instalaci\u00f3n de redes de gas y calentadores. Las intervenciones hacia exteriores son por fortuna moderadas. Al interior pueden asumirse <b>cambios en acabados<\/b> particularmente para cocinas y ba\u00f1os\u00bb, se lee en el registro.<\/p>\n<p>El documento incluye incluso una curiosidad de archivo. La propia resoluci\u00f3n alterna las <b>dos graf\u00edas del nombre<\/b>, aunque corresponde a la misma direcci\u00f3n. El cuerpo del acto lo llama <b>Altos de Santa Ana<\/b> y la tabla de declaratoria lo escribe <b>Altos de Santana<\/b>, la forma que usan la prensa y la <b>Fundaci\u00f3n Rogelio Salmona<\/b>.<\/p>\n<p>Qu\u00e9 permite la <b>norma<\/b> y <b>qu\u00e9 viene ahora<\/b><\/p>\n<p>En un Bien de Inter\u00e9s Cultural del \u00e1mbito distrital, cualquier obra exige <b>concepto t\u00e9cnico del IDPC y licencia<\/b> antes de empezar. La discusi\u00f3n que abri\u00f3 el video gira sobre si esos permisos se tramitaron. El instituto guarda los <b>planos y las memorias originales<\/b> de Salmona, un archivo que le permite pedir la <b>reconstrucci\u00f3n de la escalera<\/b> tal como era y revisar las dem\u00e1s intervenciones del apartamento.<\/p>\n<p class=\"c-cuerpo__media__txt\">Plano edificio Santa Ana &#8211; Salmona &#8211; Bogot\u00e1 Foto:EL TIEMPO<\/p>\n<p>La protecci\u00f3n tambi\u00e9n trae <b>beneficios para el propietario<\/b>. La norma distrital contempla la <b>equiparaci\u00f3n al estrato uno<\/b> para el pago de servicios p\u00fablicos en vivienda, una <b>exenci\u00f3n parcial del impuesto predial<\/b> y la liberaci\u00f3n de cuotas de parqueadero y equipamiento comunal.<\/p>\n<p class=\"c-cuerpo__media__txt\">Edificio Santa Ana &#8211; Planos de Salmona &#8211; Bogot\u00e1 Foto:EL TIEMPO<\/p>\n<p>Con ese marco, el IDPC abri\u00f3 la <b>investigaci\u00f3n contra los propietarios<\/b> y contra quienes hicieron la obra. Parra explic\u00f3 que el caso puede terminar en una <b>sanci\u00f3n econ\u00f3mica<\/b> y en la <b>orden de restituir lo demolido<\/b>. El alcance de esa restituci\u00f3n no se agota en la escalera, porque la revisi\u00f3n cobija las dem\u00e1s intervenciones que se hayan hecho en el inmueble durante la remodelaci\u00f3n.<\/p>\n<p><b>Deconama<\/b> defendi\u00f3 su trabajo en el mismo video que lo dio a conocer. El estudio sostuvo que el apartamento resultaba demasiado oscuro, que la escalera bloqueaba la entrada de luz y que <b>redise\u00f1arla mejor\u00f3 la vida<\/b> de quienes lo habitan. El equipo enmarc\u00f3 la decisi\u00f3n como parte de su oficio, entre conservar y atreverse a transformar, y explic\u00f3 que la <b>escalera nueva, con barandas transparentes<\/b>, buscaba dejar pasar la luz por todo el recorrido. Hasta el momento de publicaci\u00f3n de este art\u00edculo no se ha pronunciado.<\/p>\n<p>La <b>obra y los planos<\/b><\/p>\n<p>Salmona proyect\u00f3 Altos de Santa Ana entre <b>1986 y 1990<\/b>, en un lote de alta pendiente sobre los cerros. El edificio contempla <b>15 apartamentos<\/b>, 12 d\u00faplex y 3 de tres niveles, en un <b>volumen escalonado<\/b>. Los dos primeros pisos tienen los estacionamientos y las \u00e1reas comunes, y el corte del edificio abre grandes terrazas. La obra suma <b>4.172 metros cuadrados<\/b>.<\/p>\n<p class=\"c-cuerpo__media__txt\">Edificio Santa Ana &#8211; Planos de Salmona &#8211; Bogot\u00e1 &#8211; Fachada sur Foto:EL TIEMPO<\/p>\n<p>La resoluci\u00f3n describe c\u00f3mo el arquitecto ajust\u00f3 el proyecto a las <b>condiciones del terreno<\/b> y orden\u00f3 cada franja del edificio con usos distintos, comedores, salones y bibliotecas, alrededor de los <b>buitrones o conductos de las chimeneas<\/b>.\u00a0<\/p>\n<p>Salmona es una de las figuras mayores de la arquitectura colombiana. Recibi\u00f3 la <b>Medalla Alvar Aalto<\/b> para el periodo 2003 y 2004, la distinci\u00f3n internacional m\u00e1s alta que ha obtenido un arquitecto del pa\u00eds. Otros trabajos suyos integran la <b>candidatura de su legado ante la Unesco<\/b>, entre ellos las Torres del Parque, el Archivo General de la Naci\u00f3n, el Edificio de Posgrados de Ciencias Humanas de la Universidad Nacional y el Parque Biblioteca Virgilio Barco. Altos de Santa Ana queda por fuera de ese grupo y su protecci\u00f3n es la de un <b>Bien de Inter\u00e9s Cultural distrital<\/b>.<\/p>\n<p><b>UNIDAD DE DATOS<\/b><\/p>\n","protected":false},"excerpt":{"rendered":"El estudio de dise\u00f1o Deconama public\u00f3 un video con el antes y el despu\u00e9s de la remodelaci\u00f3n de&hellip;\n","protected":false},"author":2,"featured_media":741083,"comment_status":"","ping_status":"","sticky":false,"template":"","format":"standard","meta":{"footnotes":""},"categories":[173],"tags":[229,233,231,230,3008,232,234,3169,1155,158,146,147,25,24,131523,23],"class_list":["post-741082","post","type-post","status-publish","format-standard","has-post-thumbnail","category-arte-y-diseno","tag-arte","tag-arte-y-diseno","tag-arts","tag-arts-and-design","tag-de","tag-design","tag-diseno","tag-donde","tag-edificio","tag-el","tag-entertainment","tag-entretenimiento","tag-es","tag-espana","tag-salmona","tag-spain"],"share_on_mastodon":{"url":"https:\/\/pubeurope.com\/@es\/117192665823098102","error":""},"_links":{"self":[{"href":"https:\/\/www.europesays.com\/es\/wp-json\/wp\/v2\/posts\/741082","targetHints":{"allow":["GET"]}}],"collection":[{"href":"https:\/\/www.europesays.com\/es\/wp-json\/wp\/v2\/posts"}],"about":[{"href":"https:\/\/www.europesays.com\/es\/wp-json\/wp\/v2\/types\/post"}],"author":[{"embeddable":true,"href":"https:\/\/www.europesays.com\/es\/wp-json\/wp\/v2\/users\/2"}],"replies":[{"embeddable":true,"href":"https:\/\/www.europesays.com\/es\/wp-json\/wp\/v2\/comments?post=741082"}],"version-history":[{"count":0,"href":"https:\/\/www.europesays.com\/es\/wp-json\/wp\/v2\/posts\/741082\/revisions"}],"wp:featuredmedia":[{"embeddable":true,"href":"https:\/\/www.europesays.com\/es\/wp-json\/wp\/v2\/media\/741083"}],"wp:attachment":[{"href":"https:\/\/www.europesays.com\/es\/wp-json\/wp\/v2\/media?parent=741082"}],"wp:term":[{"taxonomy":"category","embeddable":true,"href":"https:\/\/www.europesays.com\/es\/wp-json\/wp\/v2\/categories?post=741082"},{"taxonomy":"post_tag","embeddable":true,"href":"https:\/\/www.europesays.com\/es\/wp-json\/wp\/v2\/tags?post=741082"}],"curies":[{"name":"wp","href":"https:\/\/api.w.org\/{rel}","templated":true}]}}